{"id":10562,"date":"2022-09-01T09:21:56","date_gmt":"2022-09-01T07:21:56","guid":{"rendered":"https:\/\/outilstice.com\/?p=10562"},"modified":"2022-09-01T09:27:30","modified_gmt":"2022-09-01T07:27:30","slug":"les-enseignes-doivent-sinscrire-dans-une-action-ethique-responsable-jean-van-caeneghem","status":"publish","type":"post","link":"https:\/\/outilstice.com\/en\/2022\/09\/les-enseignes-doivent-sinscrire-dans-une-action-ethique-responsable-jean-van-caeneghem\/","title":{"rendered":"Signs must be part of an ethical and responsible action. Jean Van Caeneghem \u2013 Ekoya"},"content":{"rendered":"<p><a href=\"https:\/\/www.ekoya.fr\/register\/?outilstice\" target=\"_blank\" rel=\"noopener\"><strong>EKOYA<\/strong><\/a>, originally Club CAMIF, was <strong>created in 1993 by and for the educational community<\/strong>. There is no works council for national education staff.\u00a0 Discounts negotiated by EKOYA for teachers on leisure, culture and cars compensate for their absence.<\/p>\n<p>Supply has expanded in recent years to cover more sectors (house, equipment, services, \u2026 holidays). <a href=\"https:\/\/outilstice.com\/2022\/09\/club-ekoya-offres-et-reductions-pour-les-enseignants\/\" target=\"_blank\" rel=\"noopener\">Discover the EKOYA club and how it works<\/a>. <span style=\"font-family: -apple-system, BlinkMacSystemFont, 'Segoe UI', Roboto, Oxygen-Sans, Ubuntu, Cantarell, 'Helvetica Neue', sans-serif;\">EKOYA has also strengthened its commitment by participating in the financing of inclusive projects.<\/span><\/p>\n<p><strong>Jean Van Caeneghem is Associate Director of EKOYA<\/strong>. He answered questions from\u00a0<a href=\"https:\/\/www.linkedin.com\/in\/navamuel\/\" target=\"_blank\" rel=\"noopener\">Fidel Navamuel <\/a>.<\/p>\n<p><img loading=\"lazy\" decoding=\"async\" class=\"alignnone wp-image-10563 aligncenter\" src=\"https:\/\/outilstice.com\/wp-content\/uploads\/2022\/09\/Jean-Van-Caeneghem-1024x576.png\" alt=\"Van Caeneghem\" width=\"652\" height=\"367\" srcset=\"https:\/\/outilstice.com\/wp-content\/uploads\/2022\/09\/Jean-Van-Caeneghem-1024x576.png 1024w, https:\/\/outilstice.com\/wp-content\/uploads\/2022\/09\/Jean-Van-Caeneghem-300x169.png 300w, https:\/\/outilstice.com\/wp-content\/uploads\/2022\/09\/Jean-Van-Caeneghem-768x432.png 768w, https:\/\/outilstice.com\/wp-content\/uploads\/2022\/09\/Jean-Van-Caeneghem-1536x864.png 1536w, https:\/\/outilstice.com\/wp-content\/uploads\/2022\/09\/Jean-Van-Caeneghem.png 1920w\" sizes=\"(max-width: 652px) 100vw, 652px\" \/><\/p>\n<p><em><strong>A few words about your journey and what led you to create Ekoya \u2026<\/strong><\/em><\/p>\n<p>I am the son of a teacher, my mother was a school teacher.<\/p>\n<p>I fell into the pot when I was little!\u00a0\ud83d\ude0a<\/p>\n<p>I found in the CAMIF universe values that were eco-friendly with my personal convictions. Bruno (my partner in this adventure) also had this journey. This is what motivated us to resume this activity in 2018.<\/p>\n<p>A company has a social responsibility and its action must be based on real values. I stress the sincerity of the commitment. As regards Ekoya, solidarity, inclusion \u2026 have been part of the club\u2019s DNA since its inception.<\/p>\n<p><em><strong>Ekoya in a few figures?<\/strong><\/em><\/p>\n<p>EKOYA 350,000 members from the educational community, 190 partner brands, 30 years in 2023, 10 employees dedicated to the community, \u20ac35,000 distributed to schools to enable the implementation of inclusive projects.<\/p>\n<p><em><strong>Where does the name Ekoya come from?<\/strong><\/em><\/p>\n<p>This name comes from workshops conducted with EKOYA members in 2016. We wanted to translate the idea of travel (which is the historical activity), culture, education. The name evokes the sequoia for the great outdoors, Eko for the economics, \u2026 school<\/p>\n<p>3 groups came together for creativity workshops. A great moment of exchange!<\/p>\n<p><em><strong>What interest does a teacher have in registering on Ekoya?<\/strong><\/em><\/p>\n<p>The Club is free, offers great savings, you can act on the content (offers and blog), you can suggest developments, brand choices, you are guided by the Ekoya team in your choices of offers and if necessary, the team can facilitate the relationship with partner brands. We are in direct contact with them.<\/p>\n<p><em><strong>Teachers are often said to be demanding consumers, do you think so?<\/strong><\/em><\/p>\n<p>The teaching community expresses strong expectations of companies that are becoming more widespread today: the quality of the products and services, the commercial ethics, the sincerity of the actions carried out \u2026 all go in the right direction!<\/p>\n<p>Signs must be part of an ethical and responsible action. As far as we are concerned, the expectations of the members are positioned in a similar logic. We are expected on our actions more than on our speech.<\/p>\n<p><em><strong>There has been a lot of talk for some time about responsible consumption. How do you join this movement?<\/strong><\/em><\/p>\n<p>Through exchanges with Club EKOYA members, we are committed to selecting committed brands as a matter of priority and negotiating discounts with them in order to gain purchasing power for the educational community.<\/p>\n<p>EKOYA\u2019s mission is also guided by this logic. Purchasing generates funds for educational projects, it is a virtuous circle.<\/p>\n<p><img loading=\"lazy\" decoding=\"async\" class=\"alignnone size-large wp-image-10564 aligncenter\" src=\"https:\/\/outilstice.com\/wp-content\/uploads\/2022\/09\/Citation-van-caeneghemi-1024x576.png\" alt=\"Quote from Van Caeneghem Ekoya\" width=\"720\" height=\"405\" srcset=\"https:\/\/outilstice.com\/wp-content\/uploads\/2022\/09\/Citation-van-caeneghemi-1024x576.png 1024w, https:\/\/outilstice.com\/wp-content\/uploads\/2022\/09\/Citation-van-caeneghemi-300x169.png 300w, https:\/\/outilstice.com\/wp-content\/uploads\/2022\/09\/Citation-van-caeneghemi-768x432.png 768w, https:\/\/outilstice.com\/wp-content\/uploads\/2022\/09\/Citation-van-caeneghemi-1536x864.png 1536w, https:\/\/outilstice.com\/wp-content\/uploads\/2022\/09\/Citation-van-caeneghemi.png 1920w\" sizes=\"(max-width: 720px) 100vw, 720px\" \/><\/p>\n<p><em><strong>Ekoya is also a project to support inclusive educational projects through the \u2018Educational Ambitions\u2019 association. The association is an integral part of the Ekoya project, can you tell us a few words?<\/strong><\/em><\/p>\n<p>Through our exchanges with teachers, we identified that many projects did not see the light of day due to lack of human and financial resources \u2026, while innovative ideas could have been born. We managed to bring together goodwill (associations, teachers, school leaders, technical advisers for education, corporate sponsors) and created the association Ambitions \u00c9ducatif. The Education League in particular has supported us from the beginning.<\/p>\n<p>I am very proud that EKOYA employees can give their time to support projects.<\/p>\n<p>Every year, a call for projects allows institutions throughout France to apply and see their projects supported, either financially or in its assembly. \u2026 cultural, sports and environmental projects have already been launched.<\/p>\n<p>&nbsp;<\/p>","protected":false},"excerpt":{"rendered":"<p>EKOYA, originally a CAMIF club, was established in 1993 by and for the educational community. There is no works council for national education staff.\u00a0 Discounts negotiated by EKOYA for...<\/p>","protected":false},"author":1,"featured_media":10563,"comment_status":"open","ping_status":"open","sticky":false,"template":"","format":"standard","meta":{"content-type":"","_lmt_disableupdate":"no","_lmt_disable":"no","footnotes":""},"categories":[9187],"tags":[],"yoast_head":"<!-- This site is optimized with the Yoast SEO Premium plugin v20.4 (Yoast SEO v23.4) - https:\/\/yoast.com\/wordpress\/plugins\/seo\/ -->\n<title>Les enseignes doivent s\u2019inscrire dans une action \u00e9thique, responsable. Jean Van Caeneghem - Ekoya &#8211; Les Outils Tice<\/title>\n<meta name=\"description\" content=\"Jean Van Caeneghem directeur associ\u00e9 d&#039;EKOYA ( \u00e0 l&#039;origine Club CAMIF) r\u00e9pond aux questions de\u00a0Fidel Navamuel\" \/>\n<meta name=\"robots\" content=\"index, follow, max-snippet:-1, max-image-preview:large, max-video-preview:-1\" \/>\n<link rel=\"canonical\" href=\"https:\/\/outilstice.com\/en\/2022\/09\/les-enseignes-doivent-sinscrire-dans-une-action-ethique-responsable-jean-van-caeneghem\/\" \/>\n<meta property=\"og:locale\" content=\"en_GB\" \/>\n<meta property=\"og:type\" content=\"article\" \/>\n<meta property=\"og:title\" content=\"Les enseignes doivent s\u2019inscrire dans une action \u00e9thique, responsable. Jean Van Caeneghem - Ekoya\" \/>\n<meta property=\"og:description\" content=\"EKOYA, \u00e0 l&#039;origine club CAMIF, a \u00e9t\u00e9 cr\u00e9\u00e9 en 1993 par et pour la communaut\u00e9 \u00e9ducative. Il n\u2019existe pas de comit\u00e9 d\u2019entreprise pour les personnels de\" \/>\n<meta property=\"og:url\" content=\"https:\/\/outilstice.com\/en\/2022\/09\/les-enseignes-doivent-sinscrire-dans-une-action-ethique-responsable-jean-van-caeneghem\/\" \/>\n<meta property=\"og:site_name\" content=\"Les Outils Tice\" \/>\n<meta property=\"article:publisher\" content=\"https:\/\/www.facebook.com\/lesoutilsweb\" \/>\n<meta property=\"article:author\" content=\"https:\/\/www.facebook.com\/lesoutilsweb\" \/>\n<meta property=\"article:published_time\" content=\"2022-09-01T07:21:56+00:00\" \/>\n<meta property=\"article:modified_time\" content=\"2022-09-01T07:27:30+00:00\" \/>\n<meta property=\"og:image\" content=\"https:\/\/outilstice.com\/wp-content\/uploads\/2022\/09\/Jean-Van-Caeneghem.png\" \/>\n\t<meta property=\"og:image:width\" content=\"1920\" \/>\n\t<meta property=\"og:image:height\" content=\"1080\" \/>\n\t<meta property=\"og:image:type\" content=\"image\/png\" \/>\n<meta name=\"author\" content=\"Fidel Navamuel\" \/>\n<meta name=\"twitter:card\" content=\"summary_large_image\" \/>\n<meta name=\"twitter:creator\" content=\"@outilstice\" \/>\n<meta name=\"twitter:site\" content=\"@outilstice\" \/>\n<meta name=\"twitter:label1\" content=\"Written by\" \/>\n\t<meta name=\"twitter:data1\" content=\"Fidel Navamuel\" \/>\n\t<meta name=\"twitter:label2\" content=\"Estimated reading time\" \/>\n\t<meta name=\"twitter:data2\" content=\"4 minutes\" \/>\n<script type=\"application\/ld+json\" class=\"yoast-schema-graph\">{\"@context\":\"https:\/\/schema.org\",\"@graph\":[{\"@type\":[\"Article\",\"BlogPosting\"],\"@id\":\"https:\/\/outilstice.com\/2022\/09\/les-enseignes-doivent-sinscrire-dans-une-action-ethique-responsable-jean-van-caeneghem\/#article\",\"isPartOf\":{\"@id\":\"https:\/\/outilstice.com\/2022\/09\/les-enseignes-doivent-sinscrire-dans-une-action-ethique-responsable-jean-van-caeneghem\/\"},\"author\":{\"name\":\"Fidel Navamuel\",\"@id\":\"https:\/\/outilstice.com\/#\/schema\/person\/ec4809142ef009f96b5af2c906a48cd0\"},\"headline\":\"Les enseignes doivent s\u2019inscrire dans une action \u00e9thique, responsable. Jean Van Caeneghem &#8211; Ekoya\",\"datePublished\":\"2022-09-01T07:21:56+00:00\",\"dateModified\":\"2022-09-01T07:27:30+00:00\",\"mainEntityOfPage\":{\"@id\":\"https:\/\/outilstice.com\/2022\/09\/les-enseignes-doivent-sinscrire-dans-une-action-ethique-responsable-jean-van-caeneghem\/\"},\"wordCount\":753,\"commentCount\":1,\"publisher\":{\"@id\":\"https:\/\/outilstice.com\/#\/schema\/person\/ec4809142ef009f96b5af2c906a48cd0\"},\"image\":{\"@id\":\"https:\/\/outilstice.com\/2022\/09\/les-enseignes-doivent-sinscrire-dans-une-action-ethique-responsable-jean-van-caeneghem\/#primaryimage\"},\"thumbnailUrl\":\"https:\/\/outilstice.com\/wp-content\/uploads\/2022\/09\/Jean-Van-Caeneghem.png\",\"articleSection\":[\"Entretiens\"],\"inLanguage\":\"en-GB\",\"potentialAction\":[{\"@type\":\"CommentAction\",\"name\":\"Comment\",\"target\":[\"https:\/\/outilstice.com\/2022\/09\/les-enseignes-doivent-sinscrire-dans-une-action-ethique-responsable-jean-van-caeneghem\/#respond\"]}]},{\"@type\":\"WebPage\",\"@id\":\"https:\/\/outilstice.com\/2022\/09\/les-enseignes-doivent-sinscrire-dans-une-action-ethique-responsable-jean-van-caeneghem\/\",\"url\":\"https:\/\/outilstice.com\/2022\/09\/les-enseignes-doivent-sinscrire-dans-une-action-ethique-responsable-jean-van-caeneghem\/\",\"name\":\"Les enseignes doivent s\u2019inscrire dans une action \u00e9thique, responsable. Jean Van Caeneghem - Ekoya &#8211; Les Outils Tice\",\"isPartOf\":{\"@id\":\"https:\/\/outilstice.com\/#website\"},\"primaryImageOfPage\":{\"@id\":\"https:\/\/outilstice.com\/2022\/09\/les-enseignes-doivent-sinscrire-dans-une-action-ethique-responsable-jean-van-caeneghem\/#primaryimage\"},\"image\":{\"@id\":\"https:\/\/outilstice.com\/2022\/09\/les-enseignes-doivent-sinscrire-dans-une-action-ethique-responsable-jean-van-caeneghem\/#primaryimage\"},\"thumbnailUrl\":\"https:\/\/outilstice.com\/wp-content\/uploads\/2022\/09\/Jean-Van-Caeneghem.png\",\"datePublished\":\"2022-09-01T07:21:56+00:00\",\"dateModified\":\"2022-09-01T07:27:30+00:00\",\"description\":\"Jean Van Caeneghem directeur associ\u00e9 d'EKOYA ( \u00e0 l'origine Club CAMIF) r\u00e9pond aux questions de\u00a0Fidel Navamuel\",\"breadcrumb\":{\"@id\":\"https:\/\/outilstice.com\/2022\/09\/les-enseignes-doivent-sinscrire-dans-une-action-ethique-responsable-jean-van-caeneghem\/#breadcrumb\"},\"inLanguage\":\"en-GB\",\"potentialAction\":[{\"@type\":\"ReadAction\",\"target\":[\"https:\/\/outilstice.com\/2022\/09\/les-enseignes-doivent-sinscrire-dans-une-action-ethique-responsable-jean-van-caeneghem\/\"]}]},{\"@type\":\"ImageObject\",\"inLanguage\":\"en-GB\",\"@id\":\"https:\/\/outilstice.com\/2022\/09\/les-enseignes-doivent-sinscrire-dans-une-action-ethique-responsable-jean-van-caeneghem\/#primaryimage\",\"url\":\"https:\/\/outilstice.com\/wp-content\/uploads\/2022\/09\/Jean-Van-Caeneghem.png\",\"contentUrl\":\"https:\/\/outilstice.com\/wp-content\/uploads\/2022\/09\/Jean-Van-Caeneghem.png\",\"width\":1920,\"height\":1080,\"caption\":\"Van Caeneghem\"},{\"@type\":\"BreadcrumbList\",\"@id\":\"https:\/\/outilstice.com\/2022\/09\/les-enseignes-doivent-sinscrire-dans-une-action-ethique-responsable-jean-van-caeneghem\/#breadcrumb\",\"itemListElement\":[{\"@type\":\"ListItem\",\"position\":1,\"name\":\"Accueil\",\"item\":\"https:\/\/outilstice.com\/\"},{\"@type\":\"ListItem\",\"position\":2,\"name\":\"Entretiens\",\"item\":\"https:\/\/outilstice.com\/entretiens\/\"},{\"@type\":\"ListItem\",\"position\":3,\"name\":\"Les enseignes doivent s\u2019inscrire dans une action \u00e9thique, responsable. Jean Van Caeneghem &#8211; Ekoya\"}]},{\"@type\":\"WebSite\",\"@id\":\"https:\/\/outilstice.com\/#website\",\"url\":\"https:\/\/outilstice.com\/\",\"name\":\"Les Outils Tice\",\"description\":\"L&#039;actualit\u00e9 des outils num\u00e9riques pour l&#039;\u00e9ducation\",\"publisher\":{\"@id\":\"https:\/\/outilstice.com\/#\/schema\/person\/ec4809142ef009f96b5af2c906a48cd0\"},\"potentialAction\":[{\"@type\":\"SearchAction\",\"target\":{\"@type\":\"EntryPoint\",\"urlTemplate\":\"https:\/\/outilstice.com\/?s={search_term_string}\"},\"query-input\":{\"@type\":\"PropertyValueSpecification\",\"valueRequired\":true,\"valueName\":\"search_term_string\"}}],\"inLanguage\":\"en-GB\"},{\"@type\":[\"Person\",\"Organization\"],\"@id\":\"https:\/\/outilstice.com\/#\/schema\/person\/ec4809142ef009f96b5af2c906a48cd0\",\"name\":\"Fidel Navamuel\",\"image\":{\"@type\":\"ImageObject\",\"inLanguage\":\"en-GB\",\"@id\":\"https:\/\/outilstice.com\/#\/schema\/person\/image\/\",\"url\":\"https:\/\/outilstice.com\/wp-content\/uploads\/2014\/11\/fidel.jpg\",\"contentUrl\":\"https:\/\/outilstice.com\/wp-content\/uploads\/2014\/11\/fidel.jpg\",\"width\":570,\"height\":428,\"caption\":\"Fidel Navamuel\"},\"logo\":{\"@id\":\"https:\/\/outilstice.com\/#\/schema\/person\/image\/\"},\"description\":\"Journaliste et responsable des sites \\\"Les Outils du Web\\\". Le r\u00e9seau \\\"Les Outils du Web\\\"regroupe sept sites d'information en ligne autour des nouvelles technologies, de la veille, des outils collaboratifs, des tice, de l'ia et du Web2. Responsable du d\u00e9veloppement de l'\u00e9cole des m\u00e9tiers de l'information \u00e0 Paris. Coop\u00e9rative de formation, l'\u00e9mi est reconnue pour ses formations qui accompagnent la mutation num\u00e9rique au c\u0153ur des m\u00e9tiers et des organisations.\",\"sameAs\":[\"https:\/\/outilstice.com\",\"https:\/\/www.facebook.com\/lesoutilsweb\",\"https:\/\/www.instagram.com\/outilstice\/\",\"http:\/\/fr.linkedin.com\/in\/navamuel\/\",\"http:\/\/www.pinterest.com\/fideln\/\",\"https:\/\/x.com\/outilstice\"],\"gender\":\"homme\",\"jobTitle\":\"Journaliste\"}]}<\/script>\n<!-- \/ Yoast SEO Premium plugin. -->","yoast_head_json":{"title":"Les enseignes doivent s\u2019inscrire dans une action \u00e9thique, responsable. Jean Van Caeneghem - Ekoya &#8211; Les Outils Tice","description":"Jean Van Caeneghem directeur associ\u00e9 d'EKOYA ( \u00e0 l'origine Club CAMIF) r\u00e9pond aux questions de\u00a0Fidel Navamuel","robots":{"index":"index","follow":"follow","max-snippet":"max-snippet:-1","max-image-preview":"max-image-preview:large","max-video-preview":"max-video-preview:-1"},"canonical":"https:\/\/outilstice.com\/en\/2022\/09\/les-enseignes-doivent-sinscrire-dans-une-action-ethique-responsable-jean-van-caeneghem\/","og_locale":"en_GB","og_type":"article","og_title":"Les enseignes doivent s\u2019inscrire dans une action \u00e9thique, responsable. Jean Van Caeneghem - Ekoya","og_description":"EKOYA, \u00e0 l'origine club CAMIF, a \u00e9t\u00e9 cr\u00e9\u00e9 en 1993 par et pour la communaut\u00e9 \u00e9ducative. Il n\u2019existe pas de comit\u00e9 d\u2019entreprise pour les personnels de","og_url":"https:\/\/outilstice.com\/en\/2022\/09\/les-enseignes-doivent-sinscrire-dans-une-action-ethique-responsable-jean-van-caeneghem\/","og_site_name":"Les Outils Tice","article_publisher":"https:\/\/www.facebook.com\/lesoutilsweb","article_author":"https:\/\/www.facebook.com\/lesoutilsweb","article_published_time":"2022-09-01T07:21:56+00:00","article_modified_time":"2022-09-01T07:27:30+00:00","og_image":[{"width":1920,"height":1080,"url":"https:\/\/outilstice.com\/wp-content\/uploads\/2022\/09\/Jean-Van-Caeneghem.png","type":"image\/png"}],"author":"Fidel Navamuel","twitter_card":"summary_large_image","twitter_creator":"@outilstice","twitter_site":"@outilstice","twitter_misc":{"Written by":"Fidel Navamuel","Estimated reading time":"4 minutes"},"schema":{"@context":"https:\/\/schema.org","@graph":[{"@type":["Article","BlogPosting"],"@id":"https:\/\/outilstice.com\/2022\/09\/les-enseignes-doivent-sinscrire-dans-une-action-ethique-responsable-jean-van-caeneghem\/#article","isPartOf":{"@id":"https:\/\/outilstice.com\/2022\/09\/les-enseignes-doivent-sinscrire-dans-une-action-ethique-responsable-jean-van-caeneghem\/"},"author":{"name":"Fidel Navamuel","@id":"https:\/\/outilstice.com\/#\/schema\/person\/ec4809142ef009f96b5af2c906a48cd0"},"headline":"Les enseignes doivent s\u2019inscrire dans une action \u00e9thique, responsable. Jean Van Caeneghem &#8211; Ekoya","datePublished":"2022-09-01T07:21:56+00:00","dateModified":"2022-09-01T07:27:30+00:00","mainEntityOfPage":{"@id":"https:\/\/outilstice.com\/2022\/09\/les-enseignes-doivent-sinscrire-dans-une-action-ethique-responsable-jean-van-caeneghem\/"},"wordCount":753,"commentCount":1,"publisher":{"@id":"https:\/\/outilstice.com\/#\/schema\/person\/ec4809142ef009f96b5af2c906a48cd0"},"image":{"@id":"https:\/\/outilstice.com\/2022\/09\/les-enseignes-doivent-sinscrire-dans-une-action-ethique-responsable-jean-van-caeneghem\/#primaryimage"},"thumbnailUrl":"https:\/\/outilstice.com\/wp-content\/uploads\/2022\/09\/Jean-Van-Caeneghem.png","articleSection":["Entretiens"],"inLanguage":"en-GB","potentialAction":[{"@type":"CommentAction","name":"Comment","target":["https:\/\/outilstice.com\/2022\/09\/les-enseignes-doivent-sinscrire-dans-une-action-ethique-responsable-jean-van-caeneghem\/#respond"]}]},{"@type":"WebPage","@id":"https:\/\/outilstice.com\/2022\/09\/les-enseignes-doivent-sinscrire-dans-une-action-ethique-responsable-jean-van-caeneghem\/","url":"https:\/\/outilstice.com\/2022\/09\/les-enseignes-doivent-sinscrire-dans-une-action-ethique-responsable-jean-van-caeneghem\/","name":"Les enseignes doivent s\u2019inscrire dans une action \u00e9thique, responsable. Jean Van Caeneghem - Ekoya &#8211; Les Outils Tice","isPartOf":{"@id":"https:\/\/outilstice.com\/#website"},"primaryImageOfPage":{"@id":"https:\/\/outilstice.com\/2022\/09\/les-enseignes-doivent-sinscrire-dans-une-action-ethique-responsable-jean-van-caeneghem\/#primaryimage"},"image":{"@id":"https:\/\/outilstice.com\/2022\/09\/les-enseignes-doivent-sinscrire-dans-une-action-ethique-responsable-jean-van-caeneghem\/#primaryimage"},"thumbnailUrl":"https:\/\/outilstice.com\/wp-content\/uploads\/2022\/09\/Jean-Van-Caeneghem.png","datePublished":"2022-09-01T07:21:56+00:00","dateModified":"2022-09-01T07:27:30+00:00","description":"Jean Van Caeneghem directeur associ\u00e9 d'EKOYA ( \u00e0 l'origine Club CAMIF) r\u00e9pond aux questions de\u00a0Fidel Navamuel","breadcrumb":{"@id":"https:\/\/outilstice.com\/2022\/09\/les-enseignes-doivent-sinscrire-dans-une-action-ethique-responsable-jean-van-caeneghem\/#breadcrumb"},"inLanguage":"en-GB","potentialAction":[{"@type":"ReadAction","target":["https:\/\/outilstice.com\/2022\/09\/les-enseignes-doivent-sinscrire-dans-une-action-ethique-responsable-jean-van-caeneghem\/"]}]},{"@type":"ImageObject","inLanguage":"en-GB","@id":"https:\/\/outilstice.com\/2022\/09\/les-enseignes-doivent-sinscrire-dans-une-action-ethique-responsable-jean-van-caeneghem\/#primaryimage","url":"https:\/\/outilstice.com\/wp-content\/uploads\/2022\/09\/Jean-Van-Caeneghem.png","contentUrl":"https:\/\/outilstice.com\/wp-content\/uploads\/2022\/09\/Jean-Van-Caeneghem.png","width":1920,"height":1080,"caption":"Van Caeneghem"},{"@type":"BreadcrumbList","@id":"https:\/\/outilstice.com\/2022\/09\/les-enseignes-doivent-sinscrire-dans-une-action-ethique-responsable-jean-van-caeneghem\/#breadcrumb","itemListElement":[{"@type":"ListItem","position":1,"name":"Accueil","item":"https:\/\/outilstice.com\/"},{"@type":"ListItem","position":2,"name":"Entretiens","item":"https:\/\/outilstice.com\/entretiens\/"},{"@type":"ListItem","position":3,"name":"Les enseignes doivent s\u2019inscrire dans une action \u00e9thique, responsable. Jean Van Caeneghem &#8211; Ekoya"}]},{"@type":"WebSite","@id":"https:\/\/outilstice.com\/#website","url":"https:\/\/outilstice.com\/","name":"Les Outils Tice","description":"L&#039;actualit\u00e9 des outils num\u00e9riques pour l&#039;\u00e9ducation","publisher":{"@id":"https:\/\/outilstice.com\/#\/schema\/person\/ec4809142ef009f96b5af2c906a48cd0"},"potentialAction":[{"@type":"SearchAction","target":{"@type":"EntryPoint","urlTemplate":"https:\/\/outilstice.com\/?s={search_term_string}"},"query-input":{"@type":"PropertyValueSpecification","valueRequired":true,"valueName":"search_term_string"}}],"inLanguage":"en-GB"},{"@type":["Person","Organization"],"@id":"https:\/\/outilstice.com\/#\/schema\/person\/ec4809142ef009f96b5af2c906a48cd0","name":"Fidel Navamuel","image":{"@type":"ImageObject","inLanguage":"en-GB","@id":"https:\/\/outilstice.com\/#\/schema\/person\/image\/","url":"https:\/\/outilstice.com\/wp-content\/uploads\/2014\/11\/fidel.jpg","contentUrl":"https:\/\/outilstice.com\/wp-content\/uploads\/2014\/11\/fidel.jpg","width":570,"height":428,"caption":"Fidel Navamuel"},"logo":{"@id":"https:\/\/outilstice.com\/#\/schema\/person\/image\/"},"description":"Journaliste et responsable des sites \"Les Outils du Web\". Le r\u00e9seau \"Les Outils du Web\"regroupe sept sites d'information en ligne autour des nouvelles technologies, de la veille, des outils collaboratifs, des tice, de l'ia et du Web2. Responsable du d\u00e9veloppement de l'\u00e9cole des m\u00e9tiers de l'information \u00e0 Paris. Coop\u00e9rative de formation, l'\u00e9mi est reconnue pour ses formations qui accompagnent la mutation num\u00e9rique au c\u0153ur des m\u00e9tiers et des organisations.","sameAs":["https:\/\/outilstice.com","https:\/\/www.facebook.com\/lesoutilsweb","https:\/\/www.instagram.com\/outilstice\/","http:\/\/fr.linkedin.com\/in\/navamuel\/","http:\/\/www.pinterest.com\/fideln\/","https:\/\/x.com\/outilstice"],"gender":"homme","jobTitle":"Journaliste"}]}},"modified_by":"Fidel Navamuel","_links":{"self":[{"href":"https:\/\/outilstice.com\/en\/wp-json\/wp\/v2\/posts\/10562"}],"collection":[{"href":"https:\/\/outilstice.com\/en\/wp-json\/wp\/v2\/posts"}],"about":[{"href":"https:\/\/outilstice.com\/en\/wp-json\/wp\/v2\/types\/post"}],"author":[{"embeddable":true,"href":"https:\/\/outilstice.com\/en\/wp-json\/wp\/v2\/users\/1"}],"replies":[{"embeddable":true,"href":"https:\/\/outilstice.com\/en\/wp-json\/wp\/v2\/comments?post=10562"}],"version-history":[{"count":0,"href":"https:\/\/outilstice.com\/en\/wp-json\/wp\/v2\/posts\/10562\/revisions"}],"wp:featuredmedia":[{"embeddable":true,"href":"https:\/\/outilstice.com\/en\/wp-json\/wp\/v2\/media\/10563"}],"wp:attachment":[{"href":"https:\/\/outilstice.com\/en\/wp-json\/wp\/v2\/media?parent=10562"}],"wp:term":[{"taxonomy":"category","embeddable":true,"href":"https:\/\/outilstice.com\/en\/wp-json\/wp\/v2\/categories?post=10562"},{"taxonomy":"post_tag","embeddable":true,"href":"https:\/\/outilstice.com\/en\/wp-json\/wp\/v2\/tags?post=10562"}],"curies":[{"name":"wp","href":"https:\/\/api.w.org\/{rel}","templated":true}]}}