{"id":13406,"date":"2024-09-27T16:56:43","date_gmt":"2024-09-27T14:56:43","guid":{"rendered":"https:\/\/outilstice.com\/?p=13406"},"modified":"2024-09-27T16:56:43","modified_gmt":"2024-09-27T14:56:43","slug":"numerique-a-lecole-ipad-en-classe-econocom","status":"publish","type":"post","link":"https:\/\/outilstice.com\/en\/2024\/09\/numerique-a-lecole-ipad-en-classe-econocom\/","title":{"rendered":"Digital at school: iPads in the classroom."},"content":{"rendered":"<p><span style=\"font-weight: 400;\"><strong>Technological innovation pushes the boundaries of learning and opens infinite horizons<\/strong> for pupils, teachers and educational institutions.<\/span> To enlighten you, Econocom, an Apple Education authorised partner, offers a series of six testimonial videos that I found interesting.<\/p>\n<p>School leaders, teachers, trainers and technical experts share their experiences and answer the questions you have to ask yourself!<\/p>\n<p>From the overall vision of digital at school to the practical aspects of security and team support, these videos, each lasting a few minutes, offer a comprehensive overview to help you get started in a digital project.<\/p>\n<p><img loading=\"lazy\" decoding=\"async\" class=\"size-full wp-image-13416 aligncenter\" src=\"https:\/\/outilstice.com\/wp-content\/uploads\/2024\/09\/BLOC-ENJEUX-NUMERIQUES-3.png\" alt=\"Photo of a child using an iPad in class\" width=\"730\" height=\"411\" srcset=\"https:\/\/outilstice.com\/wp-content\/uploads\/2024\/09\/BLOC-ENJEUX-NUMERIQUES-3.png 730w, https:\/\/outilstice.com\/wp-content\/uploads\/2024\/09\/BLOC-ENJEUX-NUMERIQUES-3-300x169.png 300w\" sizes=\"(max-width: 730px) 100vw, 730px\" \/><\/p>\n<h2 class=\"p1\">#1 \u2013 Integrating digital in its establishment<\/h2>\n<p class=\"p1\">A school leader and a teacher share their vision of digital in school; how the iPad is an indispensable tool in their daily lives and that of their students.<\/p>\n<p>&nbsp;<\/p>\n<div id=\"attachment_13408\" style=\"width: 610px\" class=\"wp-caption aligncenter\"><a href=\"https:\/\/apple.econocom.com\/education\/\" target=\"_blank\"><img loading=\"lazy\" decoding=\"async\" aria-describedby=\"caption-attachment-13408\" class=\"wp-image-13408 size-full\" src=\"https:\/\/outilstice.com\/wp-content\/uploads\/2024\/09\/4.jpg\" alt=\"econocom - video integrating digital school\" width=\"600\" height=\"324\" srcset=\"https:\/\/outilstice.com\/wp-content\/uploads\/2024\/09\/4.jpg 600w, https:\/\/outilstice.com\/wp-content\/uploads\/2024\/09\/4-300x162.jpg 300w\" sizes=\"(max-width: 600px) 100vw, 600px\" \/><\/a><p id=\"caption-attachment-13408\" class=\"wp-caption-text\"><a href=\"https:\/\/apple.econocom.com\/education\/\" target=\"_blank\" rel=\"noopener\">Watch the video<\/a><\/p><\/div>\n<h2 class=\"p1\">#2 \u2013 Embarking on a digital project<\/h2>\n<p class=\"p1\">Check out this video for key tips on how to successfully implement a digital project in your institution. From the deployment of the network infrastructure to the effective support of your teams and students in the face of this transformation, all aspects to ensure a successful transition.<\/p>\n<div id=\"attachment_13410\" style=\"width: 610px\" class=\"wp-caption aligncenter\"><a href=\"https:\/\/apple.econocom.com\/education\/nos-solutions\/chefs-detablissement\/\" target=\"_blank\"><img loading=\"lazy\" decoding=\"async\" aria-describedby=\"caption-attachment-13410\" class=\"wp-image-13410 size-full\" src=\"https:\/\/outilstice.com\/wp-content\/uploads\/2024\/09\/3.jpg\" alt=\"embark on an econocom project\" width=\"600\" height=\"324\" srcset=\"https:\/\/outilstice.com\/wp-content\/uploads\/2024\/09\/3.jpg 600w, https:\/\/outilstice.com\/wp-content\/uploads\/2024\/09\/3-300x162.jpg 300w\" sizes=\"(max-width: 600px) 100vw, 600px\" \/><\/a><p id=\"caption-attachment-13410\" class=\"wp-caption-text\"><a href=\"https:\/\/apple.econocom.com\/education\/nos-solutions\/chefs-detablissement\/\" target=\"_blank\" rel=\"noopener\">I watch the video<\/a><\/p><\/div>\n<h2 class=\"p1\">#3 \u2013 Let\u2019s talk about technology and safety<\/h2>\n<p class=\"p1\">A technical expert and a school head discuss the management of iPads in a school, safety issues, both at home and in the classroom, as well as the limitations imposed on students in their use of the tool.<\/p>\n<div id=\"attachment_13411\" style=\"width: 610px\" class=\"wp-caption aligncenter\"><a href=\"https:\/\/apple.econocom.com\/education\/nos-solutions\/responsables-informatiques\/\" target=\"_blank\"><img loading=\"lazy\" decoding=\"async\" aria-describedby=\"caption-attachment-13411\" class=\"wp-image-13411 size-full\" src=\"https:\/\/outilstice.com\/wp-content\/uploads\/2024\/09\/5.jpg\" alt=\"Let&#039;s talk technical video econocom\" width=\"600\" height=\"324\" srcset=\"https:\/\/outilstice.com\/wp-content\/uploads\/2024\/09\/5.jpg 600w, https:\/\/outilstice.com\/wp-content\/uploads\/2024\/09\/5-300x162.jpg 300w\" sizes=\"(max-width: 600px) 100vw, 600px\" \/><\/a><p id=\"caption-attachment-13411\" class=\"wp-caption-text\"><a href=\"https:\/\/apple.econocom.com\/education\/nos-solutions\/responsables-informatiques\/\" target=\"_blank\" rel=\"noopener\">I watch the video<\/a><\/p><\/div>\n<h2>#4 \u2013 Innovation and creativity<\/h2>\n<p>Find out about a project carried out in the classroom using the iPad and how it is transforming students\u2019 daily lives, the way they work and learn. A Tabul\u00e9o project manager also presents the resources and content available through digital manuals.<\/p>\n<div id=\"attachment_13413\" style=\"width: 610px\" class=\"wp-caption aligncenter\"><a href=\"https:\/\/apple.econocom.com\/education\/lipad-en-classe\/\" target=\"_blank\"><img loading=\"lazy\" decoding=\"async\" aria-describedby=\"caption-attachment-13413\" class=\"wp-image-13413 size-full\" src=\"https:\/\/outilstice.com\/wp-content\/uploads\/2024\/09\/6.jpg\" alt=\"iPad Innovation\" width=\"600\" height=\"324\" srcset=\"https:\/\/outilstice.com\/wp-content\/uploads\/2024\/09\/6.jpg 600w, https:\/\/outilstice.com\/wp-content\/uploads\/2024\/09\/6-300x162.jpg 300w\" sizes=\"(max-width: 600px) 100vw, 600px\" \/><\/a><p id=\"caption-attachment-13413\" class=\"wp-caption-text\"><a href=\"https:\/\/apple.econocom.com\/education\/lipad-en-classe\/\" target=\"_blank\" rel=\"noopener\">I watch the video<\/a><\/p><\/div>\n<h2 class=\"p1\">#5 \u2013 Teaching with iPad<\/h2>\n<p class=\"p1\">In this video, teachers share their tips on how to integrate digital in the classroom, introduce the apps they use on a daily basis, and explain more broadly how the iPad has transformed the way they teach.<\/p>\n<div id=\"attachment_13414\" style=\"width: 610px\" class=\"wp-caption aligncenter\"><a href=\"https:\/\/apple.econocom.com\/education\/lipad-en-classe\/\" target=\"_blank\"><img loading=\"lazy\" decoding=\"async\" aria-describedby=\"caption-attachment-13414\" class=\"wp-image-13414 size-full\" src=\"https:\/\/outilstice.com\/wp-content\/uploads\/2024\/09\/7.jpg\" alt=\"Teaching with the ipad\" width=\"600\" height=\"324\" srcset=\"https:\/\/outilstice.com\/wp-content\/uploads\/2024\/09\/7.jpg 600w, https:\/\/outilstice.com\/wp-content\/uploads\/2024\/09\/7-300x162.jpg 300w\" sizes=\"(max-width: 600px) 100vw, 600px\" \/><\/a><p id=\"caption-attachment-13414\" class=\"wp-caption-text\"><a href=\"https:\/\/apple.econocom.com\/education\/lipad-en-classe\/\" target=\"_blank\">I watch the video<\/a><\/p><\/div>\n<h2 class=\"p1\">#6 \u2013 And the role of teacher-trainer in all this?<\/h2>\n<p class=\"p1\">Teacher trainers re-emphasised the importance of training the entire teaching staff in digital, both before and during the integration of the iPad in the classroom.<\/p>\n<div id=\"attachment_13415\" style=\"width: 610px\" class=\"wp-caption aligncenter\"><a href=\"https:\/\/apple.econocom.com\/education\/nos-solutions\/enseignants-et-responsables-pedagogiques\/\" target=\"_blank\"><img loading=\"lazy\" decoding=\"async\" aria-describedby=\"caption-attachment-13415\" class=\"wp-image-13415 size-full\" src=\"https:\/\/outilstice.com\/wp-content\/uploads\/2024\/09\/2.jpg\" alt=\"iPad teaching role in class\" width=\"600\" height=\"324\" srcset=\"https:\/\/outilstice.com\/wp-content\/uploads\/2024\/09\/2.jpg 600w, https:\/\/outilstice.com\/wp-content\/uploads\/2024\/09\/2-300x162.jpg 300w\" sizes=\"(max-width: 600px) 100vw, 600px\" \/><\/a><p id=\"caption-attachment-13415\" class=\"wp-caption-text\"><a href=\"https:\/\/apple.econocom.com\/education\/nos-solutions\/enseignants-et-responsables-pedagogiques\/\" target=\"_blank\" rel=\"noopener\">I watch the video<\/a><\/p><\/div>\n<p class=\"p1\"><a href=\"https:\/\/apple.econocom.com\/education\/\" target=\"_blank\" rel=\"noopener\">Econocom, Apple Education Authorized Partner,<\/a>\u00a0<b>accompanies you on all the implementation and monitoring of your project in the long term.<\/b> Their digital solutions for education provide turnkey answers to principals, digital leaders and teachers in primary and secondary, higher, technical and vocational education.<\/p>\n<p><b>Would you like to learn more and test the iPad free of charge at your school? <a href=\"https:\/\/apple.econocom.com\/education\/contact\/\" target=\"_blank\" rel=\"noopener\">Contact Econocom experts \u00bb<\/a><\/b><\/p>\n<p>&nbsp;<\/p>\n<p style=\"text-align: right;\"><em>This article is written in the context of a partnership<\/em><\/p>\n<!--OffAfMore--><!--OffBfLastPara-->","protected":false},"excerpt":{"rendered":"<p>Technological innovation pushes the boundaries of learning and opens infinite horizons for students, teachers and educational institutions. To enlighten you, Econocom, Apple Education's authorized partner, offers a series of six...<\/p>","protected":false},"author":1,"featured_media":13416,"comment_status":"open","ping_status":"closed","sticky":false,"template":"","format":"standard","meta":{"content-type":"","_lmt_disableupdate":"no","_lmt_disable":"no","footnotes":""},"categories":[7182,55],"tags":[9268],"yoast_head":"<!-- This site is optimized with the Yoast SEO Premium plugin v20.4 (Yoast SEO v23.4) - https:\/\/yoast.com\/wordpress\/plugins\/seo\/ -->\n<title>Le num\u00e9rique \u00e0 l&#039;\u00e9cole k\u00e9zako ? T\u00e9moignages sur l&#039;utilisation des iPad<\/title>\n<meta name=\"description\" content=\"D\u00e9couvrez 6 vid\u00e9os exclusives sur l&#039;int\u00e9gration des iPad \u00e0 l&#039;\u00e9cole. T\u00e9moignages d&#039;experts, conseils pratiques et retours d&#039;exp\u00e9rience pour comprendre la r\u00e9volution num\u00e9rique dans l&#039;\u00e9ducation. \ud83c\udf4e\ud83d\udcbb\" \/>\n<meta name=\"robots\" content=\"index, follow, max-snippet:-1, max-image-preview:large, max-video-preview:-1\" \/>\n<link rel=\"canonical\" href=\"https:\/\/outilstice.com\/en\/2024\/09\/numerique-a-lecole-ipad-en-classe-econocom\/\" \/>\n<meta property=\"og:locale\" content=\"en_GB\" \/>\n<meta property=\"og:type\" content=\"article\" \/>\n<meta property=\"og:title\" content=\"Regards crois\u00e9s sur le num\u00e9rique \u00e0 l&#039;\u00e9cole : Les iPad en classe.\" \/>\n<meta property=\"og:description\" content=\"L&#039;innovation technologique repousse les fronti\u00e8res de l&#039;apprentissage et ouvre des horizons infinis pour les \u00e9l\u00e8ves, les enseignants et les institutions\" \/>\n<meta property=\"og:url\" content=\"https:\/\/outilstice.com\/en\/2024\/09\/numerique-a-lecole-ipad-en-classe-econocom\/\" \/>\n<meta property=\"og:site_name\" content=\"Les Outils Tice\" \/>\n<meta property=\"article:publisher\" content=\"https:\/\/www.facebook.com\/lesoutilsweb\" \/>\n<meta property=\"article:author\" content=\"https:\/\/www.facebook.com\/lesoutilsweb\" \/>\n<meta property=\"article:published_time\" content=\"2024-09-27T14:56:43+00:00\" \/>\n<meta property=\"og:image\" content=\"https:\/\/outilstice.com\/wp-content\/uploads\/2024\/09\/BLOC-ENJEUX-NUMERIQUES-3.png\" \/>\n\t<meta property=\"og:image:width\" content=\"730\" \/>\n\t<meta property=\"og:image:height\" content=\"411\" \/>\n\t<meta property=\"og:image:type\" content=\"image\/png\" \/>\n<meta name=\"author\" content=\"Fidel Navamuel\" \/>\n<meta name=\"twitter:card\" content=\"summary_large_image\" \/>\n<meta name=\"twitter:creator\" content=\"@outilstice\" \/>\n<meta name=\"twitter:site\" content=\"@outilstice\" \/>\n<meta name=\"twitter:label1\" content=\"Written by\" \/>\n\t<meta name=\"twitter:data1\" content=\"Fidel Navamuel\" \/>\n\t<meta name=\"twitter:label2\" content=\"Estimated reading time\" \/>\n\t<meta name=\"twitter:data2\" content=\"3 minutes\" \/>\n<script type=\"application\/ld+json\" class=\"yoast-schema-graph\">{\"@context\":\"https:\/\/schema.org\",\"@graph\":[{\"@type\":[\"Article\",\"BlogPosting\"],\"@id\":\"https:\/\/outilstice.com\/2024\/09\/numerique-a-lecole-ipad-en-classe-econocom\/#article\",\"isPartOf\":{\"@id\":\"https:\/\/outilstice.com\/2024\/09\/numerique-a-lecole-ipad-en-classe-econocom\/\"},\"author\":{\"name\":\"Fidel Navamuel\",\"@id\":\"https:\/\/outilstice.com\/#\/schema\/person\/ec4809142ef009f96b5af2c906a48cd0\"},\"headline\":\"Regards crois\u00e9s sur le num\u00e9rique \u00e0 l&rsquo;\u00e9cole : Les iPad en classe.\",\"datePublished\":\"2024-09-27T14:56:43+00:00\",\"dateModified\":\"2024-09-27T14:56:43+00:00\",\"mainEntityOfPage\":{\"@id\":\"https:\/\/outilstice.com\/2024\/09\/numerique-a-lecole-ipad-en-classe-econocom\/\"},\"wordCount\":562,\"commentCount\":0,\"publisher\":{\"@id\":\"https:\/\/outilstice.com\/#\/schema\/person\/ec4809142ef009f96b5af2c906a48cd0\"},\"image\":{\"@id\":\"https:\/\/outilstice.com\/2024\/09\/numerique-a-lecole-ipad-en-classe-econocom\/#primaryimage\"},\"thumbnailUrl\":\"https:\/\/outilstice.com\/wp-content\/uploads\/2024\/09\/BLOC-ENJEUX-NUMERIQUES-3.png\",\"keywords\":[\"Apple\"],\"articleSection\":[\"Communiqu\u00e9s\",\"iPad en Classe\"],\"inLanguage\":\"en-GB\",\"potentialAction\":[{\"@type\":\"CommentAction\",\"name\":\"Comment\",\"target\":[\"https:\/\/outilstice.com\/2024\/09\/numerique-a-lecole-ipad-en-classe-econocom\/#respond\"]}]},{\"@type\":\"WebPage\",\"@id\":\"https:\/\/outilstice.com\/2024\/09\/numerique-a-lecole-ipad-en-classe-econocom\/\",\"url\":\"https:\/\/outilstice.com\/2024\/09\/numerique-a-lecole-ipad-en-classe-econocom\/\",\"name\":\"Le num\u00e9rique \u00e0 l'\u00e9cole k\u00e9zako ? T\u00e9moignages sur l'utilisation des iPad\",\"isPartOf\":{\"@id\":\"https:\/\/outilstice.com\/#website\"},\"primaryImageOfPage\":{\"@id\":\"https:\/\/outilstice.com\/2024\/09\/numerique-a-lecole-ipad-en-classe-econocom\/#primaryimage\"},\"image\":{\"@id\":\"https:\/\/outilstice.com\/2024\/09\/numerique-a-lecole-ipad-en-classe-econocom\/#primaryimage\"},\"thumbnailUrl\":\"https:\/\/outilstice.com\/wp-content\/uploads\/2024\/09\/BLOC-ENJEUX-NUMERIQUES-3.png\",\"datePublished\":\"2024-09-27T14:56:43+00:00\",\"dateModified\":\"2024-09-27T14:56:43+00:00\",\"description\":\"D\u00e9couvrez 6 vid\u00e9os exclusives sur l'int\u00e9gration des iPad \u00e0 l'\u00e9cole. T\u00e9moignages d'experts, conseils pratiques et retours d'exp\u00e9rience pour comprendre la r\u00e9volution num\u00e9rique dans l'\u00e9ducation. \ud83c\udf4e\ud83d\udcbb\",\"breadcrumb\":{\"@id\":\"https:\/\/outilstice.com\/2024\/09\/numerique-a-lecole-ipad-en-classe-econocom\/#breadcrumb\"},\"inLanguage\":\"en-GB\",\"potentialAction\":[{\"@type\":\"ReadAction\",\"target\":[\"https:\/\/outilstice.com\/2024\/09\/numerique-a-lecole-ipad-en-classe-econocom\/\"]}]},{\"@type\":\"ImageObject\",\"inLanguage\":\"en-GB\",\"@id\":\"https:\/\/outilstice.com\/2024\/09\/numerique-a-lecole-ipad-en-classe-econocom\/#primaryimage\",\"url\":\"https:\/\/outilstice.com\/wp-content\/uploads\/2024\/09\/BLOC-ENJEUX-NUMERIQUES-3.png\",\"contentUrl\":\"https:\/\/outilstice.com\/wp-content\/uploads\/2024\/09\/BLOC-ENJEUX-NUMERIQUES-3.png\",\"width\":730,\"height\":411,\"caption\":\"Photo d'un enfant utilisant un ipad en classe\"},{\"@type\":\"BreadcrumbList\",\"@id\":\"https:\/\/outilstice.com\/2024\/09\/numerique-a-lecole-ipad-en-classe-econocom\/#breadcrumb\",\"itemListElement\":[{\"@type\":\"ListItem\",\"position\":1,\"name\":\"Accueil\",\"item\":\"https:\/\/outilstice.com\/\"},{\"@type\":\"ListItem\",\"position\":2,\"name\":\"iPad en Classe\",\"item\":\"https:\/\/outilstice.com\/ipad-en-classe\/\"},{\"@type\":\"ListItem\",\"position\":3,\"name\":\"Regards crois\u00e9s sur le num\u00e9rique \u00e0 l&#8217;\u00e9cole : Les iPad en classe.\"}]},{\"@type\":\"WebSite\",\"@id\":\"https:\/\/outilstice.com\/#website\",\"url\":\"https:\/\/outilstice.com\/\",\"name\":\"Les Outils Tice\",\"description\":\"L&#039;actualit\u00e9 des outils num\u00e9riques pour l&#039;\u00e9ducation\",\"publisher\":{\"@id\":\"https:\/\/outilstice.com\/#\/schema\/person\/ec4809142ef009f96b5af2c906a48cd0\"},\"potentialAction\":[{\"@type\":\"SearchAction\",\"target\":{\"@type\":\"EntryPoint\",\"urlTemplate\":\"https:\/\/outilstice.com\/?s={search_term_string}\"},\"query-input\":{\"@type\":\"PropertyValueSpecification\",\"valueRequired\":true,\"valueName\":\"search_term_string\"}}],\"inLanguage\":\"en-GB\"},{\"@type\":[\"Person\",\"Organization\"],\"@id\":\"https:\/\/outilstice.com\/#\/schema\/person\/ec4809142ef009f96b5af2c906a48cd0\",\"name\":\"Fidel Navamuel\",\"image\":{\"@type\":\"ImageObject\",\"inLanguage\":\"en-GB\",\"@id\":\"https:\/\/outilstice.com\/#\/schema\/person\/image\/\",\"url\":\"https:\/\/outilstice.com\/wp-content\/uploads\/2014\/11\/fidel.jpg\",\"contentUrl\":\"https:\/\/outilstice.com\/wp-content\/uploads\/2014\/11\/fidel.jpg\",\"width\":570,\"height\":428,\"caption\":\"Fidel Navamuel\"},\"logo\":{\"@id\":\"https:\/\/outilstice.com\/#\/schema\/person\/image\/\"},\"description\":\"Journaliste et responsable des sites \\\"Les Outils du Web\\\". Le r\u00e9seau \\\"Les Outils du Web\\\"regroupe sept sites d'information en ligne autour des nouvelles technologies, de la veille, des outils collaboratifs, des tice, de l'ia et du Web2. Responsable du d\u00e9veloppement de l'\u00e9cole des m\u00e9tiers de l'information \u00e0 Paris. Coop\u00e9rative de formation, l'\u00e9mi est reconnue pour ses formations qui accompagnent la mutation num\u00e9rique au c\u0153ur des m\u00e9tiers et des organisations.\",\"sameAs\":[\"https:\/\/outilstice.com\",\"https:\/\/www.facebook.com\/lesoutilsweb\",\"https:\/\/www.instagram.com\/outilstice\/\",\"http:\/\/fr.linkedin.com\/in\/navamuel\/\",\"http:\/\/www.pinterest.com\/fideln\/\",\"https:\/\/x.com\/outilstice\"],\"gender\":\"homme\",\"jobTitle\":\"Journaliste\"}]}<\/script>\n<!-- \/ Yoast SEO Premium plugin. -->","yoast_head_json":{"title":"Le num\u00e9rique \u00e0 l'\u00e9cole k\u00e9zako ? T\u00e9moignages sur l'utilisation des iPad","description":"D\u00e9couvrez 6 vid\u00e9os exclusives sur l'int\u00e9gration des iPad \u00e0 l'\u00e9cole. T\u00e9moignages d'experts, conseils pratiques et retours d'exp\u00e9rience pour comprendre la r\u00e9volution num\u00e9rique dans l'\u00e9ducation. \ud83c\udf4e\ud83d\udcbb","robots":{"index":"index","follow":"follow","max-snippet":"max-snippet:-1","max-image-preview":"max-image-preview:large","max-video-preview":"max-video-preview:-1"},"canonical":"https:\/\/outilstice.com\/en\/2024\/09\/numerique-a-lecole-ipad-en-classe-econocom\/","og_locale":"en_GB","og_type":"article","og_title":"Regards crois\u00e9s sur le num\u00e9rique \u00e0 l'\u00e9cole : Les iPad en classe.","og_description":"L'innovation technologique repousse les fronti\u00e8res de l'apprentissage et ouvre des horizons infinis pour les \u00e9l\u00e8ves, les enseignants et les institutions","og_url":"https:\/\/outilstice.com\/en\/2024\/09\/numerique-a-lecole-ipad-en-classe-econocom\/","og_site_name":"Les Outils Tice","article_publisher":"https:\/\/www.facebook.com\/lesoutilsweb","article_author":"https:\/\/www.facebook.com\/lesoutilsweb","article_published_time":"2024-09-27T14:56:43+00:00","og_image":[{"width":730,"height":411,"url":"https:\/\/outilstice.com\/wp-content\/uploads\/2024\/09\/BLOC-ENJEUX-NUMERIQUES-3.png","type":"image\/png"}],"author":"Fidel Navamuel","twitter_card":"summary_large_image","twitter_creator":"@outilstice","twitter_site":"@outilstice","twitter_misc":{"Written by":"Fidel Navamuel","Estimated reading time":"3 minutes"},"schema":{"@context":"https:\/\/schema.org","@graph":[{"@type":["Article","BlogPosting"],"@id":"https:\/\/outilstice.com\/2024\/09\/numerique-a-lecole-ipad-en-classe-econocom\/#article","isPartOf":{"@id":"https:\/\/outilstice.com\/2024\/09\/numerique-a-lecole-ipad-en-classe-econocom\/"},"author":{"name":"Fidel Navamuel","@id":"https:\/\/outilstice.com\/#\/schema\/person\/ec4809142ef009f96b5af2c906a48cd0"},"headline":"Regards crois\u00e9s sur le num\u00e9rique \u00e0 l&rsquo;\u00e9cole : Les iPad en classe.","datePublished":"2024-09-27T14:56:43+00:00","dateModified":"2024-09-27T14:56:43+00:00","mainEntityOfPage":{"@id":"https:\/\/outilstice.com\/2024\/09\/numerique-a-lecole-ipad-en-classe-econocom\/"},"wordCount":562,"commentCount":0,"publisher":{"@id":"https:\/\/outilstice.com\/#\/schema\/person\/ec4809142ef009f96b5af2c906a48cd0"},"image":{"@id":"https:\/\/outilstice.com\/2024\/09\/numerique-a-lecole-ipad-en-classe-econocom\/#primaryimage"},"thumbnailUrl":"https:\/\/outilstice.com\/wp-content\/uploads\/2024\/09\/BLOC-ENJEUX-NUMERIQUES-3.png","keywords":["Apple"],"articleSection":["Communiqu\u00e9s","iPad en Classe"],"inLanguage":"en-GB","potentialAction":[{"@type":"CommentAction","name":"Comment","target":["https:\/\/outilstice.com\/2024\/09\/numerique-a-lecole-ipad-en-classe-econocom\/#respond"]}]},{"@type":"WebPage","@id":"https:\/\/outilstice.com\/2024\/09\/numerique-a-lecole-ipad-en-classe-econocom\/","url":"https:\/\/outilstice.com\/2024\/09\/numerique-a-lecole-ipad-en-classe-econocom\/","name":"Le num\u00e9rique \u00e0 l'\u00e9cole k\u00e9zako ? T\u00e9moignages sur l'utilisation des iPad","isPartOf":{"@id":"https:\/\/outilstice.com\/#website"},"primaryImageOfPage":{"@id":"https:\/\/outilstice.com\/2024\/09\/numerique-a-lecole-ipad-en-classe-econocom\/#primaryimage"},"image":{"@id":"https:\/\/outilstice.com\/2024\/09\/numerique-a-lecole-ipad-en-classe-econocom\/#primaryimage"},"thumbnailUrl":"https:\/\/outilstice.com\/wp-content\/uploads\/2024\/09\/BLOC-ENJEUX-NUMERIQUES-3.png","datePublished":"2024-09-27T14:56:43+00:00","dateModified":"2024-09-27T14:56:43+00:00","description":"D\u00e9couvrez 6 vid\u00e9os exclusives sur l'int\u00e9gration des iPad \u00e0 l'\u00e9cole. T\u00e9moignages d'experts, conseils pratiques et retours d'exp\u00e9rience pour comprendre la r\u00e9volution num\u00e9rique dans l'\u00e9ducation. \ud83c\udf4e\ud83d\udcbb","breadcrumb":{"@id":"https:\/\/outilstice.com\/2024\/09\/numerique-a-lecole-ipad-en-classe-econocom\/#breadcrumb"},"inLanguage":"en-GB","potentialAction":[{"@type":"ReadAction","target":["https:\/\/outilstice.com\/2024\/09\/numerique-a-lecole-ipad-en-classe-econocom\/"]}]},{"@type":"ImageObject","inLanguage":"en-GB","@id":"https:\/\/outilstice.com\/2024\/09\/numerique-a-lecole-ipad-en-classe-econocom\/#primaryimage","url":"https:\/\/outilstice.com\/wp-content\/uploads\/2024\/09\/BLOC-ENJEUX-NUMERIQUES-3.png","contentUrl":"https:\/\/outilstice.com\/wp-content\/uploads\/2024\/09\/BLOC-ENJEUX-NUMERIQUES-3.png","width":730,"height":411,"caption":"Photo d'un enfant utilisant un ipad en classe"},{"@type":"BreadcrumbList","@id":"https:\/\/outilstice.com\/2024\/09\/numerique-a-lecole-ipad-en-classe-econocom\/#breadcrumb","itemListElement":[{"@type":"ListItem","position":1,"name":"Accueil","item":"https:\/\/outilstice.com\/"},{"@type":"ListItem","position":2,"name":"iPad en Classe","item":"https:\/\/outilstice.com\/ipad-en-classe\/"},{"@type":"ListItem","position":3,"name":"Regards crois\u00e9s sur le num\u00e9rique \u00e0 l&#8217;\u00e9cole : Les iPad en classe."}]},{"@type":"WebSite","@id":"https:\/\/outilstice.com\/#website","url":"https:\/\/outilstice.com\/","name":"Les Outils Tice","description":"L&#039;actualit\u00e9 des outils num\u00e9riques pour l&#039;\u00e9ducation","publisher":{"@id":"https:\/\/outilstice.com\/#\/schema\/person\/ec4809142ef009f96b5af2c906a48cd0"},"potentialAction":[{"@type":"SearchAction","target":{"@type":"EntryPoint","urlTemplate":"https:\/\/outilstice.com\/?s={search_term_string}"},"query-input":{"@type":"PropertyValueSpecification","valueRequired":true,"valueName":"search_term_string"}}],"inLanguage":"en-GB"},{"@type":["Person","Organization"],"@id":"https:\/\/outilstice.com\/#\/schema\/person\/ec4809142ef009f96b5af2c906a48cd0","name":"Fidel Navamuel","image":{"@type":"ImageObject","inLanguage":"en-GB","@id":"https:\/\/outilstice.com\/#\/schema\/person\/image\/","url":"https:\/\/outilstice.com\/wp-content\/uploads\/2014\/11\/fidel.jpg","contentUrl":"https:\/\/outilstice.com\/wp-content\/uploads\/2014\/11\/fidel.jpg","width":570,"height":428,"caption":"Fidel Navamuel"},"logo":{"@id":"https:\/\/outilstice.com\/#\/schema\/person\/image\/"},"description":"Journaliste et responsable des sites \"Les Outils du Web\". Le r\u00e9seau \"Les Outils du Web\"regroupe sept sites d'information en ligne autour des nouvelles technologies, de la veille, des outils collaboratifs, des tice, de l'ia et du Web2. Responsable du d\u00e9veloppement de l'\u00e9cole des m\u00e9tiers de l'information \u00e0 Paris. Coop\u00e9rative de formation, l'\u00e9mi est reconnue pour ses formations qui accompagnent la mutation num\u00e9rique au c\u0153ur des m\u00e9tiers et des organisations.","sameAs":["https:\/\/outilstice.com","https:\/\/www.facebook.com\/lesoutilsweb","https:\/\/www.instagram.com\/outilstice\/","http:\/\/fr.linkedin.com\/in\/navamuel\/","http:\/\/www.pinterest.com\/fideln\/","https:\/\/x.com\/outilstice"],"gender":"homme","jobTitle":"Journaliste"}]}},"modified_by":"Fidel Navamuel","_links":{"self":[{"href":"https:\/\/outilstice.com\/en\/wp-json\/wp\/v2\/posts\/13406"}],"collection":[{"href":"https:\/\/outilstice.com\/en\/wp-json\/wp\/v2\/posts"}],"about":[{"href":"https:\/\/outilstice.com\/en\/wp-json\/wp\/v2\/types\/post"}],"author":[{"embeddable":true,"href":"https:\/\/outilstice.com\/en\/wp-json\/wp\/v2\/users\/1"}],"replies":[{"embeddable":true,"href":"https:\/\/outilstice.com\/en\/wp-json\/wp\/v2\/comments?post=13406"}],"version-history":[{"count":3,"href":"https:\/\/outilstice.com\/en\/wp-json\/wp\/v2\/posts\/13406\/revisions"}],"predecessor-version":[{"id":13424,"href":"https:\/\/outilstice.com\/en\/wp-json\/wp\/v2\/posts\/13406\/revisions\/13424"}],"wp:featuredmedia":[{"embeddable":true,"href":"https:\/\/outilstice.com\/en\/wp-json\/wp\/v2\/media\/13416"}],"wp:attachment":[{"href":"https:\/\/outilstice.com\/en\/wp-json\/wp\/v2\/media?parent=13406"}],"wp:term":[{"taxonomy":"category","embeddable":true,"href":"https:\/\/outilstice.com\/en\/wp-json\/wp\/v2\/categories?post=13406"},{"taxonomy":"post_tag","embeddable":true,"href":"https:\/\/outilstice.com\/en\/wp-json\/wp\/v2\/tags?post=13406"}],"curies":[{"name":"wp","href":"https:\/\/api.w.org\/{rel}","templated":true}]}}