{"id":14607,"date":"2025-05-14T07:42:17","date_gmt":"2025-05-14T05:42:17","guid":{"rendered":"https:\/\/outilstice.com\/?p=14607"},"modified":"2025-05-11T19:42:48","modified_gmt":"2025-05-11T17:42:48","slug":"nous-rentrerons-ensemble-webdocumentaire-ravensbruck","status":"publish","type":"post","link":"https:\/\/outilstice.com\/en\/2025\/05\/nous-rentrerons-ensemble-webdocumentaire-ravensbruck\/","title":{"rendered":"We'll go home together. Magnificent webdocumentary to not forget anything"},"content":{"rendered":"<p data-pm-slice=\"1 1 []\"><strong>We will go back together. Suzanne and Simone, a friendship in Ravensbr\u00fcck \u00bb<\/strong> is a moving web documentary produced by France24 that sheds an intimate and unprecedented light on the story of two French women deported to the Ravensbr\u00fcck camp.<\/p>\n<p><a href=\"https:\/\/webdoc.france24.com\/nous-rentrerons-ensemble-suzanne-simone-camp-ravensbruck\/entretenir-memoire.html\" target=\"_blank\" rel=\"noopener\">This Multimedia Story<\/a>, the fruit of the remarkable work of <strong><a href=\"https:\/\/www.france24.com\/fr\/auteur\/st%C3%A9phanie-trouillard\/\" target=\"_blank\" rel=\"noopener\">St\u00e9phanie Trouillard<\/a><\/strong> and Claire Paccalin, <strong>an invaluable educational resource.<\/strong><\/p>\n<p>Through the intersecting fate of a young Breton woman who entered the Resistance by chance and a Parisian woman who was engaged from the first days of the Occupation, we discover more than the horror of an infamous camp: we witness the fragile but powerful birth of a friendship that allowed these two young women to resist the dehumanisation of everyday life.<\/p>\n<div id=\"attachment_14608\" style=\"width: 730px\" class=\"wp-caption aligncenter\"><img loading=\"lazy\" decoding=\"async\" aria-describedby=\"caption-attachment-14608\" class=\"size-large wp-image-14608\" src=\"https:\/\/outilstice.com\/wp-content\/uploads\/2025\/05\/webdoc-suzanne-simone-1024x679.jpeg\" alt=\"\" width=\"720\" height=\"477\" srcset=\"https:\/\/outilstice.com\/wp-content\/uploads\/2025\/05\/webdoc-suzanne-simone-1024x679.jpeg 1024w, https:\/\/outilstice.com\/wp-content\/uploads\/2025\/05\/webdoc-suzanne-simone-300x199.jpeg 300w, https:\/\/outilstice.com\/wp-content\/uploads\/2025\/05\/webdoc-suzanne-simone-768x509.jpeg 768w, https:\/\/outilstice.com\/wp-content\/uploads\/2025\/05\/webdoc-suzanne-simone-1536x1018.jpeg 1536w, https:\/\/outilstice.com\/wp-content\/uploads\/2025\/05\/webdoc-suzanne-simone.jpeg 1920w\" sizes=\"(max-width: 720px) 100vw, 720px\" \/><p id=\"caption-attachment-14608\" class=\"wp-caption-text\">webdoc suzanne and simone<\/p><\/div>\n<p>This documentary, enriched by rare archives and Suzanne\u2019s precious and late testimony, offers an original, humanly poignant and pedagogically essential look at one of the darkest periods in our contemporary history.<\/p>\n<p>You will hear the voice of Suzanne testifying and telling, telling \u2026 again You will be absorbed by the images and photos of these two girls, the period documents, the return to the memorial sites.<\/p>\n<p>A remarkable documentary and narrative work. The technical realization is at the top. Congratulations to the authors.<\/p>\n<div id=\"ez-toc-container\" class=\"ez-toc-v2_0_77 counter-hierarchy ez-toc-counter ez-toc-light-blue ez-toc-container-direction\">\n<p class=\"ez-toc-title\" style=\"cursor:inherit\">Table of Contents<\/p>\n<label for=\"ez-toc-cssicon-toggle-item-69f3010f3f175\" class=\"ez-toc-cssicon-toggle-label\"><span class=\"\"><span class=\"eztoc-hide\" style=\"display:none;\">Toggle<\/span><span class=\"ez-toc-icon-toggle-span\"><svg style=\"fill: #999;color:#999\" xmlns=\"http:\/\/www.w3.org\/2000\/svg\" class=\"list-377408\" width=\"20px\" height=\"20px\" viewbox=\"0 0 24 24\" fill=\"none\"><path d=\"M6 6H4v2h2V6zm14 0H8v2h12V6zM4 11h2v2H4v-2zm16 0H8v2h12v-2zM4 16h2v2H4v-2zm16 0H8v2h12v-2z\" fill=\"currentColor\"><\/path><\/svg><svg style=\"fill: #999;color:#999\" class=\"arrow-unsorted-368013\" xmlns=\"http:\/\/www.w3.org\/2000\/svg\" width=\"10px\" height=\"10px\" viewbox=\"0 0 24 24\" version=\"1.2\" baseprofile=\"tiny\"><path d=\"M18.2 9.3l-6.2-6.3-6.2 6.3c-.2.2-.3.4-.3.7s.1.5.3.7c.2.2.4.3.7.3h11c.3 0 .5-.1.7-.3.2-.2.3-.5.3-.7s-.1-.5-.3-.7zM5.8 14.7l6.2 6.3 6.2-6.3c.2-.2.3-.5.3-.7s-.1-.5-.3-.7c-.2-.2-.4-.3-.7-.3h-11c-.3 0-.5.1-.7.3-.2.2-.3.5-.3.7s.1.5.3.7z\"\/><\/svg><\/span><\/span><\/label><input type=\"checkbox\"  id=\"ez-toc-cssicon-toggle-item-69f3010f3f175\"  aria-label=\"Toggle\" \/><nav><ul class='ez-toc-list ez-toc-list-level-1' ><li class='ez-toc-page-1 ez-toc-heading-level-2'><a class=\"ez-toc-link ez-toc-heading-1\" href=\"https:\/\/outilstice.com\/en\/2025\/05\/nous-rentrerons-ensemble-webdocumentaire-ravensbruck\/#Une_histoire_de_combat_et_damitie_en_cinq_chapitres\" >A story of combat and friendship in five chapters<\/a><\/li><li class='ez-toc-page-1 ez-toc-heading-level-2'><a class=\"ez-toc-link ez-toc-heading-2\" href=\"https:\/\/outilstice.com\/en\/2025\/05\/nous-rentrerons-ensemble-webdocumentaire-ravensbruck\/#Pourquoi_lutiliser_en_classe\" >Why use it in class?<\/a><\/li><li class='ez-toc-page-1 ez-toc-heading-level-2'><a class=\"ez-toc-link ez-toc-heading-3\" href=\"https:\/\/outilstice.com\/en\/2025\/05\/nous-rentrerons-ensemble-webdocumentaire-ravensbruck\/#Un_outil_pedagogique_precieux\" >A valuable educational tool<\/a><\/li><\/ul><\/nav><\/div>\n<h2 data-pm-slice=\"1 1 []\"><span class=\"ez-toc-section\" id=\"Une_histoire_de_combat_et_damitie_en_cinq_chapitres\"><\/span>A story of combat and friendship in five chapters<span class=\"ez-toc-section-end\"><\/span><\/h2>\n<p>Suzanne waited until she was 73 years old to share her experience during the Second World War, a rare testimony recorded on cassette at the time. For decades, she has kept silent about this painful past.<\/p>\n<p>The webdocumentary is divided into five chapters that offer a global vision of these two exceptional journeys.<\/p>\n<p><strong>Chapter 1: A Dive into the Resistance.<\/strong> The story begins with the commitment of these two exceptional women. Suzanne Bouvard, a 20-year-old Breton girl, joins the Resistance almost by chance, helping free France's maquisards and paratroopers. Simone S\u00e9ailles, a cultured Parisian, became involved in resistance networks from the beginning of the occupation. Their paths, although different, converge towards the same destiny.<\/p>\n<p><img loading=\"lazy\" decoding=\"async\" class=\"aligncenter wp-image-14609\" src=\"https:\/\/outilstice.com\/wp-content\/uploads\/2025\/05\/suzanne-et-simone-2-1.jpg.webp\" alt=\"document resistance\" width=\"570\" height=\"429\" srcset=\"https:\/\/outilstice.com\/wp-content\/uploads\/2025\/05\/suzanne-et-simone-2-1.jpg.webp 852w, https:\/\/outilstice.com\/wp-content\/uploads\/2025\/05\/suzanne-et-simone-2-1.jpg-300x226.webp 300w, https:\/\/outilstice.com\/wp-content\/uploads\/2025\/05\/suzanne-et-simone-2-1.jpg-768x578.webp 768w\" sizes=\"(max-width: 570px) 100vw, 570px\" \/><\/p>\n<p><strong>Chapter 2: From Brittany to Ravensbr\u00fcck.<\/strong> This part traces the terrible journey to Ravensbr\u00fcck. Of the 8,000 French women deported to this camp, many will not return. The testimonies collected describe the horror of cattle wagons, the dehumanisation on arrival, the shock of the discovery of the camp. The archives presented, including the camp's administrative documents, give a tangible dimension to this story.<\/p>\n<p><img loading=\"lazy\" decoding=\"async\" class=\"aligncenter wp-image-14610\" src=\"https:\/\/outilstice.com\/wp-content\/uploads\/2025\/05\/BESNIEE.jpg\" alt=\"\" width=\"771\" height=\"602\" srcset=\"https:\/\/outilstice.com\/wp-content\/uploads\/2025\/05\/BESNIEE.jpg 1000w, https:\/\/outilstice.com\/wp-content\/uploads\/2025\/05\/BESNIEE-300x234.jpg 300w, https:\/\/outilstice.com\/wp-content\/uploads\/2025\/05\/BESNIEE-768x600.jpg 768w\" sizes=\"(max-width: 771px) 100vw, 771px\" \/><\/p>\n<p><strong>Chapter 3: A friendship born in the camps.<\/strong> It is in this hostile environment that an exceptional friendship is born. As Suzanne said, \"In the camp, you couldn't survive alone.\" The two women make a promise to each other: \"We will go back together.\" This solidarity becomes their strength to resist daily dehumanization.<\/p>\n<div class=\"video-container\"><iframe title=\"&quot;We will return together&quot;: Jacqueline Fleury, survivor of Ravensbr\u00fcck \u2022 FRANCE 24\" width=\"720\" height=\"405\" src=\"https:\/\/www.youtube.com\/embed\/aWChmORGpLo?feature=oembed&#038;wmode=opaque\" frameborder=\"0\" allow=\"accelerometer; autoplay; clipboard-write; encrypted-media; gyroscope; picture-in-picture; web-share\" referrerpolicy=\"strict-origin-when-cross-origin\" allowfullscreen><\/iframe><\/div>\n<p><strong>Chapter 4: A Return to the Earth.<\/strong> The liberation of the camp does not mark the end of their history. The webdocumentary sensitively exposes the difficulties of return, reconstruction, and especially the persistence of their friendship. Archival photos show their regular reunion, testifying to an unwavering bond forged in adversity.<\/p>\n<p><strong>Chapter 5: Maintaining Memory.<\/strong> The last chapter resonates particularly with the teaching mission. This web documentary is a great tool for this.<\/p>\n<p><img loading=\"lazy\" decoding=\"async\" class=\"aligncenter wp-image-14612\" src=\"https:\/\/outilstice.com\/wp-content\/uploads\/2025\/05\/tombe-de-SImone-Seailles-1-1024x682.jpg\" alt=\"Simone&#039;s tomb\" width=\"636\" height=\"424\" srcset=\"https:\/\/outilstice.com\/wp-content\/uploads\/2025\/05\/tombe-de-SImone-Seailles-1-1024x682.jpg 1024w, https:\/\/outilstice.com\/wp-content\/uploads\/2025\/05\/tombe-de-SImone-Seailles-1-300x200.jpg 300w, https:\/\/outilstice.com\/wp-content\/uploads\/2025\/05\/tombe-de-SImone-Seailles-1-768x512.jpg 768w, https:\/\/outilstice.com\/wp-content\/uploads\/2025\/05\/tombe-de-SImone-Seailles-1-1536x1024.jpg 1536w, https:\/\/outilstice.com\/wp-content\/uploads\/2025\/05\/tombe-de-SImone-Seailles-1.jpg 1700w\" sizes=\"(max-width: 636px) 100vw, 636px\" \/><\/p>\n<h2><span class=\"ez-toc-section\" id=\"Pourquoi_lutiliser_en_classe\"><\/span><strong>Why use it in class?<\/strong><span class=\"ez-toc-section-end\"><\/span><\/h2>\n<p>This webdocumentary lends itself easily to use in the classroom<\/p>\n<ul>\n<li>A narration in 5 well-structured chapters<\/li>\n<li>An engaging multimedia format for students<\/li>\n<li>An ideal medium to address:\n<ul>\n<li>Commitment to the Resistance<\/li>\n<li>Deportation<\/li>\n<li>The duty of memory<\/li>\n<li>Values of solidarity and friendship<\/li>\n<\/ul>\n<\/li>\n<\/ul>\n<p>This web-documentary helps humanise history and make it more accessible to new generations. It can serve as a starting point for discussions on citizen engagement, which are particularly relevant in recent times when dark clouds are accumulating.<\/p>\n<p>As the last direct witnesses of the Nazi period disappear, this type of document becomes crucial for perpetuating memory and educating students about the dangers of the far right.<\/p>\n<h2><span class=\"ez-toc-section\" id=\"Un_outil_pedagogique_precieux\"><\/span>A valuable educational tool<span class=\"ez-toc-section-end\"><\/span><\/h2>\n<p>This webdocumentary, like the <a href=\"https:\/\/outilstice.com\/2022\/02\/rallumons-la-lanterne-magique-des-enfants-dizieu\/\" target=\"_blank\" rel=\"noopener\">Animated film about the children of Izieu<\/a> which you may recall, reminds us that history is above all about human journeys, made of courage and solidarity.<\/p>\n<p>It allows you to discuss with your students key themes: resistance, deportation, friendship and the duty to remember. A valuable medium for making history alive and engaging students in a reflection on the values that underpin our society.<\/p>\n<p><a href=\"https:\/\/webdoc.france24.com\/nous-rentrerons-ensemble-suzanne-simone-camp-ravensbruck\/entretenir-memoire.html\" target=\"_blank\" rel=\"noopener noreferrer nofollow\">To discover and share<\/a> in class, without hesitation.<\/p>\n<p>&nbsp;<\/p>\n<div id=\"attachment_14613\" style=\"width: 730px\" class=\"wp-caption aligncenter\"><img loading=\"lazy\" decoding=\"async\" aria-describedby=\"caption-attachment-14613\" class=\"size-large wp-image-14613\" src=\"https:\/\/outilstice.com\/wp-content\/uploads\/2025\/05\/SCR-20250511-rbcc-1024x334.png\" alt=\"\" width=\"720\" height=\"235\" srcset=\"https:\/\/outilstice.com\/wp-content\/uploads\/2025\/05\/SCR-20250511-rbcc-1024x334.png 1024w, https:\/\/outilstice.com\/wp-content\/uploads\/2025\/05\/SCR-20250511-rbcc-300x98.png 300w, https:\/\/outilstice.com\/wp-content\/uploads\/2025\/05\/SCR-20250511-rbcc-768x250.png 768w, https:\/\/outilstice.com\/wp-content\/uploads\/2025\/05\/SCR-20250511-rbcc-1536x500.png 1536w, https:\/\/outilstice.com\/wp-content\/uploads\/2025\/05\/SCR-20250511-rbcc-2048x667.png 2048w\" sizes=\"(max-width: 720px) 100vw, 720px\" \/><p id=\"caption-attachment-14613\" class=\"wp-caption-text\"><strong>Simone Bouvard<\/strong><\/p><\/div>","protected":false},"excerpt":{"rendered":"<p>We will go back together. Suzanne and Simone, un amiti\u00e9 \u00e0 Ravensbr\u00fcck\u2019 is a moving web documentary produced by France24 that sheds light on the story of two French women deported to France from an intimate and unprecedented perspective.<\/p>","protected":false},"author":1,"featured_media":14608,"comment_status":"open","ping_status":"closed","sticky":false,"template":"","format":"standard","meta":{"content-type":"","_lmt_disableupdate":"no","_lmt_disable":"no","footnotes":""},"categories":[11,64],"tags":[],"yoast_head":"<!-- This site is optimized with the Yoast SEO Premium plugin v20.4 (Yoast SEO v23.4) - https:\/\/yoast.com\/wordpress\/plugins\/seo\/ -->\n<title>Nous rentrerons ensemble. Un webdocumentaire pour ne rien oublier<\/title>\n<meta name=\"description\" content=\"Nous rentrerons ensemble \u00bb, un webdocumentaire p\u00e9dagogique poignant sur l\u2019amiti\u00e9 entre deux r\u00e9sistantes fran\u00e7aises \u00e0 Ravensbr\u00fcck. Ressource pr\u00e9cieuse pour enseigner la R\u00e9sistance, la d\u00e9portation et le devoir de m\u00e9moire.\" \/>\n<meta name=\"robots\" content=\"index, follow, max-snippet:-1, max-image-preview:large, max-video-preview:-1\" \/>\n<link rel=\"canonical\" href=\"https:\/\/outilstice.com\/en\/2025\/05\/nous-rentrerons-ensemble-webdocumentaire-ravensbruck\/\" \/>\n<meta property=\"og:locale\" content=\"en_GB\" \/>\n<meta property=\"og:type\" content=\"article\" \/>\n<meta property=\"og:title\" content=\"Nous rentrerons ensemble. Magnifique webdocumentaire pour ne rien oublier\" \/>\n<meta property=\"og:description\" content=\"\u00ab Nous rentrerons ensemble. Suzanne et Simone, une amiti\u00e9 \u00e0 Ravensbr\u00fcck \u00bb est un webdocumentaire \u00e9mouvant produit par France24 qui \u00e9claire sous un angle\" \/>\n<meta property=\"og:url\" content=\"https:\/\/outilstice.com\/en\/2025\/05\/nous-rentrerons-ensemble-webdocumentaire-ravensbruck\/\" \/>\n<meta property=\"og:site_name\" content=\"Les Outils Tice\" \/>\n<meta property=\"article:publisher\" content=\"https:\/\/www.facebook.com\/lesoutilsweb\" \/>\n<meta property=\"article:author\" content=\"https:\/\/www.facebook.com\/lesoutilsweb\" \/>\n<meta property=\"article:published_time\" content=\"2025-05-14T05:42:17+00:00\" \/>\n<meta property=\"article:modified_time\" content=\"2025-05-11T17:42:48+00:00\" \/>\n<meta property=\"og:image\" content=\"https:\/\/outilstice.com\/wp-content\/uploads\/2025\/05\/webdoc-suzanne-simone.jpeg\" \/>\n\t<meta property=\"og:image:width\" content=\"1920\" \/>\n\t<meta property=\"og:image:height\" content=\"1273\" \/>\n\t<meta property=\"og:image:type\" content=\"image\/jpeg\" \/>\n<meta name=\"author\" content=\"Fidel Navamuel\" \/>\n<meta name=\"twitter:card\" content=\"summary_large_image\" \/>\n<meta name=\"twitter:creator\" content=\"@outilstice\" \/>\n<meta name=\"twitter:site\" content=\"@outilstice\" \/>\n<meta name=\"twitter:label1\" content=\"Written by\" \/>\n\t<meta name=\"twitter:data1\" content=\"Fidel Navamuel\" \/>\n\t<meta name=\"twitter:label2\" content=\"Estimated reading time\" \/>\n\t<meta name=\"twitter:data2\" content=\"4 minutes\" \/>\n<script type=\"application\/ld+json\" class=\"yoast-schema-graph\">{\"@context\":\"https:\/\/schema.org\",\"@graph\":[{\"@type\":[\"Article\",\"BlogPosting\"],\"@id\":\"https:\/\/outilstice.com\/2025\/05\/nous-rentrerons-ensemble-webdocumentaire-ravensbruck\/#article\",\"isPartOf\":{\"@id\":\"https:\/\/outilstice.com\/2025\/05\/nous-rentrerons-ensemble-webdocumentaire-ravensbruck\/\"},\"author\":{\"name\":\"Fidel Navamuel\",\"@id\":\"https:\/\/outilstice.com\/#\/schema\/person\/ec4809142ef009f96b5af2c906a48cd0\"},\"headline\":\"Nous rentrerons ensemble. Magnifique webdocumentaire pour ne rien oublier\",\"datePublished\":\"2025-05-14T05:42:17+00:00\",\"dateModified\":\"2025-05-11T17:42:48+00:00\",\"mainEntityOfPage\":{\"@id\":\"https:\/\/outilstice.com\/2025\/05\/nous-rentrerons-ensemble-webdocumentaire-ravensbruck\/\"},\"wordCount\":830,\"commentCount\":0,\"publisher\":{\"@id\":\"https:\/\/outilstice.com\/#\/schema\/person\/ec4809142ef009f96b5af2c906a48cd0\"},\"image\":{\"@id\":\"https:\/\/outilstice.com\/2025\/05\/nous-rentrerons-ensemble-webdocumentaire-ravensbruck\/#primaryimage\"},\"thumbnailUrl\":\"https:\/\/outilstice.com\/wp-content\/uploads\/2025\/05\/webdoc-suzanne-simone.jpeg\",\"articleSection\":[\"Histoire\",\"Multimedia\"],\"inLanguage\":\"en-GB\",\"potentialAction\":[{\"@type\":\"CommentAction\",\"name\":\"Comment\",\"target\":[\"https:\/\/outilstice.com\/2025\/05\/nous-rentrerons-ensemble-webdocumentaire-ravensbruck\/#respond\"]}]},{\"@type\":\"WebPage\",\"@id\":\"https:\/\/outilstice.com\/2025\/05\/nous-rentrerons-ensemble-webdocumentaire-ravensbruck\/\",\"url\":\"https:\/\/outilstice.com\/2025\/05\/nous-rentrerons-ensemble-webdocumentaire-ravensbruck\/\",\"name\":\"Nous rentrerons ensemble. Un webdocumentaire pour ne rien oublier\",\"isPartOf\":{\"@id\":\"https:\/\/outilstice.com\/#website\"},\"primaryImageOfPage\":{\"@id\":\"https:\/\/outilstice.com\/2025\/05\/nous-rentrerons-ensemble-webdocumentaire-ravensbruck\/#primaryimage\"},\"image\":{\"@id\":\"https:\/\/outilstice.com\/2025\/05\/nous-rentrerons-ensemble-webdocumentaire-ravensbruck\/#primaryimage\"},\"thumbnailUrl\":\"https:\/\/outilstice.com\/wp-content\/uploads\/2025\/05\/webdoc-suzanne-simone.jpeg\",\"datePublished\":\"2025-05-14T05:42:17+00:00\",\"dateModified\":\"2025-05-11T17:42:48+00:00\",\"description\":\"Nous rentrerons ensemble \u00bb, un webdocumentaire p\u00e9dagogique poignant sur l\u2019amiti\u00e9 entre deux r\u00e9sistantes fran\u00e7aises \u00e0 Ravensbr\u00fcck. Ressource pr\u00e9cieuse pour enseigner la R\u00e9sistance, la d\u00e9portation et le devoir de m\u00e9moire.\",\"breadcrumb\":{\"@id\":\"https:\/\/outilstice.com\/2025\/05\/nous-rentrerons-ensemble-webdocumentaire-ravensbruck\/#breadcrumb\"},\"inLanguage\":\"en-GB\",\"potentialAction\":[{\"@type\":\"ReadAction\",\"target\":[\"https:\/\/outilstice.com\/2025\/05\/nous-rentrerons-ensemble-webdocumentaire-ravensbruck\/\"]}]},{\"@type\":\"ImageObject\",\"inLanguage\":\"en-GB\",\"@id\":\"https:\/\/outilstice.com\/2025\/05\/nous-rentrerons-ensemble-webdocumentaire-ravensbruck\/#primaryimage\",\"url\":\"https:\/\/outilstice.com\/wp-content\/uploads\/2025\/05\/webdoc-suzanne-simone.jpeg\",\"contentUrl\":\"https:\/\/outilstice.com\/wp-content\/uploads\/2025\/05\/webdoc-suzanne-simone.jpeg\",\"width\":1920,\"height\":1273,\"caption\":\"webdoc suzanne et simone\"},{\"@type\":\"BreadcrumbList\",\"@id\":\"https:\/\/outilstice.com\/2025\/05\/nous-rentrerons-ensemble-webdocumentaire-ravensbruck\/#breadcrumb\",\"itemListElement\":[{\"@type\":\"ListItem\",\"position\":1,\"name\":\"Accueil\",\"item\":\"https:\/\/outilstice.com\/\"},{\"@type\":\"ListItem\",\"position\":2,\"name\":\"Histoire\",\"item\":\"https:\/\/outilstice.com\/histoire\/\"},{\"@type\":\"ListItem\",\"position\":3,\"name\":\"Nous rentrerons ensemble. Magnifique webdocumentaire pour ne rien oublier\"}]},{\"@type\":\"WebSite\",\"@id\":\"https:\/\/outilstice.com\/#website\",\"url\":\"https:\/\/outilstice.com\/\",\"name\":\"Les Outils Tice\",\"description\":\"L&#039;actualit\u00e9 des outils num\u00e9riques pour l&#039;\u00e9ducation\",\"publisher\":{\"@id\":\"https:\/\/outilstice.com\/#\/schema\/person\/ec4809142ef009f96b5af2c906a48cd0\"},\"potentialAction\":[{\"@type\":\"SearchAction\",\"target\":{\"@type\":\"EntryPoint\",\"urlTemplate\":\"https:\/\/outilstice.com\/?s={search_term_string}\"},\"query-input\":{\"@type\":\"PropertyValueSpecification\",\"valueRequired\":true,\"valueName\":\"search_term_string\"}}],\"inLanguage\":\"en-GB\"},{\"@type\":[\"Person\",\"Organization\"],\"@id\":\"https:\/\/outilstice.com\/#\/schema\/person\/ec4809142ef009f96b5af2c906a48cd0\",\"name\":\"Fidel Navamuel\",\"image\":{\"@type\":\"ImageObject\",\"inLanguage\":\"en-GB\",\"@id\":\"https:\/\/outilstice.com\/#\/schema\/person\/image\/\",\"url\":\"https:\/\/outilstice.com\/wp-content\/uploads\/2014\/11\/fidel.jpg\",\"contentUrl\":\"https:\/\/outilstice.com\/wp-content\/uploads\/2014\/11\/fidel.jpg\",\"width\":570,\"height\":428,\"caption\":\"Fidel Navamuel\"},\"logo\":{\"@id\":\"https:\/\/outilstice.com\/#\/schema\/person\/image\/\"},\"description\":\"Journaliste et responsable des sites \\\"Les Outils du Web\\\". Le r\u00e9seau \\\"Les Outils du Web\\\"regroupe sept sites d'information en ligne autour des nouvelles technologies, de la veille, des outils collaboratifs, des tice, de l'ia et du Web2. Responsable du d\u00e9veloppement de l'\u00e9cole des m\u00e9tiers de l'information \u00e0 Paris. Coop\u00e9rative de formation, l'\u00e9mi est reconnue pour ses formations qui accompagnent la mutation num\u00e9rique au c\u0153ur des m\u00e9tiers et des organisations.\",\"sameAs\":[\"https:\/\/outilstice.com\",\"https:\/\/www.facebook.com\/lesoutilsweb\",\"https:\/\/www.instagram.com\/outilstice\/\",\"http:\/\/fr.linkedin.com\/in\/navamuel\/\",\"http:\/\/www.pinterest.com\/fideln\/\",\"https:\/\/x.com\/outilstice\"],\"gender\":\"homme\",\"jobTitle\":\"Journaliste\"}]}<\/script>\n<!-- \/ Yoast SEO Premium plugin. -->","yoast_head_json":{"title":"Nous rentrerons ensemble. Un webdocumentaire pour ne rien oublier","description":"Nous rentrerons ensemble \u00bb, un webdocumentaire p\u00e9dagogique poignant sur l\u2019amiti\u00e9 entre deux r\u00e9sistantes fran\u00e7aises \u00e0 Ravensbr\u00fcck. Ressource pr\u00e9cieuse pour enseigner la R\u00e9sistance, la d\u00e9portation et le devoir de m\u00e9moire.","robots":{"index":"index","follow":"follow","max-snippet":"max-snippet:-1","max-image-preview":"max-image-preview:large","max-video-preview":"max-video-preview:-1"},"canonical":"https:\/\/outilstice.com\/en\/2025\/05\/nous-rentrerons-ensemble-webdocumentaire-ravensbruck\/","og_locale":"en_GB","og_type":"article","og_title":"Nous rentrerons ensemble. Magnifique webdocumentaire pour ne rien oublier","og_description":"\u00ab Nous rentrerons ensemble. Suzanne et Simone, une amiti\u00e9 \u00e0 Ravensbr\u00fcck \u00bb est un webdocumentaire \u00e9mouvant produit par France24 qui \u00e9claire sous un angle","og_url":"https:\/\/outilstice.com\/en\/2025\/05\/nous-rentrerons-ensemble-webdocumentaire-ravensbruck\/","og_site_name":"Les Outils Tice","article_publisher":"https:\/\/www.facebook.com\/lesoutilsweb","article_author":"https:\/\/www.facebook.com\/lesoutilsweb","article_published_time":"2025-05-14T05:42:17+00:00","article_modified_time":"2025-05-11T17:42:48+00:00","og_image":[{"width":1920,"height":1273,"url":"https:\/\/outilstice.com\/wp-content\/uploads\/2025\/05\/webdoc-suzanne-simone.jpeg","type":"image\/jpeg"}],"author":"Fidel Navamuel","twitter_card":"summary_large_image","twitter_creator":"@outilstice","twitter_site":"@outilstice","twitter_misc":{"Written by":"Fidel Navamuel","Estimated reading time":"4 minutes"},"schema":{"@context":"https:\/\/schema.org","@graph":[{"@type":["Article","BlogPosting"],"@id":"https:\/\/outilstice.com\/2025\/05\/nous-rentrerons-ensemble-webdocumentaire-ravensbruck\/#article","isPartOf":{"@id":"https:\/\/outilstice.com\/2025\/05\/nous-rentrerons-ensemble-webdocumentaire-ravensbruck\/"},"author":{"name":"Fidel Navamuel","@id":"https:\/\/outilstice.com\/#\/schema\/person\/ec4809142ef009f96b5af2c906a48cd0"},"headline":"Nous rentrerons ensemble. Magnifique webdocumentaire pour ne rien oublier","datePublished":"2025-05-14T05:42:17+00:00","dateModified":"2025-05-11T17:42:48+00:00","mainEntityOfPage":{"@id":"https:\/\/outilstice.com\/2025\/05\/nous-rentrerons-ensemble-webdocumentaire-ravensbruck\/"},"wordCount":830,"commentCount":0,"publisher":{"@id":"https:\/\/outilstice.com\/#\/schema\/person\/ec4809142ef009f96b5af2c906a48cd0"},"image":{"@id":"https:\/\/outilstice.com\/2025\/05\/nous-rentrerons-ensemble-webdocumentaire-ravensbruck\/#primaryimage"},"thumbnailUrl":"https:\/\/outilstice.com\/wp-content\/uploads\/2025\/05\/webdoc-suzanne-simone.jpeg","articleSection":["Histoire","Multimedia"],"inLanguage":"en-GB","potentialAction":[{"@type":"CommentAction","name":"Comment","target":["https:\/\/outilstice.com\/2025\/05\/nous-rentrerons-ensemble-webdocumentaire-ravensbruck\/#respond"]}]},{"@type":"WebPage","@id":"https:\/\/outilstice.com\/2025\/05\/nous-rentrerons-ensemble-webdocumentaire-ravensbruck\/","url":"https:\/\/outilstice.com\/2025\/05\/nous-rentrerons-ensemble-webdocumentaire-ravensbruck\/","name":"Nous rentrerons ensemble. Un webdocumentaire pour ne rien oublier","isPartOf":{"@id":"https:\/\/outilstice.com\/#website"},"primaryImageOfPage":{"@id":"https:\/\/outilstice.com\/2025\/05\/nous-rentrerons-ensemble-webdocumentaire-ravensbruck\/#primaryimage"},"image":{"@id":"https:\/\/outilstice.com\/2025\/05\/nous-rentrerons-ensemble-webdocumentaire-ravensbruck\/#primaryimage"},"thumbnailUrl":"https:\/\/outilstice.com\/wp-content\/uploads\/2025\/05\/webdoc-suzanne-simone.jpeg","datePublished":"2025-05-14T05:42:17+00:00","dateModified":"2025-05-11T17:42:48+00:00","description":"Nous rentrerons ensemble \u00bb, un webdocumentaire p\u00e9dagogique poignant sur l\u2019amiti\u00e9 entre deux r\u00e9sistantes fran\u00e7aises \u00e0 Ravensbr\u00fcck. Ressource pr\u00e9cieuse pour enseigner la R\u00e9sistance, la d\u00e9portation et le devoir de m\u00e9moire.","breadcrumb":{"@id":"https:\/\/outilstice.com\/2025\/05\/nous-rentrerons-ensemble-webdocumentaire-ravensbruck\/#breadcrumb"},"inLanguage":"en-GB","potentialAction":[{"@type":"ReadAction","target":["https:\/\/outilstice.com\/2025\/05\/nous-rentrerons-ensemble-webdocumentaire-ravensbruck\/"]}]},{"@type":"ImageObject","inLanguage":"en-GB","@id":"https:\/\/outilstice.com\/2025\/05\/nous-rentrerons-ensemble-webdocumentaire-ravensbruck\/#primaryimage","url":"https:\/\/outilstice.com\/wp-content\/uploads\/2025\/05\/webdoc-suzanne-simone.jpeg","contentUrl":"https:\/\/outilstice.com\/wp-content\/uploads\/2025\/05\/webdoc-suzanne-simone.jpeg","width":1920,"height":1273,"caption":"webdoc suzanne et simone"},{"@type":"BreadcrumbList","@id":"https:\/\/outilstice.com\/2025\/05\/nous-rentrerons-ensemble-webdocumentaire-ravensbruck\/#breadcrumb","itemListElement":[{"@type":"ListItem","position":1,"name":"Accueil","item":"https:\/\/outilstice.com\/"},{"@type":"ListItem","position":2,"name":"Histoire","item":"https:\/\/outilstice.com\/histoire\/"},{"@type":"ListItem","position":3,"name":"Nous rentrerons ensemble. Magnifique webdocumentaire pour ne rien oublier"}]},{"@type":"WebSite","@id":"https:\/\/outilstice.com\/#website","url":"https:\/\/outilstice.com\/","name":"Les Outils Tice","description":"L&#039;actualit\u00e9 des outils num\u00e9riques pour l&#039;\u00e9ducation","publisher":{"@id":"https:\/\/outilstice.com\/#\/schema\/person\/ec4809142ef009f96b5af2c906a48cd0"},"potentialAction":[{"@type":"SearchAction","target":{"@type":"EntryPoint","urlTemplate":"https:\/\/outilstice.com\/?s={search_term_string}"},"query-input":{"@type":"PropertyValueSpecification","valueRequired":true,"valueName":"search_term_string"}}],"inLanguage":"en-GB"},{"@type":["Person","Organization"],"@id":"https:\/\/outilstice.com\/#\/schema\/person\/ec4809142ef009f96b5af2c906a48cd0","name":"Fidel Navamuel","image":{"@type":"ImageObject","inLanguage":"en-GB","@id":"https:\/\/outilstice.com\/#\/schema\/person\/image\/","url":"https:\/\/outilstice.com\/wp-content\/uploads\/2014\/11\/fidel.jpg","contentUrl":"https:\/\/outilstice.com\/wp-content\/uploads\/2014\/11\/fidel.jpg","width":570,"height":428,"caption":"Fidel Navamuel"},"logo":{"@id":"https:\/\/outilstice.com\/#\/schema\/person\/image\/"},"description":"Journaliste et responsable des sites \"Les Outils du Web\". Le r\u00e9seau \"Les Outils du Web\"regroupe sept sites d'information en ligne autour des nouvelles technologies, de la veille, des outils collaboratifs, des tice, de l'ia et du Web2. Responsable du d\u00e9veloppement de l'\u00e9cole des m\u00e9tiers de l'information \u00e0 Paris. Coop\u00e9rative de formation, l'\u00e9mi est reconnue pour ses formations qui accompagnent la mutation num\u00e9rique au c\u0153ur des m\u00e9tiers et des organisations.","sameAs":["https:\/\/outilstice.com","https:\/\/www.facebook.com\/lesoutilsweb","https:\/\/www.instagram.com\/outilstice\/","http:\/\/fr.linkedin.com\/in\/navamuel\/","http:\/\/www.pinterest.com\/fideln\/","https:\/\/x.com\/outilstice"],"gender":"homme","jobTitle":"Journaliste"}]}},"modified_by":"Fidel Navamuel","_links":{"self":[{"href":"https:\/\/outilstice.com\/en\/wp-json\/wp\/v2\/posts\/14607"}],"collection":[{"href":"https:\/\/outilstice.com\/en\/wp-json\/wp\/v2\/posts"}],"about":[{"href":"https:\/\/outilstice.com\/en\/wp-json\/wp\/v2\/types\/post"}],"author":[{"embeddable":true,"href":"https:\/\/outilstice.com\/en\/wp-json\/wp\/v2\/users\/1"}],"replies":[{"embeddable":true,"href":"https:\/\/outilstice.com\/en\/wp-json\/wp\/v2\/comments?post=14607"}],"version-history":[{"count":1,"href":"https:\/\/outilstice.com\/en\/wp-json\/wp\/v2\/posts\/14607\/revisions"}],"predecessor-version":[{"id":14614,"href":"https:\/\/outilstice.com\/en\/wp-json\/wp\/v2\/posts\/14607\/revisions\/14614"}],"wp:featuredmedia":[{"embeddable":true,"href":"https:\/\/outilstice.com\/en\/wp-json\/wp\/v2\/media\/14608"}],"wp:attachment":[{"href":"https:\/\/outilstice.com\/en\/wp-json\/wp\/v2\/media?parent=14607"}],"wp:term":[{"taxonomy":"category","embeddable":true,"href":"https:\/\/outilstice.com\/en\/wp-json\/wp\/v2\/categories?post=14607"},{"taxonomy":"post_tag","embeddable":true,"href":"https:\/\/outilstice.com\/en\/wp-json\/wp\/v2\/tags?post=14607"}],"curies":[{"name":"wp","href":"https:\/\/api.w.org\/{rel}","templated":true}]}}