{"id":2406,"date":"2015-10-18T08:30:35","date_gmt":"2015-10-18T06:30:35","guid":{"rendered":"http:\/\/outilstice.com\/?p=2406"},"modified":"2025-02-23T10:06:13","modified_gmt":"2025-02-23T08:06:13","slug":"pablo-creer-des-images-optimisees-pour-les-reseaux-sociaux","status":"publish","type":"post","link":"https:\/\/outilstice.com\/en\/2015\/10\/pablo-creer-des-images-optimisees-pour-les-reseaux-sociaux\/","title":{"rendered":"Pablo. Create images optimized for social networks"},"content":{"rendered":"<p><strong>Pablo<\/strong> is an online tool that allows to <strong>create beautiful images containing text or quotes.<\/strong> It is particularly suitable for use on social networks as it will optimise your images for Twitter, Facebook, Instagram or Pinterest.<\/p>\n<p>If you use any of these social networks in the classroom, Pablo is the right tool for you.\u00a0Very easy to use, Pablo can be put in all hands.<\/p>\n<p><a href=\"https:\/\/outilstice.com\/wp-content\/uploads\/2015\/10\/Pablo-by-Buffer.jpg\" target=\"_blank\"><img loading=\"lazy\" decoding=\"async\" class=\"aligncenter  wp-image-2409\" src=\"https:\/\/outilstice.com\/wp-content\/uploads\/2015\/10\/Pablo-by-Buffer.jpg\" alt=\"Pablo\" width=\"581\" height=\"300\" srcset=\"https:\/\/outilstice.com\/wp-content\/uploads\/2015\/10\/Pablo-by-Buffer.jpg 1225w, https:\/\/outilstice.com\/wp-content\/uploads\/2015\/10\/Pablo-by-Buffer-300x155.jpg 300w, https:\/\/outilstice.com\/wp-content\/uploads\/2015\/10\/Pablo-by-Buffer-1024x529.jpg 1024w\" sizes=\"(max-width: 581px) 100vw, 581px\" \/><\/a><\/p>\n<p><strong>The service does everything to make it easier for you.<\/strong> First, you have hundreds of royalty-free generic images that you can use for free. But you can also add your own images via upload. Pablo provides some artistic filters to enhance or stylize your visual (blurred, black and white, etc.). All you have to do is add your text.<\/p>\n<p><a href=\"https:\/\/outilstice.com\/wp-content\/uploads\/2015\/10\/pablo.png\" target=\"_blank\"><img loading=\"lazy\" decoding=\"async\" class=\"aligncenter  wp-image-2407\" src=\"https:\/\/outilstice.com\/wp-content\/uploads\/2015\/10\/pablo.png\" alt=\"Pablo\" width=\"556\" height=\"278\" srcset=\"https:\/\/outilstice.com\/wp-content\/uploads\/2015\/10\/pablo.png 1024w, https:\/\/outilstice.com\/wp-content\/uploads\/2015\/10\/pablo-300x150.png 300w\" sizes=\"(max-width: 556px) 100vw, 556px\" \/><\/a><\/p>\n<p><strong>Everything is also configurable for the text.<\/strong> You will be able to choose from many fonts, move the text on the image as you see fit, add a secondary text \u2026 A real pleasure.<\/p>\n<p>As for the size of your image, Pablo offers you to choose from formats optimized for the main social networks such as Twitter, Facebook, Pinterest or Instagram. With a single click, Pablo will optimally resize your creation.<\/p>\n<p><a href=\"https:\/\/outilstice.com\/wp-content\/uploads\/2015\/10\/dimensions.jpg\" target=\"_blank\"><img loading=\"lazy\" decoding=\"async\" class=\"aligncenter  wp-image-2408\" src=\"https:\/\/outilstice.com\/wp-content\/uploads\/2015\/10\/dimensions.jpg\" alt=\"Pablo Buffer\" width=\"534\" height=\"248\" srcset=\"https:\/\/outilstice.com\/wp-content\/uploads\/2015\/10\/dimensions.jpg 609w, https:\/\/outilstice.com\/wp-content\/uploads\/2015\/10\/dimensions-300x139.jpg 300w\" sizes=\"(max-width: 534px) 100vw, 534px\" \/><\/a><\/p>\n<p><strong>Once satisfied with the result you have the choice between uploading your image or sharing it directly from the platform on social networks.<\/strong><\/p>\n<p>Pablo creates optimal images for social networks, but by default also to create beautiful images with quotes that you can print or integrate into a class blog or presentation.<\/p>\n<p>Created by the people of Buffer a tool that allows to manage posts on social networks, <strong>Pablo is free.<\/strong> All the more reason not to deprive yourself of it. That's great.<\/p>\n<p>Link: <strong><a href=\"https:\/\/buffer.com\/pablo\" target=\"_blank\" rel=\"noopener\">Pablo<\/a><\/strong><\/p>","protected":false},"excerpt":{"rendered":"<p>Pablo is an online tool that allows you to create beautiful images containing text or quotes. It is particularly suitable for use on social networks as it will optimise your...<\/p>","protected":false},"author":1,"featured_media":2409,"comment_status":"open","ping_status":"open","sticky":false,"template":"","format":"standard","meta":{"content-type":"","_lmt_disableupdate":"no","_lmt_disable":"no","footnotes":""},"categories":[70,64,3],"tags":[15,31,5,25,27,80],"yoast_head":"<!-- This site is optimized with the Yoast SEO Premium plugin v20.4 (Yoast SEO v23.4) - https:\/\/yoast.com\/wordpress\/plugins\/seo\/ -->\n<title>Pablo. Cr\u00e9er des images optimis\u00e9es pour les r\u00e9seaux sociaux &#8211; Les Outils Tice<\/title>\n<meta name=\"description\" content=\"Pablo est un outil en ligne qui permet de cr\u00e9er de belles images contenant du texte ou des citations. Il est particuli\u00e8rement adapt\u00e9 pour un usage sur les\" \/>\n<meta name=\"robots\" content=\"index, follow, max-snippet:-1, max-image-preview:large, max-video-preview:-1\" \/>\n<link rel=\"canonical\" href=\"https:\/\/outilstice.com\/en\/2015\/10\/pablo-creer-des-images-optimisees-pour-les-reseaux-sociaux\/\" \/>\n<meta property=\"og:locale\" content=\"en_GB\" \/>\n<meta property=\"og:type\" content=\"article\" \/>\n<meta property=\"og:title\" content=\"Pablo. Cr\u00e9er des images optimis\u00e9es pour les r\u00e9seaux sociaux\" \/>\n<meta property=\"og:description\" content=\"Pablo est un outil en ligne qui permet de cr\u00e9er de belles images contenant du texte ou des citations. Il est particuli\u00e8rement adapt\u00e9 pour un usage sur les\" \/>\n<meta property=\"og:url\" content=\"https:\/\/outilstice.com\/en\/2015\/10\/pablo-creer-des-images-optimisees-pour-les-reseaux-sociaux\/\" \/>\n<meta property=\"og:site_name\" content=\"Les Outils Tice\" \/>\n<meta property=\"article:publisher\" content=\"https:\/\/www.facebook.com\/lesoutilsweb\" \/>\n<meta property=\"article:author\" content=\"https:\/\/www.facebook.com\/lesoutilsweb\" \/>\n<meta property=\"article:published_time\" content=\"2015-10-18T06:30:35+00:00\" \/>\n<meta property=\"article:modified_time\" content=\"2025-02-23T08:06:13+00:00\" \/>\n<meta property=\"og:image\" content=\"https:\/\/outilstice.com\/wp-content\/uploads\/2015\/10\/Pablo-by-Buffer.jpg\" \/>\n\t<meta property=\"og:image:width\" content=\"1225\" \/>\n\t<meta property=\"og:image:height\" content=\"633\" \/>\n\t<meta property=\"og:image:type\" content=\"image\/jpeg\" \/>\n<meta name=\"author\" content=\"Fidel Navamuel\" \/>\n<meta name=\"twitter:card\" content=\"summary_large_image\" \/>\n<meta name=\"twitter:creator\" content=\"@outilstice\" \/>\n<meta name=\"twitter:site\" content=\"@outilstice\" \/>\n<meta name=\"twitter:label1\" content=\"Written by\" \/>\n\t<meta name=\"twitter:data1\" content=\"Fidel Navamuel\" \/>\n\t<meta name=\"twitter:label2\" content=\"Estimated reading time\" \/>\n\t<meta name=\"twitter:data2\" content=\"2 minutes\" \/>\n<script type=\"application\/ld+json\" class=\"yoast-schema-graph\">{\"@context\":\"https:\/\/schema.org\",\"@graph\":[{\"@type\":[\"Article\",\"BlogPosting\"],\"@id\":\"https:\/\/outilstice.com\/2015\/10\/pablo-creer-des-images-optimisees-pour-les-reseaux-sociaux\/#article\",\"isPartOf\":{\"@id\":\"https:\/\/outilstice.com\/2015\/10\/pablo-creer-des-images-optimisees-pour-les-reseaux-sociaux\/\"},\"author\":{\"name\":\"Fidel Navamuel\",\"@id\":\"https:\/\/outilstice.com\/#\/schema\/person\/ec4809142ef009f96b5af2c906a48cd0\"},\"headline\":\"Pablo. Cr\u00e9er des images optimis\u00e9es pour les r\u00e9seaux sociaux\",\"datePublished\":\"2015-10-18T06:30:35+00:00\",\"dateModified\":\"2025-02-23T08:06:13+00:00\",\"mainEntityOfPage\":{\"@id\":\"https:\/\/outilstice.com\/2015\/10\/pablo-creer-des-images-optimisees-pour-les-reseaux-sociaux\/\"},\"wordCount\":339,\"commentCount\":0,\"publisher\":{\"@id\":\"https:\/\/outilstice.com\/#\/schema\/person\/ec4809142ef009f96b5af2c906a48cd0\"},\"image\":{\"@id\":\"https:\/\/outilstice.com\/2015\/10\/pablo-creer-des-images-optimisees-pour-les-reseaux-sociaux\/#primaryimage\"},\"thumbnailUrl\":\"https:\/\/outilstice.com\/wp-content\/uploads\/2015\/10\/Pablo-by-Buffer.jpg\",\"keywords\":[\"Arts\",\"Cr\u00e9ation\",\"Images\",\"Infographie\",\"R\u00e9seaux Sociaux\",\"Utilitaires\"],\"articleSection\":[\"Education artistique\",\"Multimedia\",\"Utilitaires\"],\"inLanguage\":\"en-GB\",\"potentialAction\":[{\"@type\":\"CommentAction\",\"name\":\"Comment\",\"target\":[\"https:\/\/outilstice.com\/2015\/10\/pablo-creer-des-images-optimisees-pour-les-reseaux-sociaux\/#respond\"]}]},{\"@type\":\"WebPage\",\"@id\":\"https:\/\/outilstice.com\/2015\/10\/pablo-creer-des-images-optimisees-pour-les-reseaux-sociaux\/\",\"url\":\"https:\/\/outilstice.com\/2015\/10\/pablo-creer-des-images-optimisees-pour-les-reseaux-sociaux\/\",\"name\":\"Pablo. Cr\u00e9er des images optimis\u00e9es pour les r\u00e9seaux sociaux &#8211; Les Outils Tice\",\"isPartOf\":{\"@id\":\"https:\/\/outilstice.com\/#website\"},\"primaryImageOfPage\":{\"@id\":\"https:\/\/outilstice.com\/2015\/10\/pablo-creer-des-images-optimisees-pour-les-reseaux-sociaux\/#primaryimage\"},\"image\":{\"@id\":\"https:\/\/outilstice.com\/2015\/10\/pablo-creer-des-images-optimisees-pour-les-reseaux-sociaux\/#primaryimage\"},\"thumbnailUrl\":\"https:\/\/outilstice.com\/wp-content\/uploads\/2015\/10\/Pablo-by-Buffer.jpg\",\"datePublished\":\"2015-10-18T06:30:35+00:00\",\"dateModified\":\"2025-02-23T08:06:13+00:00\",\"description\":\"Pablo est un outil en ligne qui permet de cr\u00e9er de belles images contenant du texte ou des citations. Il est particuli\u00e8rement adapt\u00e9 pour un usage sur les\",\"breadcrumb\":{\"@id\":\"https:\/\/outilstice.com\/2015\/10\/pablo-creer-des-images-optimisees-pour-les-reseaux-sociaux\/#breadcrumb\"},\"inLanguage\":\"en-GB\",\"potentialAction\":[{\"@type\":\"ReadAction\",\"target\":[\"https:\/\/outilstice.com\/2015\/10\/pablo-creer-des-images-optimisees-pour-les-reseaux-sociaux\/\"]}]},{\"@type\":\"ImageObject\",\"inLanguage\":\"en-GB\",\"@id\":\"https:\/\/outilstice.com\/2015\/10\/pablo-creer-des-images-optimisees-pour-les-reseaux-sociaux\/#primaryimage\",\"url\":\"https:\/\/outilstice.com\/wp-content\/uploads\/2015\/10\/Pablo-by-Buffer.jpg\",\"contentUrl\":\"https:\/\/outilstice.com\/wp-content\/uploads\/2015\/10\/Pablo-by-Buffer.jpg\",\"width\":1225,\"height\":633,\"caption\":\"Pablo buffer\"},{\"@type\":\"BreadcrumbList\",\"@id\":\"https:\/\/outilstice.com\/2015\/10\/pablo-creer-des-images-optimisees-pour-les-reseaux-sociaux\/#breadcrumb\",\"itemListElement\":[{\"@type\":\"ListItem\",\"position\":1,\"name\":\"Accueil\",\"item\":\"https:\/\/outilstice.com\/\"},{\"@type\":\"ListItem\",\"position\":2,\"name\":\"Education artistique\",\"item\":\"https:\/\/outilstice.com\/education-artistique\/\"},{\"@type\":\"ListItem\",\"position\":3,\"name\":\"Pablo. Cr\u00e9er des images optimis\u00e9es pour les r\u00e9seaux sociaux\"}]},{\"@type\":\"WebSite\",\"@id\":\"https:\/\/outilstice.com\/#website\",\"url\":\"https:\/\/outilstice.com\/\",\"name\":\"Les Outils Tice\",\"description\":\"L&#039;actualit\u00e9 des outils num\u00e9riques pour l&#039;\u00e9ducation\",\"publisher\":{\"@id\":\"https:\/\/outilstice.com\/#\/schema\/person\/ec4809142ef009f96b5af2c906a48cd0\"},\"potentialAction\":[{\"@type\":\"SearchAction\",\"target\":{\"@type\":\"EntryPoint\",\"urlTemplate\":\"https:\/\/outilstice.com\/?s={search_term_string}\"},\"query-input\":{\"@type\":\"PropertyValueSpecification\",\"valueRequired\":true,\"valueName\":\"search_term_string\"}}],\"inLanguage\":\"en-GB\"},{\"@type\":[\"Person\",\"Organization\"],\"@id\":\"https:\/\/outilstice.com\/#\/schema\/person\/ec4809142ef009f96b5af2c906a48cd0\",\"name\":\"Fidel Navamuel\",\"image\":{\"@type\":\"ImageObject\",\"inLanguage\":\"en-GB\",\"@id\":\"https:\/\/outilstice.com\/#\/schema\/person\/image\/\",\"url\":\"https:\/\/outilstice.com\/wp-content\/uploads\/2014\/11\/fidel.jpg\",\"contentUrl\":\"https:\/\/outilstice.com\/wp-content\/uploads\/2014\/11\/fidel.jpg\",\"width\":570,\"height\":428,\"caption\":\"Fidel Navamuel\"},\"logo\":{\"@id\":\"https:\/\/outilstice.com\/#\/schema\/person\/image\/\"},\"description\":\"Journaliste et responsable des sites \\\"Les Outils du Web\\\". Le r\u00e9seau \\\"Les Outils du Web\\\"regroupe sept sites d'information en ligne autour des nouvelles technologies, de la veille, des outils collaboratifs, des tice, de l'ia et du Web2. Responsable du d\u00e9veloppement de l'\u00e9cole des m\u00e9tiers de l'information \u00e0 Paris. Coop\u00e9rative de formation, l'\u00e9mi est reconnue pour ses formations qui accompagnent la mutation num\u00e9rique au c\u0153ur des m\u00e9tiers et des organisations.\",\"sameAs\":[\"https:\/\/outilstice.com\",\"https:\/\/www.facebook.com\/lesoutilsweb\",\"https:\/\/www.instagram.com\/outilstice\/\",\"http:\/\/fr.linkedin.com\/in\/navamuel\/\",\"http:\/\/www.pinterest.com\/fideln\/\",\"https:\/\/x.com\/outilstice\"],\"gender\":\"homme\",\"jobTitle\":\"Journaliste\"}]}<\/script>\n<!-- \/ Yoast SEO Premium plugin. -->","yoast_head_json":{"title":"Pablo. Cr\u00e9er des images optimis\u00e9es pour les r\u00e9seaux sociaux &#8211; Les Outils Tice","description":"Pablo est un outil en ligne qui permet de cr\u00e9er de belles images contenant du texte ou des citations. Il est particuli\u00e8rement adapt\u00e9 pour un usage sur les","robots":{"index":"index","follow":"follow","max-snippet":"max-snippet:-1","max-image-preview":"max-image-preview:large","max-video-preview":"max-video-preview:-1"},"canonical":"https:\/\/outilstice.com\/en\/2015\/10\/pablo-creer-des-images-optimisees-pour-les-reseaux-sociaux\/","og_locale":"en_GB","og_type":"article","og_title":"Pablo. Cr\u00e9er des images optimis\u00e9es pour les r\u00e9seaux sociaux","og_description":"Pablo est un outil en ligne qui permet de cr\u00e9er de belles images contenant du texte ou des citations. Il est particuli\u00e8rement adapt\u00e9 pour un usage sur les","og_url":"https:\/\/outilstice.com\/en\/2015\/10\/pablo-creer-des-images-optimisees-pour-les-reseaux-sociaux\/","og_site_name":"Les Outils Tice","article_publisher":"https:\/\/www.facebook.com\/lesoutilsweb","article_author":"https:\/\/www.facebook.com\/lesoutilsweb","article_published_time":"2015-10-18T06:30:35+00:00","article_modified_time":"2025-02-23T08:06:13+00:00","og_image":[{"width":1225,"height":633,"url":"https:\/\/outilstice.com\/wp-content\/uploads\/2015\/10\/Pablo-by-Buffer.jpg","type":"image\/jpeg"}],"author":"Fidel Navamuel","twitter_card":"summary_large_image","twitter_creator":"@outilstice","twitter_site":"@outilstice","twitter_misc":{"Written by":"Fidel Navamuel","Estimated reading time":"2 minutes"},"schema":{"@context":"https:\/\/schema.org","@graph":[{"@type":["Article","BlogPosting"],"@id":"https:\/\/outilstice.com\/2015\/10\/pablo-creer-des-images-optimisees-pour-les-reseaux-sociaux\/#article","isPartOf":{"@id":"https:\/\/outilstice.com\/2015\/10\/pablo-creer-des-images-optimisees-pour-les-reseaux-sociaux\/"},"author":{"name":"Fidel Navamuel","@id":"https:\/\/outilstice.com\/#\/schema\/person\/ec4809142ef009f96b5af2c906a48cd0"},"headline":"Pablo. Cr\u00e9er des images optimis\u00e9es pour les r\u00e9seaux sociaux","datePublished":"2015-10-18T06:30:35+00:00","dateModified":"2025-02-23T08:06:13+00:00","mainEntityOfPage":{"@id":"https:\/\/outilstice.com\/2015\/10\/pablo-creer-des-images-optimisees-pour-les-reseaux-sociaux\/"},"wordCount":339,"commentCount":0,"publisher":{"@id":"https:\/\/outilstice.com\/#\/schema\/person\/ec4809142ef009f96b5af2c906a48cd0"},"image":{"@id":"https:\/\/outilstice.com\/2015\/10\/pablo-creer-des-images-optimisees-pour-les-reseaux-sociaux\/#primaryimage"},"thumbnailUrl":"https:\/\/outilstice.com\/wp-content\/uploads\/2015\/10\/Pablo-by-Buffer.jpg","keywords":["Arts","Cr\u00e9ation","Images","Infographie","R\u00e9seaux Sociaux","Utilitaires"],"articleSection":["Education artistique","Multimedia","Utilitaires"],"inLanguage":"en-GB","potentialAction":[{"@type":"CommentAction","name":"Comment","target":["https:\/\/outilstice.com\/2015\/10\/pablo-creer-des-images-optimisees-pour-les-reseaux-sociaux\/#respond"]}]},{"@type":"WebPage","@id":"https:\/\/outilstice.com\/2015\/10\/pablo-creer-des-images-optimisees-pour-les-reseaux-sociaux\/","url":"https:\/\/outilstice.com\/2015\/10\/pablo-creer-des-images-optimisees-pour-les-reseaux-sociaux\/","name":"Pablo. Cr\u00e9er des images optimis\u00e9es pour les r\u00e9seaux sociaux &#8211; Les Outils Tice","isPartOf":{"@id":"https:\/\/outilstice.com\/#website"},"primaryImageOfPage":{"@id":"https:\/\/outilstice.com\/2015\/10\/pablo-creer-des-images-optimisees-pour-les-reseaux-sociaux\/#primaryimage"},"image":{"@id":"https:\/\/outilstice.com\/2015\/10\/pablo-creer-des-images-optimisees-pour-les-reseaux-sociaux\/#primaryimage"},"thumbnailUrl":"https:\/\/outilstice.com\/wp-content\/uploads\/2015\/10\/Pablo-by-Buffer.jpg","datePublished":"2015-10-18T06:30:35+00:00","dateModified":"2025-02-23T08:06:13+00:00","description":"Pablo est un outil en ligne qui permet de cr\u00e9er de belles images contenant du texte ou des citations. Il est particuli\u00e8rement adapt\u00e9 pour un usage sur les","breadcrumb":{"@id":"https:\/\/outilstice.com\/2015\/10\/pablo-creer-des-images-optimisees-pour-les-reseaux-sociaux\/#breadcrumb"},"inLanguage":"en-GB","potentialAction":[{"@type":"ReadAction","target":["https:\/\/outilstice.com\/2015\/10\/pablo-creer-des-images-optimisees-pour-les-reseaux-sociaux\/"]}]},{"@type":"ImageObject","inLanguage":"en-GB","@id":"https:\/\/outilstice.com\/2015\/10\/pablo-creer-des-images-optimisees-pour-les-reseaux-sociaux\/#primaryimage","url":"https:\/\/outilstice.com\/wp-content\/uploads\/2015\/10\/Pablo-by-Buffer.jpg","contentUrl":"https:\/\/outilstice.com\/wp-content\/uploads\/2015\/10\/Pablo-by-Buffer.jpg","width":1225,"height":633,"caption":"Pablo buffer"},{"@type":"BreadcrumbList","@id":"https:\/\/outilstice.com\/2015\/10\/pablo-creer-des-images-optimisees-pour-les-reseaux-sociaux\/#breadcrumb","itemListElement":[{"@type":"ListItem","position":1,"name":"Accueil","item":"https:\/\/outilstice.com\/"},{"@type":"ListItem","position":2,"name":"Education artistique","item":"https:\/\/outilstice.com\/education-artistique\/"},{"@type":"ListItem","position":3,"name":"Pablo. Cr\u00e9er des images optimis\u00e9es pour les r\u00e9seaux sociaux"}]},{"@type":"WebSite","@id":"https:\/\/outilstice.com\/#website","url":"https:\/\/outilstice.com\/","name":"Les Outils Tice","description":"L&#039;actualit\u00e9 des outils num\u00e9riques pour l&#039;\u00e9ducation","publisher":{"@id":"https:\/\/outilstice.com\/#\/schema\/person\/ec4809142ef009f96b5af2c906a48cd0"},"potentialAction":[{"@type":"SearchAction","target":{"@type":"EntryPoint","urlTemplate":"https:\/\/outilstice.com\/?s={search_term_string}"},"query-input":{"@type":"PropertyValueSpecification","valueRequired":true,"valueName":"search_term_string"}}],"inLanguage":"en-GB"},{"@type":["Person","Organization"],"@id":"https:\/\/outilstice.com\/#\/schema\/person\/ec4809142ef009f96b5af2c906a48cd0","name":"Fidel Navamuel","image":{"@type":"ImageObject","inLanguage":"en-GB","@id":"https:\/\/outilstice.com\/#\/schema\/person\/image\/","url":"https:\/\/outilstice.com\/wp-content\/uploads\/2014\/11\/fidel.jpg","contentUrl":"https:\/\/outilstice.com\/wp-content\/uploads\/2014\/11\/fidel.jpg","width":570,"height":428,"caption":"Fidel Navamuel"},"logo":{"@id":"https:\/\/outilstice.com\/#\/schema\/person\/image\/"},"description":"Journaliste et responsable des sites \"Les Outils du Web\". Le r\u00e9seau \"Les Outils du Web\"regroupe sept sites d'information en ligne autour des nouvelles technologies, de la veille, des outils collaboratifs, des tice, de l'ia et du Web2. Responsable du d\u00e9veloppement de l'\u00e9cole des m\u00e9tiers de l'information \u00e0 Paris. Coop\u00e9rative de formation, l'\u00e9mi est reconnue pour ses formations qui accompagnent la mutation num\u00e9rique au c\u0153ur des m\u00e9tiers et des organisations.","sameAs":["https:\/\/outilstice.com","https:\/\/www.facebook.com\/lesoutilsweb","https:\/\/www.instagram.com\/outilstice\/","http:\/\/fr.linkedin.com\/in\/navamuel\/","http:\/\/www.pinterest.com\/fideln\/","https:\/\/x.com\/outilstice"],"gender":"homme","jobTitle":"Journaliste"}]}},"modified_by":"Fidel Navamuel","_links":{"self":[{"href":"https:\/\/outilstice.com\/en\/wp-json\/wp\/v2\/posts\/2406"}],"collection":[{"href":"https:\/\/outilstice.com\/en\/wp-json\/wp\/v2\/posts"}],"about":[{"href":"https:\/\/outilstice.com\/en\/wp-json\/wp\/v2\/types\/post"}],"author":[{"embeddable":true,"href":"https:\/\/outilstice.com\/en\/wp-json\/wp\/v2\/users\/1"}],"replies":[{"embeddable":true,"href":"https:\/\/outilstice.com\/en\/wp-json\/wp\/v2\/comments?post=2406"}],"version-history":[{"count":1,"href":"https:\/\/outilstice.com\/en\/wp-json\/wp\/v2\/posts\/2406\/revisions"}],"predecessor-version":[{"id":14331,"href":"https:\/\/outilstice.com\/en\/wp-json\/wp\/v2\/posts\/2406\/revisions\/14331"}],"wp:featuredmedia":[{"embeddable":true,"href":"https:\/\/outilstice.com\/en\/wp-json\/wp\/v2\/media\/2409"}],"wp:attachment":[{"href":"https:\/\/outilstice.com\/en\/wp-json\/wp\/v2\/media?parent=2406"}],"wp:term":[{"taxonomy":"category","embeddable":true,"href":"https:\/\/outilstice.com\/en\/wp-json\/wp\/v2\/categories?post=2406"},{"taxonomy":"post_tag","embeddable":true,"href":"https:\/\/outilstice.com\/en\/wp-json\/wp\/v2\/tags?post=2406"}],"curies":[{"name":"wp","href":"https:\/\/api.w.org\/{rel}","templated":true}]}}