{"id":2790,"date":"2015-12-31T11:12:52","date_gmt":"2015-12-31T09:12:52","guid":{"rendered":"http:\/\/outilstice.com\/?p=2790"},"modified":"2025-02-21T16:23:43","modified_gmt":"2025-02-21T14:23:43","slug":"la-revue-de-presse-des-journaux-scolaires-et-lyceens-2015","status":"publish","type":"post","link":"https:\/\/outilstice.com\/en\/2015\/12\/la-revue-de-presse-des-journaux-scolaires-et-lyceens-2015\/","title":{"rendered":"The press review of school and high school newspapers 2015"},"content":{"rendered":"<p><strong>How can we end this terrible year of 2015 with a little hope?<\/strong> Perhaps by reading the now traditional Press Review of school and high school newspapers that has just been published by CLEMI.<\/p>\n<p><a href=\"https:\/\/outilstice.com\/wp-content\/uploads\/2015\/12\/clemi.jpg\" target=\"_blank\"><img loading=\"lazy\" decoding=\"async\" class=\"aligncenter size-full wp-image-2791\" src=\"https:\/\/outilstice.com\/wp-content\/uploads\/2015\/12\/clemi.jpg\" alt=\"Clemi\" width=\"660\" height=\"291\" srcset=\"https:\/\/outilstice.com\/wp-content\/uploads\/2015\/12\/clemi.jpg 660w, https:\/\/outilstice.com\/wp-content\/uploads\/2015\/12\/clemi-300x132.jpg 300w\" sizes=\"(max-width: 660px) 100vw, 660px\" \/><\/a><\/p>\n<p>CLEMI started some time ago to set up an educational repository for school newspapers and media. <strong>An excellent initiative for identifying and archiving a bubbling form of youth expression.<\/strong> While the Ministry of Education has just launched a major media and information literacy plan, with the aim of creating a media outlet in each high school and college, the annual press review just published by the Clemi shows the value of this.<\/p>\n<p><a href=\"https:\/\/outilstice.com\/wp-content\/uploads\/2015\/12\/IMG_30841.jpg\" target=\"_blank\"><img loading=\"lazy\" decoding=\"async\" class=\"aligncenter  wp-image-2793\" src=\"https:\/\/outilstice.com\/wp-content\/uploads\/2015\/12\/IMG_30841-768x1024.jpg\" alt=\"press review\" width=\"564\" height=\"752\" srcset=\"https:\/\/outilstice.com\/wp-content\/uploads\/2015\/12\/IMG_30841-768x1024.jpg 768w, https:\/\/outilstice.com\/wp-content\/uploads\/2015\/12\/IMG_30841-225x300.jpg 225w, https:\/\/outilstice.com\/wp-content\/uploads\/2015\/12\/IMG_30841.jpg 1512w\" sizes=\"(max-width: 564px) 100vw, 564px\" \/><\/a><\/p>\n<p>&nbsp;<\/p>\n<p><strong>This press review of school and high school newspapers 2015 is available in paper and digital and offers three editions<\/strong>. One for high schools, another for colleges and a third for schools. The overall selection was based on 208 school newspapers, 330 titles in secondary schools and 251 titles in secondary schools.<\/p>\n<p><strong>The result is exciting.<\/strong> Excerpts from newspapers, photos, articles, links to blogs, sites, webradios and even webtv, this annual press review shows the richness of these media not quite like the others and the talent of these hundreds of budding journalists.<\/p>\n<p><strong>All topics are covered and we can see from the pages of this precious press review that 2015 has been such a tough year for young people.<\/strong> Attacks, Violence, Freedom of Expression, Secularism, Refugees, Ecology \u2026 Many serious topics on which young people have expressed themselves in a blunt and candid manner. Their word is full of hope. Journalists in these school media speak and write with their hearts. Many politicians and editorialists in the \u2018big\u2019 press would do well to draw inspiration from it. The kids put into words despite the difficult times the notions of freedom, fraternity, solidarity \u2026<\/p>\n<p><a href=\"https:\/\/outilstice.com\/wp-content\/uploads\/2015\/12\/sexulaite.jpg\" target=\"_blank\"><img loading=\"lazy\" decoding=\"async\" class=\"aligncenter  wp-image-2794\" src=\"https:\/\/outilstice.com\/wp-content\/uploads\/2015\/12\/sexulaite.jpg\" alt=\"Lyceens Press Review\" width=\"535\" height=\"444\" srcset=\"https:\/\/outilstice.com\/wp-content\/uploads\/2015\/12\/sexulaite.jpg 733w, https:\/\/outilstice.com\/wp-content\/uploads\/2015\/12\/sexulaite-300x249.jpg 300w\" sizes=\"(max-width: 535px) 100vw, 535px\" \/><\/a><\/p>\n<p>International news, social topics, culture, life in high school or middle school, serious topics and others that are less serious, I went through this press review not quite like the others with real pleasure. The illustrations, often humorous drawings, were well chosen. The authors of this press review have also slipped many multimedia add-ons with links and QR codes to access the original media in their entirety via the web.<\/p>\n<p><strong>End 2015 with the expression of young sources of hope. Thanks to CLEMI for this press review.<\/strong><br \/>\nI take this excerpt from Bud INFO, the newspaper of the Pierre-Budin school in the 10th arrondissement of Paris. \u00a0It is the CP minots who speak out and send a message to the \u2018Future Terrorists\u2019.<\/p>\n<blockquote><p>\u201cYou have to understand that in France we have the right to laugh at everything. Making jokes is not a big deal. Making fun of it doesn\u2019t matter \u2026 You future terrorists, put down your weapons and bombs. Life is too good to ruin. Don't kill, come laugh with us.<\/p><\/blockquote>\n<p>Link: <strong><a title=\"Press review Clemi\" href=\"https:\/\/clemi.fr\/fr\/productions-des-eleves\/journaux-scolaires\/revues-annuelles-de-la-presse-scolaire-et-lyceenne\/\" target=\"_blank\" rel=\"nofollow noopener\">The press review of school and high school newspapers to download in PDF format.<\/a><\/strong><br \/>\n<a title=\"schools\" href=\"https:\/\/clemi.fr\/fichier\/plug_download\/74190\/download_fichier_fr_02.rpecole2015_num.4decbap.pdf\" target=\"_blank\" rel=\"nofollow noopener\">Upload\u00a0<\/a><a title=\"schools\" href=\"https:\/\/clemi.fr\/fichier\/plug_download\/74190\/download_fichier_fr_02.rpecole2015_num.4decbap.pdf\" target=\"_blank\" rel=\"nofollow noopener\">School Press Review<\/a><br \/>\n<a title=\"Colleges\" href=\"https:\/\/clemi.fr\/fichier\/plug_download\/74191\/download_fichier_fr_03.rp.college.num.4dec.bap.pdf\" target=\"_blank\" rel=\"nofollow noopener\">Download College Press Review<\/a><br \/>\n<a title=\"Lycees\" href=\"https:\/\/clemi.fr\/fichier\/plug_download\/74192\/download_fichier_fr_04.rp.lycees.num.4dec.bap.pdf\" target=\"_blank\" rel=\"nofollow noopener\">Download high school press review<\/a><\/p>\n<p>&nbsp;<\/p>","protected":false},"excerpt":{"rendered":"<p>How can we end this terrible year of 2015 with a little hope? Perhaps by reading the now traditional Press Review of school and high school newspapers that has just been published by CLEMI. The CLEMI that launched...<\/p>","protected":false},"author":1,"featured_media":2791,"comment_status":"open","ping_status":"open","sticky":false,"template":"","format":"standard","meta":{"content-type":"","_lmt_disableupdate":"no","_lmt_disable":"no","footnotes":""},"categories":[26,71],"tags":[74,104,5,76,84],"yoast_head":"<!-- This site is optimized with the Yoast SEO Premium plugin v20.4 (Yoast SEO v23.4) - https:\/\/yoast.com\/wordpress\/plugins\/seo\/ -->\n<title>La revue de presse des journaux scolaires et lyc\u00e9ens 2015 &#8211; Les Outils Tice<\/title>\n<meta name=\"description\" content=\"Comment finir cette terrible ann\u00e9e\u00a02015 par un peu d\u2019espoir\u00a0? Peut-\u00eatre en lisant la d\u00e9sormais traditionnelle Revue de presse des journaux scolaires et\" \/>\n<meta name=\"robots\" content=\"index, follow, max-snippet:-1, max-image-preview:large, max-video-preview:-1\" \/>\n<link rel=\"canonical\" href=\"https:\/\/outilstice.com\/en\/2015\/12\/la-revue-de-presse-des-journaux-scolaires-et-lyceens-2015\/\" \/>\n<meta property=\"og:locale\" content=\"en_GB\" \/>\n<meta property=\"og:type\" content=\"article\" \/>\n<meta property=\"og:title\" content=\"La revue de presse des journaux scolaires et lyc\u00e9ens 2015\" \/>\n<meta property=\"og:description\" content=\"Comment finir cette terrible ann\u00e9e\u00a02015 par un peu d\u2019espoir\u00a0? Peut-\u00eatre en lisant la d\u00e9sormais traditionnelle Revue de presse des journaux scolaires et\" \/>\n<meta property=\"og:url\" content=\"https:\/\/outilstice.com\/en\/2015\/12\/la-revue-de-presse-des-journaux-scolaires-et-lyceens-2015\/\" \/>\n<meta property=\"og:site_name\" content=\"Les Outils Tice\" \/>\n<meta property=\"article:publisher\" content=\"https:\/\/www.facebook.com\/lesoutilsweb\" \/>\n<meta property=\"article:author\" content=\"https:\/\/www.facebook.com\/lesoutilsweb\" \/>\n<meta property=\"article:published_time\" content=\"2015-12-31T09:12:52+00:00\" \/>\n<meta property=\"article:modified_time\" content=\"2025-02-21T14:23:43+00:00\" \/>\n<meta property=\"og:image\" content=\"https:\/\/outilstice.com\/wp-content\/uploads\/2015\/12\/clemi.jpg\" \/>\n\t<meta property=\"og:image:width\" content=\"660\" \/>\n\t<meta property=\"og:image:height\" content=\"291\" \/>\n\t<meta property=\"og:image:type\" content=\"image\/jpeg\" \/>\n<meta name=\"author\" content=\"Fidel Navamuel\" \/>\n<meta name=\"twitter:card\" content=\"summary_large_image\" \/>\n<meta name=\"twitter:creator\" content=\"@outilstice\" \/>\n<meta name=\"twitter:site\" content=\"@outilstice\" \/>\n<meta name=\"twitter:label1\" content=\"Written by\" \/>\n\t<meta name=\"twitter:data1\" content=\"Fidel Navamuel\" \/>\n\t<meta name=\"twitter:label2\" content=\"Estimated reading time\" \/>\n\t<meta name=\"twitter:data2\" content=\"3 minutes\" \/>\n<script type=\"application\/ld+json\" class=\"yoast-schema-graph\">{\"@context\":\"https:\/\/schema.org\",\"@graph\":[{\"@type\":[\"Article\",\"BlogPosting\"],\"@id\":\"https:\/\/outilstice.com\/2015\/12\/la-revue-de-presse-des-journaux-scolaires-et-lyceens-2015\/#article\",\"isPartOf\":{\"@id\":\"https:\/\/outilstice.com\/2015\/12\/la-revue-de-presse-des-journaux-scolaires-et-lyceens-2015\/\"},\"author\":{\"name\":\"Fidel Navamuel\",\"@id\":\"https:\/\/outilstice.com\/#\/schema\/person\/ec4809142ef009f96b5af2c906a48cd0\"},\"headline\":\"La revue de presse des journaux scolaires et lyc\u00e9ens 2015\",\"datePublished\":\"2015-12-31T09:12:52+00:00\",\"dateModified\":\"2025-02-21T14:23:43+00:00\",\"mainEntityOfPage\":{\"@id\":\"https:\/\/outilstice.com\/2015\/12\/la-revue-de-presse-des-journaux-scolaires-et-lyceens-2015\/\"},\"wordCount\":631,\"commentCount\":0,\"publisher\":{\"@id\":\"https:\/\/outilstice.com\/#\/schema\/person\/ec4809142ef009f96b5af2c906a48cd0\"},\"image\":{\"@id\":\"https:\/\/outilstice.com\/2015\/12\/la-revue-de-presse-des-journaux-scolaires-et-lyceens-2015\/#primaryimage\"},\"thumbnailUrl\":\"https:\/\/outilstice.com\/wp-content\/uploads\/2015\/12\/clemi.jpg\",\"keywords\":[\"Clemi\",\"EMI\",\"Images\",\"Presse\",\"Ressources\"],\"articleSection\":[\"Education Civique\",\"EMI\"],\"inLanguage\":\"en-GB\",\"potentialAction\":[{\"@type\":\"CommentAction\",\"name\":\"Comment\",\"target\":[\"https:\/\/outilstice.com\/2015\/12\/la-revue-de-presse-des-journaux-scolaires-et-lyceens-2015\/#respond\"]}]},{\"@type\":\"WebPage\",\"@id\":\"https:\/\/outilstice.com\/2015\/12\/la-revue-de-presse-des-journaux-scolaires-et-lyceens-2015\/\",\"url\":\"https:\/\/outilstice.com\/2015\/12\/la-revue-de-presse-des-journaux-scolaires-et-lyceens-2015\/\",\"name\":\"La revue de presse des journaux scolaires et lyc\u00e9ens 2015 &#8211; Les Outils Tice\",\"isPartOf\":{\"@id\":\"https:\/\/outilstice.com\/#website\"},\"primaryImageOfPage\":{\"@id\":\"https:\/\/outilstice.com\/2015\/12\/la-revue-de-presse-des-journaux-scolaires-et-lyceens-2015\/#primaryimage\"},\"image\":{\"@id\":\"https:\/\/outilstice.com\/2015\/12\/la-revue-de-presse-des-journaux-scolaires-et-lyceens-2015\/#primaryimage\"},\"thumbnailUrl\":\"https:\/\/outilstice.com\/wp-content\/uploads\/2015\/12\/clemi.jpg\",\"datePublished\":\"2015-12-31T09:12:52+00:00\",\"dateModified\":\"2025-02-21T14:23:43+00:00\",\"description\":\"Comment finir cette terrible ann\u00e9e\u00a02015 par un peu d\u2019espoir\u00a0? Peut-\u00eatre en lisant la d\u00e9sormais traditionnelle Revue de presse des journaux scolaires et\",\"breadcrumb\":{\"@id\":\"https:\/\/outilstice.com\/2015\/12\/la-revue-de-presse-des-journaux-scolaires-et-lyceens-2015\/#breadcrumb\"},\"inLanguage\":\"en-GB\",\"potentialAction\":[{\"@type\":\"ReadAction\",\"target\":[\"https:\/\/outilstice.com\/2015\/12\/la-revue-de-presse-des-journaux-scolaires-et-lyceens-2015\/\"]}]},{\"@type\":\"ImageObject\",\"inLanguage\":\"en-GB\",\"@id\":\"https:\/\/outilstice.com\/2015\/12\/la-revue-de-presse-des-journaux-scolaires-et-lyceens-2015\/#primaryimage\",\"url\":\"https:\/\/outilstice.com\/wp-content\/uploads\/2015\/12\/clemi.jpg\",\"contentUrl\":\"https:\/\/outilstice.com\/wp-content\/uploads\/2015\/12\/clemi.jpg\",\"width\":660,\"height\":291,\"caption\":\"Clemi\"},{\"@type\":\"BreadcrumbList\",\"@id\":\"https:\/\/outilstice.com\/2015\/12\/la-revue-de-presse-des-journaux-scolaires-et-lyceens-2015\/#breadcrumb\",\"itemListElement\":[{\"@type\":\"ListItem\",\"position\":1,\"name\":\"Accueil\",\"item\":\"https:\/\/outilstice.com\/\"},{\"@type\":\"ListItem\",\"position\":2,\"name\":\"Education Civique\",\"item\":\"https:\/\/outilstice.com\/education-civique\/\"},{\"@type\":\"ListItem\",\"position\":3,\"name\":\"La revue de presse des journaux scolaires et lyc\u00e9ens 2015\"}]},{\"@type\":\"WebSite\",\"@id\":\"https:\/\/outilstice.com\/#website\",\"url\":\"https:\/\/outilstice.com\/\",\"name\":\"Les Outils Tice\",\"description\":\"L&#039;actualit\u00e9 des outils num\u00e9riques pour l&#039;\u00e9ducation\",\"publisher\":{\"@id\":\"https:\/\/outilstice.com\/#\/schema\/person\/ec4809142ef009f96b5af2c906a48cd0\"},\"potentialAction\":[{\"@type\":\"SearchAction\",\"target\":{\"@type\":\"EntryPoint\",\"urlTemplate\":\"https:\/\/outilstice.com\/?s={search_term_string}\"},\"query-input\":{\"@type\":\"PropertyValueSpecification\",\"valueRequired\":true,\"valueName\":\"search_term_string\"}}],\"inLanguage\":\"en-GB\"},{\"@type\":[\"Person\",\"Organization\"],\"@id\":\"https:\/\/outilstice.com\/#\/schema\/person\/ec4809142ef009f96b5af2c906a48cd0\",\"name\":\"Fidel Navamuel\",\"image\":{\"@type\":\"ImageObject\",\"inLanguage\":\"en-GB\",\"@id\":\"https:\/\/outilstice.com\/#\/schema\/person\/image\/\",\"url\":\"https:\/\/outilstice.com\/wp-content\/uploads\/2014\/11\/fidel.jpg\",\"contentUrl\":\"https:\/\/outilstice.com\/wp-content\/uploads\/2014\/11\/fidel.jpg\",\"width\":570,\"height\":428,\"caption\":\"Fidel Navamuel\"},\"logo\":{\"@id\":\"https:\/\/outilstice.com\/#\/schema\/person\/image\/\"},\"description\":\"Journaliste et responsable des sites \\\"Les Outils du Web\\\". Le r\u00e9seau \\\"Les Outils du Web\\\"regroupe sept sites d'information en ligne autour des nouvelles technologies, de la veille, des outils collaboratifs, des tice, de l'ia et du Web2. Responsable du d\u00e9veloppement de l'\u00e9cole des m\u00e9tiers de l'information \u00e0 Paris. Coop\u00e9rative de formation, l'\u00e9mi est reconnue pour ses formations qui accompagnent la mutation num\u00e9rique au c\u0153ur des m\u00e9tiers et des organisations.\",\"sameAs\":[\"https:\/\/outilstice.com\",\"https:\/\/www.facebook.com\/lesoutilsweb\",\"https:\/\/www.instagram.com\/outilstice\/\",\"http:\/\/fr.linkedin.com\/in\/navamuel\/\",\"http:\/\/www.pinterest.com\/fideln\/\",\"https:\/\/x.com\/outilstice\"],\"gender\":\"homme\",\"jobTitle\":\"Journaliste\"}]}<\/script>\n<!-- \/ Yoast SEO Premium plugin. -->","yoast_head_json":{"title":"La revue de presse des journaux scolaires et lyc\u00e9ens 2015 &#8211; Les Outils Tice","description":"Comment finir cette terrible ann\u00e9e\u00a02015 par un peu d\u2019espoir\u00a0? Peut-\u00eatre en lisant la d\u00e9sormais traditionnelle Revue de presse des journaux scolaires et","robots":{"index":"index","follow":"follow","max-snippet":"max-snippet:-1","max-image-preview":"max-image-preview:large","max-video-preview":"max-video-preview:-1"},"canonical":"https:\/\/outilstice.com\/en\/2015\/12\/la-revue-de-presse-des-journaux-scolaires-et-lyceens-2015\/","og_locale":"en_GB","og_type":"article","og_title":"La revue de presse des journaux scolaires et lyc\u00e9ens 2015","og_description":"Comment finir cette terrible ann\u00e9e\u00a02015 par un peu d\u2019espoir\u00a0? Peut-\u00eatre en lisant la d\u00e9sormais traditionnelle Revue de presse des journaux scolaires et","og_url":"https:\/\/outilstice.com\/en\/2015\/12\/la-revue-de-presse-des-journaux-scolaires-et-lyceens-2015\/","og_site_name":"Les Outils Tice","article_publisher":"https:\/\/www.facebook.com\/lesoutilsweb","article_author":"https:\/\/www.facebook.com\/lesoutilsweb","article_published_time":"2015-12-31T09:12:52+00:00","article_modified_time":"2025-02-21T14:23:43+00:00","og_image":[{"width":660,"height":291,"url":"https:\/\/outilstice.com\/wp-content\/uploads\/2015\/12\/clemi.jpg","type":"image\/jpeg"}],"author":"Fidel Navamuel","twitter_card":"summary_large_image","twitter_creator":"@outilstice","twitter_site":"@outilstice","twitter_misc":{"Written by":"Fidel Navamuel","Estimated reading time":"3 minutes"},"schema":{"@context":"https:\/\/schema.org","@graph":[{"@type":["Article","BlogPosting"],"@id":"https:\/\/outilstice.com\/2015\/12\/la-revue-de-presse-des-journaux-scolaires-et-lyceens-2015\/#article","isPartOf":{"@id":"https:\/\/outilstice.com\/2015\/12\/la-revue-de-presse-des-journaux-scolaires-et-lyceens-2015\/"},"author":{"name":"Fidel Navamuel","@id":"https:\/\/outilstice.com\/#\/schema\/person\/ec4809142ef009f96b5af2c906a48cd0"},"headline":"La revue de presse des journaux scolaires et lyc\u00e9ens 2015","datePublished":"2015-12-31T09:12:52+00:00","dateModified":"2025-02-21T14:23:43+00:00","mainEntityOfPage":{"@id":"https:\/\/outilstice.com\/2015\/12\/la-revue-de-presse-des-journaux-scolaires-et-lyceens-2015\/"},"wordCount":631,"commentCount":0,"publisher":{"@id":"https:\/\/outilstice.com\/#\/schema\/person\/ec4809142ef009f96b5af2c906a48cd0"},"image":{"@id":"https:\/\/outilstice.com\/2015\/12\/la-revue-de-presse-des-journaux-scolaires-et-lyceens-2015\/#primaryimage"},"thumbnailUrl":"https:\/\/outilstice.com\/wp-content\/uploads\/2015\/12\/clemi.jpg","keywords":["Clemi","EMI","Images","Presse","Ressources"],"articleSection":["Education Civique","EMI"],"inLanguage":"en-GB","potentialAction":[{"@type":"CommentAction","name":"Comment","target":["https:\/\/outilstice.com\/2015\/12\/la-revue-de-presse-des-journaux-scolaires-et-lyceens-2015\/#respond"]}]},{"@type":"WebPage","@id":"https:\/\/outilstice.com\/2015\/12\/la-revue-de-presse-des-journaux-scolaires-et-lyceens-2015\/","url":"https:\/\/outilstice.com\/2015\/12\/la-revue-de-presse-des-journaux-scolaires-et-lyceens-2015\/","name":"La revue de presse des journaux scolaires et lyc\u00e9ens 2015 &#8211; Les Outils Tice","isPartOf":{"@id":"https:\/\/outilstice.com\/#website"},"primaryImageOfPage":{"@id":"https:\/\/outilstice.com\/2015\/12\/la-revue-de-presse-des-journaux-scolaires-et-lyceens-2015\/#primaryimage"},"image":{"@id":"https:\/\/outilstice.com\/2015\/12\/la-revue-de-presse-des-journaux-scolaires-et-lyceens-2015\/#primaryimage"},"thumbnailUrl":"https:\/\/outilstice.com\/wp-content\/uploads\/2015\/12\/clemi.jpg","datePublished":"2015-12-31T09:12:52+00:00","dateModified":"2025-02-21T14:23:43+00:00","description":"Comment finir cette terrible ann\u00e9e\u00a02015 par un peu d\u2019espoir\u00a0? Peut-\u00eatre en lisant la d\u00e9sormais traditionnelle Revue de presse des journaux scolaires et","breadcrumb":{"@id":"https:\/\/outilstice.com\/2015\/12\/la-revue-de-presse-des-journaux-scolaires-et-lyceens-2015\/#breadcrumb"},"inLanguage":"en-GB","potentialAction":[{"@type":"ReadAction","target":["https:\/\/outilstice.com\/2015\/12\/la-revue-de-presse-des-journaux-scolaires-et-lyceens-2015\/"]}]},{"@type":"ImageObject","inLanguage":"en-GB","@id":"https:\/\/outilstice.com\/2015\/12\/la-revue-de-presse-des-journaux-scolaires-et-lyceens-2015\/#primaryimage","url":"https:\/\/outilstice.com\/wp-content\/uploads\/2015\/12\/clemi.jpg","contentUrl":"https:\/\/outilstice.com\/wp-content\/uploads\/2015\/12\/clemi.jpg","width":660,"height":291,"caption":"Clemi"},{"@type":"BreadcrumbList","@id":"https:\/\/outilstice.com\/2015\/12\/la-revue-de-presse-des-journaux-scolaires-et-lyceens-2015\/#breadcrumb","itemListElement":[{"@type":"ListItem","position":1,"name":"Accueil","item":"https:\/\/outilstice.com\/"},{"@type":"ListItem","position":2,"name":"Education Civique","item":"https:\/\/outilstice.com\/education-civique\/"},{"@type":"ListItem","position":3,"name":"La revue de presse des journaux scolaires et lyc\u00e9ens 2015"}]},{"@type":"WebSite","@id":"https:\/\/outilstice.com\/#website","url":"https:\/\/outilstice.com\/","name":"Les Outils Tice","description":"L&#039;actualit\u00e9 des outils num\u00e9riques pour l&#039;\u00e9ducation","publisher":{"@id":"https:\/\/outilstice.com\/#\/schema\/person\/ec4809142ef009f96b5af2c906a48cd0"},"potentialAction":[{"@type":"SearchAction","target":{"@type":"EntryPoint","urlTemplate":"https:\/\/outilstice.com\/?s={search_term_string}"},"query-input":{"@type":"PropertyValueSpecification","valueRequired":true,"valueName":"search_term_string"}}],"inLanguage":"en-GB"},{"@type":["Person","Organization"],"@id":"https:\/\/outilstice.com\/#\/schema\/person\/ec4809142ef009f96b5af2c906a48cd0","name":"Fidel Navamuel","image":{"@type":"ImageObject","inLanguage":"en-GB","@id":"https:\/\/outilstice.com\/#\/schema\/person\/image\/","url":"https:\/\/outilstice.com\/wp-content\/uploads\/2014\/11\/fidel.jpg","contentUrl":"https:\/\/outilstice.com\/wp-content\/uploads\/2014\/11\/fidel.jpg","width":570,"height":428,"caption":"Fidel Navamuel"},"logo":{"@id":"https:\/\/outilstice.com\/#\/schema\/person\/image\/"},"description":"Journaliste et responsable des sites \"Les Outils du Web\". Le r\u00e9seau \"Les Outils du Web\"regroupe sept sites d'information en ligne autour des nouvelles technologies, de la veille, des outils collaboratifs, des tice, de l'ia et du Web2. Responsable du d\u00e9veloppement de l'\u00e9cole des m\u00e9tiers de l'information \u00e0 Paris. Coop\u00e9rative de formation, l'\u00e9mi est reconnue pour ses formations qui accompagnent la mutation num\u00e9rique au c\u0153ur des m\u00e9tiers et des organisations.","sameAs":["https:\/\/outilstice.com","https:\/\/www.facebook.com\/lesoutilsweb","https:\/\/www.instagram.com\/outilstice\/","http:\/\/fr.linkedin.com\/in\/navamuel\/","http:\/\/www.pinterest.com\/fideln\/","https:\/\/x.com\/outilstice"],"gender":"homme","jobTitle":"Journaliste"}]}},"modified_by":"Fidel Navamuel","_links":{"self":[{"href":"https:\/\/outilstice.com\/en\/wp-json\/wp\/v2\/posts\/2790"}],"collection":[{"href":"https:\/\/outilstice.com\/en\/wp-json\/wp\/v2\/posts"}],"about":[{"href":"https:\/\/outilstice.com\/en\/wp-json\/wp\/v2\/types\/post"}],"author":[{"embeddable":true,"href":"https:\/\/outilstice.com\/en\/wp-json\/wp\/v2\/users\/1"}],"replies":[{"embeddable":true,"href":"https:\/\/outilstice.com\/en\/wp-json\/wp\/v2\/comments?post=2790"}],"version-history":[{"count":1,"href":"https:\/\/outilstice.com\/en\/wp-json\/wp\/v2\/posts\/2790\/revisions"}],"predecessor-version":[{"id":14275,"href":"https:\/\/outilstice.com\/en\/wp-json\/wp\/v2\/posts\/2790\/revisions\/14275"}],"wp:featuredmedia":[{"embeddable":true,"href":"https:\/\/outilstice.com\/en\/wp-json\/wp\/v2\/media\/2791"}],"wp:attachment":[{"href":"https:\/\/outilstice.com\/en\/wp-json\/wp\/v2\/media?parent=2790"}],"wp:term":[{"taxonomy":"category","embeddable":true,"href":"https:\/\/outilstice.com\/en\/wp-json\/wp\/v2\/categories?post=2790"},{"taxonomy":"post_tag","embeddable":true,"href":"https:\/\/outilstice.com\/en\/wp-json\/wp\/v2\/tags?post=2790"}],"curies":[{"name":"wp","href":"https:\/\/api.w.org\/{rel}","templated":true}]}}