{"id":3440,"date":"2016-09-04T10:16:27","date_gmt":"2016-09-04T08:16:27","guid":{"rendered":"http:\/\/outilstice.com\/?p=3440"},"modified":"2025-02-12T14:09:59","modified_gmt":"2025-02-12T12:09:59","slug":"dyslexiefont-police-de-caractere-concue-pour-les-dyslexiques","status":"publish","type":"post","link":"https:\/\/outilstice.com\/en\/2016\/09\/dyslexiefont-police-de-caractere-concue-pour-les-dyslexiques\/","title":{"rendered":"DyslexiaFont. Character font designed for dyslexics"},"content":{"rendered":"<p><strong>DyslexiaFont<\/strong> is a typo, <strong>a font, which was designed by a dyslexic designer for dyslexics.<\/strong> The aim is to propose a tool to improve the readability of texts for all people with this reading disorder.<\/p>\n<p><img loading=\"lazy\" decoding=\"async\" class=\"aligncenter size-full wp-image-3441\" src=\"https:\/\/outilstice.com\/wp-content\/uploads\/2016\/09\/dyslexie.jpg\" alt=\"Dyslexia\" width=\"662\" height=\"366\" srcset=\"https:\/\/outilstice.com\/wp-content\/uploads\/2016\/09\/dyslexie.jpg 662w, https:\/\/outilstice.com\/wp-content\/uploads\/2016\/09\/dyslexie-300x166.jpg 300w\" sizes=\"(max-width: 662px) 100vw, 662px\" \/><\/p>\n<p><strong>DyslexieFont is therefore a font made to heal.<\/strong> After installing it on your computer, you will be able to use it in all the programs you use regularly. You can also use it in your internet browser. \u00a0There is no real study on its use, but the author who tested it with many people with dyslexia or reading problems says that<strong>it facilitates comprehension, reduces errors and improves reading speed<\/strong>.<\/p>\n<p><strong>A typographer who has studied his subject well, especially since he himself has dyslexia.<\/strong> A disorder characterised, inter alia, by confusion and inversion of the letters at the time of reading. To remedy the confusion of the letters, Dyslexia has a large base line, offers alternating sizes of sticks and tails, offers wider than normal openings that make each character, a character with a unique shape.<\/p>\n<p style=\"text-align: center;\">\u00a0<iframe src=\"https:\/\/player.vimeo.com\/video\/85075132?title=0&amp;byline=0\" width=\"640\" height=\"360\" frameborder=\"0\" allowfullscreen=\"allowfullscreen\"><\/iframe><\/p>\n<p>It is hardly worth trying, especially as dyslexic or not. <strong>this font is above all particularly legible<\/strong>. Another reason not to be deprived of it <strong>it is free for personal use.<\/strong><\/p>\n<p>Paid licenses are offered for use throughout a school, college or high school.<\/p>\n<p><strong>Full instructions for use can be found on the author\u2019s website<\/strong> (in English) to install the font in your orinator, tablet or smartphone.<\/p>\n<p>Link: <strong><a title=\"DyslexiaFont\" href=\"https:\/\/www.dyslexiefont.com\/en\/\" target=\"_blank\" rel=\"nofollow noopener\">DyslexiaFont<\/a><\/strong><\/p>\n<p>&nbsp;<\/p>","protected":false},"excerpt":{"rendered":"<p>DyslexiaFont is a typo, a typeface, that was designed by a dyslexic designer for dyslexics. The aim is to propose a tool to improve the readability of texts for all...<\/p>","protected":false},"author":1,"featured_media":3441,"comment_status":"open","ping_status":"open","sticky":false,"template":"","format":"standard","meta":{"content-type":"","_lmt_disableupdate":"no","_lmt_disable":"no","footnotes":""},"categories":[105],"tags":[118,107],"yoast_head":"<!-- This site is optimized with the Yoast SEO Premium plugin v20.4 (Yoast SEO v23.4) - https:\/\/yoast.com\/wordpress\/plugins\/seo\/ -->\n<title>DyslexieFont. Police de caract\u00e8re con\u00e7ue pour les dyslexiques &#8211; Les Outils Tice<\/title>\n<meta name=\"description\" content=\"DyslexieFont est une typo, une police de caract\u00e8res, qui a \u00e9t\u00e9 con\u00e7ue par un designer dyslexique pour les dyslexiques. L\u2019objectif est de proposer un outil\" \/>\n<meta name=\"robots\" content=\"index, follow, max-snippet:-1, max-image-preview:large, max-video-preview:-1\" \/>\n<link rel=\"canonical\" href=\"https:\/\/outilstice.com\/en\/2016\/09\/dyslexiefont-police-de-caractere-concue-pour-les-dyslexiques\/\" \/>\n<meta property=\"og:locale\" content=\"en_GB\" \/>\n<meta property=\"og:type\" content=\"article\" \/>\n<meta property=\"og:title\" content=\"DyslexieFont. Police de caract\u00e8re con\u00e7ue pour les dyslexiques\" \/>\n<meta property=\"og:description\" content=\"DyslexieFont est une typo, une police de caract\u00e8res, qui a \u00e9t\u00e9 con\u00e7ue par un designer dyslexique pour les dyslexiques. L\u2019objectif est de proposer un outil\" \/>\n<meta property=\"og:url\" content=\"https:\/\/outilstice.com\/en\/2016\/09\/dyslexiefont-police-de-caractere-concue-pour-les-dyslexiques\/\" \/>\n<meta property=\"og:site_name\" content=\"Les Outils Tice\" \/>\n<meta property=\"article:publisher\" content=\"https:\/\/www.facebook.com\/lesoutilsweb\" \/>\n<meta property=\"article:author\" content=\"https:\/\/www.facebook.com\/lesoutilsweb\" \/>\n<meta property=\"article:published_time\" content=\"2016-09-04T08:16:27+00:00\" \/>\n<meta property=\"article:modified_time\" content=\"2025-02-12T12:09:59+00:00\" \/>\n<meta property=\"og:image\" content=\"https:\/\/outilstice.com\/wp-content\/uploads\/2016\/09\/dyslexie.jpg\" \/>\n\t<meta property=\"og:image:width\" content=\"662\" \/>\n\t<meta property=\"og:image:height\" content=\"366\" \/>\n\t<meta property=\"og:image:type\" content=\"image\/jpeg\" \/>\n<meta name=\"author\" content=\"Fidel Navamuel\" \/>\n<meta name=\"twitter:card\" content=\"summary_large_image\" \/>\n<meta name=\"twitter:creator\" content=\"@outilstice\" \/>\n<meta name=\"twitter:site\" content=\"@outilstice\" \/>\n<meta name=\"twitter:label1\" content=\"Written by\" \/>\n\t<meta name=\"twitter:data1\" content=\"Fidel Navamuel\" \/>\n\t<meta name=\"twitter:label2\" content=\"Estimated reading time\" \/>\n\t<meta name=\"twitter:data2\" content=\"2 minutes\" \/>\n<script type=\"application\/ld+json\" class=\"yoast-schema-graph\">{\"@context\":\"https:\/\/schema.org\",\"@graph\":[{\"@type\":[\"Article\",\"BlogPosting\"],\"@id\":\"https:\/\/outilstice.com\/2016\/09\/dyslexiefont-police-de-caractere-concue-pour-les-dyslexiques\/#article\",\"isPartOf\":{\"@id\":\"https:\/\/outilstice.com\/2016\/09\/dyslexiefont-police-de-caractere-concue-pour-les-dyslexiques\/\"},\"author\":{\"name\":\"Fidel Navamuel\",\"@id\":\"https:\/\/outilstice.com\/#\/schema\/person\/ec4809142ef009f96b5af2c906a48cd0\"},\"headline\":\"DyslexieFont. Police de caract\u00e8re con\u00e7ue pour les dyslexiques\",\"datePublished\":\"2016-09-04T08:16:27+00:00\",\"dateModified\":\"2025-02-12T12:09:59+00:00\",\"mainEntityOfPage\":{\"@id\":\"https:\/\/outilstice.com\/2016\/09\/dyslexiefont-police-de-caractere-concue-pour-les-dyslexiques\/\"},\"wordCount\":321,\"commentCount\":8,\"publisher\":{\"@id\":\"https:\/\/outilstice.com\/#\/schema\/person\/ec4809142ef009f96b5af2c906a48cd0\"},\"image\":{\"@id\":\"https:\/\/outilstice.com\/2016\/09\/dyslexiefont-police-de-caractere-concue-pour-les-dyslexiques\/#primaryimage\"},\"thumbnailUrl\":\"https:\/\/outilstice.com\/wp-content\/uploads\/2016\/09\/dyslexie.jpg\",\"keywords\":[\"Lecture\",\"P\u00e9dagogie\"],\"articleSection\":[\"P\u00e9dagogie\"],\"inLanguage\":\"en-GB\",\"potentialAction\":[{\"@type\":\"CommentAction\",\"name\":\"Comment\",\"target\":[\"https:\/\/outilstice.com\/2016\/09\/dyslexiefont-police-de-caractere-concue-pour-les-dyslexiques\/#respond\"]}]},{\"@type\":\"WebPage\",\"@id\":\"https:\/\/outilstice.com\/2016\/09\/dyslexiefont-police-de-caractere-concue-pour-les-dyslexiques\/\",\"url\":\"https:\/\/outilstice.com\/2016\/09\/dyslexiefont-police-de-caractere-concue-pour-les-dyslexiques\/\",\"name\":\"DyslexieFont. Police de caract\u00e8re con\u00e7ue pour les dyslexiques &#8211; Les Outils Tice\",\"isPartOf\":{\"@id\":\"https:\/\/outilstice.com\/#website\"},\"primaryImageOfPage\":{\"@id\":\"https:\/\/outilstice.com\/2016\/09\/dyslexiefont-police-de-caractere-concue-pour-les-dyslexiques\/#primaryimage\"},\"image\":{\"@id\":\"https:\/\/outilstice.com\/2016\/09\/dyslexiefont-police-de-caractere-concue-pour-les-dyslexiques\/#primaryimage\"},\"thumbnailUrl\":\"https:\/\/outilstice.com\/wp-content\/uploads\/2016\/09\/dyslexie.jpg\",\"datePublished\":\"2016-09-04T08:16:27+00:00\",\"dateModified\":\"2025-02-12T12:09:59+00:00\",\"description\":\"DyslexieFont est une typo, une police de caract\u00e8res, qui a \u00e9t\u00e9 con\u00e7ue par un designer dyslexique pour les dyslexiques. L\u2019objectif est de proposer un outil\",\"breadcrumb\":{\"@id\":\"https:\/\/outilstice.com\/2016\/09\/dyslexiefont-police-de-caractere-concue-pour-les-dyslexiques\/#breadcrumb\"},\"inLanguage\":\"en-GB\",\"potentialAction\":[{\"@type\":\"ReadAction\",\"target\":[\"https:\/\/outilstice.com\/2016\/09\/dyslexiefont-police-de-caractere-concue-pour-les-dyslexiques\/\"]}]},{\"@type\":\"ImageObject\",\"inLanguage\":\"en-GB\",\"@id\":\"https:\/\/outilstice.com\/2016\/09\/dyslexiefont-police-de-caractere-concue-pour-les-dyslexiques\/#primaryimage\",\"url\":\"https:\/\/outilstice.com\/wp-content\/uploads\/2016\/09\/dyslexie.jpg\",\"contentUrl\":\"https:\/\/outilstice.com\/wp-content\/uploads\/2016\/09\/dyslexie.jpg\",\"width\":662,\"height\":366,\"caption\":\"Dyslexie\"},{\"@type\":\"BreadcrumbList\",\"@id\":\"https:\/\/outilstice.com\/2016\/09\/dyslexiefont-police-de-caractere-concue-pour-les-dyslexiques\/#breadcrumb\",\"itemListElement\":[{\"@type\":\"ListItem\",\"position\":1,\"name\":\"Accueil\",\"item\":\"https:\/\/outilstice.com\/\"},{\"@type\":\"ListItem\",\"position\":2,\"name\":\"P\u00e9dagogie\",\"item\":\"https:\/\/outilstice.com\/pedagogie\/\"},{\"@type\":\"ListItem\",\"position\":3,\"name\":\"DyslexieFont. Police de caract\u00e8re con\u00e7ue pour les dyslexiques\"}]},{\"@type\":\"WebSite\",\"@id\":\"https:\/\/outilstice.com\/#website\",\"url\":\"https:\/\/outilstice.com\/\",\"name\":\"Les Outils Tice\",\"description\":\"L&#039;actualit\u00e9 des outils num\u00e9riques pour l&#039;\u00e9ducation\",\"publisher\":{\"@id\":\"https:\/\/outilstice.com\/#\/schema\/person\/ec4809142ef009f96b5af2c906a48cd0\"},\"potentialAction\":[{\"@type\":\"SearchAction\",\"target\":{\"@type\":\"EntryPoint\",\"urlTemplate\":\"https:\/\/outilstice.com\/?s={search_term_string}\"},\"query-input\":{\"@type\":\"PropertyValueSpecification\",\"valueRequired\":true,\"valueName\":\"search_term_string\"}}],\"inLanguage\":\"en-GB\"},{\"@type\":[\"Person\",\"Organization\"],\"@id\":\"https:\/\/outilstice.com\/#\/schema\/person\/ec4809142ef009f96b5af2c906a48cd0\",\"name\":\"Fidel Navamuel\",\"image\":{\"@type\":\"ImageObject\",\"inLanguage\":\"en-GB\",\"@id\":\"https:\/\/outilstice.com\/#\/schema\/person\/image\/\",\"url\":\"https:\/\/outilstice.com\/wp-content\/uploads\/2014\/11\/fidel.jpg\",\"contentUrl\":\"https:\/\/outilstice.com\/wp-content\/uploads\/2014\/11\/fidel.jpg\",\"width\":570,\"height\":428,\"caption\":\"Fidel Navamuel\"},\"logo\":{\"@id\":\"https:\/\/outilstice.com\/#\/schema\/person\/image\/\"},\"description\":\"Journaliste et responsable des sites \\\"Les Outils du Web\\\". Le r\u00e9seau \\\"Les Outils du Web\\\"regroupe sept sites d'information en ligne autour des nouvelles technologies, de la veille, des outils collaboratifs, des tice, de l'ia et du Web2. Responsable du d\u00e9veloppement de l'\u00e9cole des m\u00e9tiers de l'information \u00e0 Paris. Coop\u00e9rative de formation, l'\u00e9mi est reconnue pour ses formations qui accompagnent la mutation num\u00e9rique au c\u0153ur des m\u00e9tiers et des organisations.\",\"sameAs\":[\"https:\/\/outilstice.com\",\"https:\/\/www.facebook.com\/lesoutilsweb\",\"https:\/\/www.instagram.com\/outilstice\/\",\"http:\/\/fr.linkedin.com\/in\/navamuel\/\",\"http:\/\/www.pinterest.com\/fideln\/\",\"https:\/\/x.com\/outilstice\"],\"gender\":\"homme\",\"jobTitle\":\"Journaliste\"}]}<\/script>\n<!-- \/ Yoast SEO Premium plugin. -->","yoast_head_json":{"title":"DyslexieFont. Police de caract\u00e8re con\u00e7ue pour les dyslexiques &#8211; Les Outils Tice","description":"DyslexieFont est une typo, une police de caract\u00e8res, qui a \u00e9t\u00e9 con\u00e7ue par un designer dyslexique pour les dyslexiques. L\u2019objectif est de proposer un outil","robots":{"index":"index","follow":"follow","max-snippet":"max-snippet:-1","max-image-preview":"max-image-preview:large","max-video-preview":"max-video-preview:-1"},"canonical":"https:\/\/outilstice.com\/en\/2016\/09\/dyslexiefont-police-de-caractere-concue-pour-les-dyslexiques\/","og_locale":"en_GB","og_type":"article","og_title":"DyslexieFont. Police de caract\u00e8re con\u00e7ue pour les dyslexiques","og_description":"DyslexieFont est une typo, une police de caract\u00e8res, qui a \u00e9t\u00e9 con\u00e7ue par un designer dyslexique pour les dyslexiques. L\u2019objectif est de proposer un outil","og_url":"https:\/\/outilstice.com\/en\/2016\/09\/dyslexiefont-police-de-caractere-concue-pour-les-dyslexiques\/","og_site_name":"Les Outils Tice","article_publisher":"https:\/\/www.facebook.com\/lesoutilsweb","article_author":"https:\/\/www.facebook.com\/lesoutilsweb","article_published_time":"2016-09-04T08:16:27+00:00","article_modified_time":"2025-02-12T12:09:59+00:00","og_image":[{"width":662,"height":366,"url":"https:\/\/outilstice.com\/wp-content\/uploads\/2016\/09\/dyslexie.jpg","type":"image\/jpeg"}],"author":"Fidel Navamuel","twitter_card":"summary_large_image","twitter_creator":"@outilstice","twitter_site":"@outilstice","twitter_misc":{"Written by":"Fidel Navamuel","Estimated reading time":"2 minutes"},"schema":{"@context":"https:\/\/schema.org","@graph":[{"@type":["Article","BlogPosting"],"@id":"https:\/\/outilstice.com\/2016\/09\/dyslexiefont-police-de-caractere-concue-pour-les-dyslexiques\/#article","isPartOf":{"@id":"https:\/\/outilstice.com\/2016\/09\/dyslexiefont-police-de-caractere-concue-pour-les-dyslexiques\/"},"author":{"name":"Fidel Navamuel","@id":"https:\/\/outilstice.com\/#\/schema\/person\/ec4809142ef009f96b5af2c906a48cd0"},"headline":"DyslexieFont. Police de caract\u00e8re con\u00e7ue pour les dyslexiques","datePublished":"2016-09-04T08:16:27+00:00","dateModified":"2025-02-12T12:09:59+00:00","mainEntityOfPage":{"@id":"https:\/\/outilstice.com\/2016\/09\/dyslexiefont-police-de-caractere-concue-pour-les-dyslexiques\/"},"wordCount":321,"commentCount":8,"publisher":{"@id":"https:\/\/outilstice.com\/#\/schema\/person\/ec4809142ef009f96b5af2c906a48cd0"},"image":{"@id":"https:\/\/outilstice.com\/2016\/09\/dyslexiefont-police-de-caractere-concue-pour-les-dyslexiques\/#primaryimage"},"thumbnailUrl":"https:\/\/outilstice.com\/wp-content\/uploads\/2016\/09\/dyslexie.jpg","keywords":["Lecture","P\u00e9dagogie"],"articleSection":["P\u00e9dagogie"],"inLanguage":"en-GB","potentialAction":[{"@type":"CommentAction","name":"Comment","target":["https:\/\/outilstice.com\/2016\/09\/dyslexiefont-police-de-caractere-concue-pour-les-dyslexiques\/#respond"]}]},{"@type":"WebPage","@id":"https:\/\/outilstice.com\/2016\/09\/dyslexiefont-police-de-caractere-concue-pour-les-dyslexiques\/","url":"https:\/\/outilstice.com\/2016\/09\/dyslexiefont-police-de-caractere-concue-pour-les-dyslexiques\/","name":"DyslexieFont. Police de caract\u00e8re con\u00e7ue pour les dyslexiques &#8211; Les Outils Tice","isPartOf":{"@id":"https:\/\/outilstice.com\/#website"},"primaryImageOfPage":{"@id":"https:\/\/outilstice.com\/2016\/09\/dyslexiefont-police-de-caractere-concue-pour-les-dyslexiques\/#primaryimage"},"image":{"@id":"https:\/\/outilstice.com\/2016\/09\/dyslexiefont-police-de-caractere-concue-pour-les-dyslexiques\/#primaryimage"},"thumbnailUrl":"https:\/\/outilstice.com\/wp-content\/uploads\/2016\/09\/dyslexie.jpg","datePublished":"2016-09-04T08:16:27+00:00","dateModified":"2025-02-12T12:09:59+00:00","description":"DyslexieFont est une typo, une police de caract\u00e8res, qui a \u00e9t\u00e9 con\u00e7ue par un designer dyslexique pour les dyslexiques. L\u2019objectif est de proposer un outil","breadcrumb":{"@id":"https:\/\/outilstice.com\/2016\/09\/dyslexiefont-police-de-caractere-concue-pour-les-dyslexiques\/#breadcrumb"},"inLanguage":"en-GB","potentialAction":[{"@type":"ReadAction","target":["https:\/\/outilstice.com\/2016\/09\/dyslexiefont-police-de-caractere-concue-pour-les-dyslexiques\/"]}]},{"@type":"ImageObject","inLanguage":"en-GB","@id":"https:\/\/outilstice.com\/2016\/09\/dyslexiefont-police-de-caractere-concue-pour-les-dyslexiques\/#primaryimage","url":"https:\/\/outilstice.com\/wp-content\/uploads\/2016\/09\/dyslexie.jpg","contentUrl":"https:\/\/outilstice.com\/wp-content\/uploads\/2016\/09\/dyslexie.jpg","width":662,"height":366,"caption":"Dyslexie"},{"@type":"BreadcrumbList","@id":"https:\/\/outilstice.com\/2016\/09\/dyslexiefont-police-de-caractere-concue-pour-les-dyslexiques\/#breadcrumb","itemListElement":[{"@type":"ListItem","position":1,"name":"Accueil","item":"https:\/\/outilstice.com\/"},{"@type":"ListItem","position":2,"name":"P\u00e9dagogie","item":"https:\/\/outilstice.com\/pedagogie\/"},{"@type":"ListItem","position":3,"name":"DyslexieFont. Police de caract\u00e8re con\u00e7ue pour les dyslexiques"}]},{"@type":"WebSite","@id":"https:\/\/outilstice.com\/#website","url":"https:\/\/outilstice.com\/","name":"Les Outils Tice","description":"L&#039;actualit\u00e9 des outils num\u00e9riques pour l&#039;\u00e9ducation","publisher":{"@id":"https:\/\/outilstice.com\/#\/schema\/person\/ec4809142ef009f96b5af2c906a48cd0"},"potentialAction":[{"@type":"SearchAction","target":{"@type":"EntryPoint","urlTemplate":"https:\/\/outilstice.com\/?s={search_term_string}"},"query-input":{"@type":"PropertyValueSpecification","valueRequired":true,"valueName":"search_term_string"}}],"inLanguage":"en-GB"},{"@type":["Person","Organization"],"@id":"https:\/\/outilstice.com\/#\/schema\/person\/ec4809142ef009f96b5af2c906a48cd0","name":"Fidel Navamuel","image":{"@type":"ImageObject","inLanguage":"en-GB","@id":"https:\/\/outilstice.com\/#\/schema\/person\/image\/","url":"https:\/\/outilstice.com\/wp-content\/uploads\/2014\/11\/fidel.jpg","contentUrl":"https:\/\/outilstice.com\/wp-content\/uploads\/2014\/11\/fidel.jpg","width":570,"height":428,"caption":"Fidel Navamuel"},"logo":{"@id":"https:\/\/outilstice.com\/#\/schema\/person\/image\/"},"description":"Journaliste et responsable des sites \"Les Outils du Web\". Le r\u00e9seau \"Les Outils du Web\"regroupe sept sites d'information en ligne autour des nouvelles technologies, de la veille, des outils collaboratifs, des tice, de l'ia et du Web2. Responsable du d\u00e9veloppement de l'\u00e9cole des m\u00e9tiers de l'information \u00e0 Paris. Coop\u00e9rative de formation, l'\u00e9mi est reconnue pour ses formations qui accompagnent la mutation num\u00e9rique au c\u0153ur des m\u00e9tiers et des organisations.","sameAs":["https:\/\/outilstice.com","https:\/\/www.facebook.com\/lesoutilsweb","https:\/\/www.instagram.com\/outilstice\/","http:\/\/fr.linkedin.com\/in\/navamuel\/","http:\/\/www.pinterest.com\/fideln\/","https:\/\/x.com\/outilstice"],"gender":"homme","jobTitle":"Journaliste"}]}},"modified_by":"Fidel Navamuel","_links":{"self":[{"href":"https:\/\/outilstice.com\/en\/wp-json\/wp\/v2\/posts\/3440"}],"collection":[{"href":"https:\/\/outilstice.com\/en\/wp-json\/wp\/v2\/posts"}],"about":[{"href":"https:\/\/outilstice.com\/en\/wp-json\/wp\/v2\/types\/post"}],"author":[{"embeddable":true,"href":"https:\/\/outilstice.com\/en\/wp-json\/wp\/v2\/users\/1"}],"replies":[{"embeddable":true,"href":"https:\/\/outilstice.com\/en\/wp-json\/wp\/v2\/comments?post=3440"}],"version-history":[{"count":1,"href":"https:\/\/outilstice.com\/en\/wp-json\/wp\/v2\/posts\/3440\/revisions"}],"predecessor-version":[{"id":14057,"href":"https:\/\/outilstice.com\/en\/wp-json\/wp\/v2\/posts\/3440\/revisions\/14057"}],"wp:featuredmedia":[{"embeddable":true,"href":"https:\/\/outilstice.com\/en\/wp-json\/wp\/v2\/media\/3441"}],"wp:attachment":[{"href":"https:\/\/outilstice.com\/en\/wp-json\/wp\/v2\/media?parent=3440"}],"wp:term":[{"taxonomy":"category","embeddable":true,"href":"https:\/\/outilstice.com\/en\/wp-json\/wp\/v2\/categories?post=3440"},{"taxonomy":"post_tag","embeddable":true,"href":"https:\/\/outilstice.com\/en\/wp-json\/wp\/v2\/tags?post=3440"}],"curies":[{"name":"wp","href":"https:\/\/api.w.org\/{rel}","templated":true}]}}