{"id":6982,"date":"2019-11-07T12:58:56","date_gmt":"2019-11-07T10:58:56","guid":{"rendered":"https:\/\/outilstice.com\/?p=6982"},"modified":"2020-06-20T14:21:53","modified_gmt":"2020-06-20T12:21:53","slug":"adobe-education-ateliers-numeriques-educatec-educatice","status":"publish","type":"post","link":"https:\/\/outilstice.com\/en\/2019\/11\/adobe-education-ateliers-numeriques-educatec-educatice\/","title":{"rendered":"From November 20 to 22, Adobe Education invites you to participate in digital workshops at Educatec-Educatice"},"content":{"rendered":"<p><strong>Communiqu\u00e9 from Adobe Education.<\/strong><\/p>\n<p><strong>Adobe Education<\/strong>\u00a0will be from\u00a0<strong>November 20-22 at Educatec-Educatice <\/strong>at the Porte de Versailles in Paris. We very much hope to meet you there!<\/p>\n<p><strong>Come see us Stand H28 and Room J42.<\/strong><\/p>\n<h2>Digital workshops with middle and primary school students<\/h2>\n<p>This year, you will be able to discover on our stand (H28) how<strong>\u00a0middle and primary school students<\/strong>, helped by a teacher, use our creative applications to carry out a creative project.<\/p>\n<h2>Open access digital workshops<\/h2>\n<p><img loading=\"lazy\" decoding=\"async\" class=\"aligncenter size-full wp-image-6983\" src=\"https:\/\/outilstice.com\/wp-content\/uploads\/2019\/11\/ADOBE_banniere_01_v3.gif\" alt=\"\" width=\"728\" height=\"91\" \/><\/p>\n<p>Below you will find the complete programme of our open access digital workshops. They will stand <strong>every day from 10 a.m. to 5 p.m. in room J42<\/strong>. You will be able to discover how to use our creative applications with your students.<\/p>\n<ul>\n<li>10:00-10:45: Learn how to make a video capsule in class with Spark Video.<\/li>\n<li>10:45-11:30: Learn how to create a poster with Spark Post.<\/li>\n<li>11:30-12:15: Discover how to make a photo report on the city with Lightroom.<\/li>\n<li>12:15-13:00: Discover how to make a presentation on color in nature in the form of a blog with Spark Page.<\/li>\n<li>13:00-13:45: Find out how to make the video of an interview filmed with Premiere Rush.<\/li>\n<li>1:45 p.m. to 2:30 p.m.: Learn how to make a video capsule in class with Spark Video.<\/li>\n<li>2:30-15:15 pm: Learn how to create a blog post on color symbolism with Spark Page.<\/li>\n<li>15:15-16:00: Find out how to make the video of an interview filmed with Premiere Rush.<\/li>\n<li>16:00-16:45: Learn how to create a video capsule in class with Spark Video.<\/li>\n<li>16:45-17:30: Discover how to create a photo report in the city with Lightroom.<\/li>\n<\/ul>\n<p><a href=\"https:\/\/outilstice.com\/wp-content\/uploads\/2019\/11\/Programme-Educatice-2019-1.pdf\" target=\"_blank\"><strong>The full program can be downloaded here.<\/strong><\/a><\/p>\n<p>Do not hesitate to visit our website for more information on our offers dedicated to teachers and educational institutions \u2026<\/p>\n<p style=\"text-align: center;\"><strong><a href=\"https:\/\/www.adobe.com\/fr\/education\/schools.html?sdid=GHMVYHJ1&amp;mv=other\" target=\"_blank\">Offer establishments<\/a> &#8211; <a href=\"http:\/\/www.adobe.com\/fr\/creativecloud\/buy\/students.html\" target=\"_blank\">Teachers offer<\/a><\/strong><\/p>\n<p>See you soon!<\/p>\n<p><strong>The Adobe Education Team<\/strong><\/p>","protected":false},"excerpt":{"rendered":"<p>Communiqu\u00e9 from Adobe Education. Adobe Education will be from November 20 to 22 at the Educatec-Educatice fair at the Porte de Versailles in Paris. We very much hope to meet you there! Come see us Stand H28 and Room J42....<\/p>","protected":false},"author":1,"featured_media":6984,"comment_status":"open","ping_status":"open","sticky":false,"template":"","format":"standard","meta":{"content-type":"","_lmt_disableupdate":"","_lmt_disable":"","footnotes":""},"categories":[7182,6305],"tags":[135,132,6069],"yoast_head":"<!-- This site is optimized with the Yoast SEO Premium plugin v20.4 (Yoast SEO v23.4) - https:\/\/yoast.com\/wordpress\/plugins\/seo\/ -->\n<title>Du 20 au 22 novembre, Adobe Education vous invite \u00e0 participer \u00e0 des ateliers num\u00e9riques \u00e0 Educatec-Educatice &#8211; Les Outils Tice<\/title>\n<meta name=\"description\" content=\"Adobe Education\u00a0sera du\u00a020 au 22 novembre au salon Educatec-Educatice. Au programme des ateliers num\u00e9riques en acc\u00e8s libre pour tous les enseignants.\" \/>\n<meta name=\"robots\" content=\"index, follow, max-snippet:-1, max-image-preview:large, max-video-preview:-1\" \/>\n<link rel=\"canonical\" href=\"https:\/\/outilstice.com\/en\/2019\/11\/adobe-education-ateliers-numeriques-educatec-educatice\/\" \/>\n<meta property=\"og:locale\" content=\"en_GB\" \/>\n<meta property=\"og:type\" content=\"article\" \/>\n<meta property=\"og:title\" content=\"Du 20 au 22 novembre, Adobe Education vous invite \u00e0 participer \u00e0 des ateliers num\u00e9riques \u00e0 Educatec-Educatice\" \/>\n<meta property=\"og:description\" content=\"Adobe Education sera du 20 au 22 novembre au salon Educatec-Educatice \u00e0 la Porte de Versailles \u00e0 Paris. Au programme des ateliers num\u00e9riques en acc\u00e8s libre pour tous les enseignants.\" \/>\n<meta property=\"og:url\" content=\"https:\/\/outilstice.com\/en\/2019\/11\/adobe-education-ateliers-numeriques-educatec-educatice\/\" \/>\n<meta property=\"og:site_name\" content=\"Les Outils Tice\" \/>\n<meta property=\"article:publisher\" content=\"https:\/\/www.facebook.com\/lesoutilsweb\" \/>\n<meta property=\"article:author\" content=\"https:\/\/www.facebook.com\/lesoutilsweb\" \/>\n<meta property=\"article:published_time\" content=\"2019-11-07T10:58:56+00:00\" \/>\n<meta property=\"article:modified_time\" content=\"2020-06-20T12:21:53+00:00\" \/>\n<meta property=\"og:image\" content=\"https:\/\/outilstice.com\/wp-content\/uploads\/2019\/11\/CleanShot-2019-11-07-at-11.45.38@2x.jpg\" \/>\n\t<meta property=\"og:image:width\" content=\"1741\" \/>\n\t<meta property=\"og:image:height\" content=\"924\" \/>\n\t<meta property=\"og:image:type\" content=\"image\/jpeg\" \/>\n<meta name=\"author\" content=\"Fidel Navamuel\" \/>\n<meta name=\"twitter:card\" content=\"summary_large_image\" \/>\n<meta name=\"twitter:description\" content=\"Communiqu\u00e9 d&#039;Adobe \u00c9ducation. Adobe Education\u00a0sera du\u00a020 au 22 novembre au salon Educatec-Educatice \u00e0 la Porte de Versailles \u00e0 Paris. Nous esp\u00e9rons\" \/>\n<meta name=\"twitter:creator\" content=\"@outilstice\" \/>\n<meta name=\"twitter:site\" content=\"@outilstice\" \/>\n<meta name=\"twitter:label1\" content=\"Written by\" \/>\n\t<meta name=\"twitter:data1\" content=\"Fidel Navamuel\" \/>\n\t<meta name=\"twitter:label2\" content=\"Estimated reading time\" \/>\n\t<meta name=\"twitter:data2\" content=\"2 minutes\" \/>\n<script type=\"application\/ld+json\" class=\"yoast-schema-graph\">{\"@context\":\"https:\/\/schema.org\",\"@graph\":[{\"@type\":[\"Article\",\"BlogPosting\"],\"@id\":\"https:\/\/outilstice.com\/2019\/11\/adobe-education-ateliers-numeriques-educatec-educatice\/#article\",\"isPartOf\":{\"@id\":\"https:\/\/outilstice.com\/2019\/11\/adobe-education-ateliers-numeriques-educatec-educatice\/\"},\"author\":{\"name\":\"Fidel Navamuel\",\"@id\":\"https:\/\/outilstice.com\/#\/schema\/person\/ec4809142ef009f96b5af2c906a48cd0\"},\"headline\":\"Du 20 au 22 novembre, Adobe Education vous invite \u00e0 participer \u00e0 des ateliers num\u00e9riques \u00e0 Educatec-Educatice\",\"datePublished\":\"2019-11-07T10:58:56+00:00\",\"dateModified\":\"2020-06-20T12:21:53+00:00\",\"mainEntityOfPage\":{\"@id\":\"https:\/\/outilstice.com\/2019\/11\/adobe-education-ateliers-numeriques-educatec-educatice\/\"},\"wordCount\":372,\"commentCount\":0,\"publisher\":{\"@id\":\"https:\/\/outilstice.com\/#\/schema\/person\/ec4809142ef009f96b5af2c906a48cd0\"},\"image\":{\"@id\":\"https:\/\/outilstice.com\/2019\/11\/adobe-education-ateliers-numeriques-educatec-educatice\/#primaryimage\"},\"thumbnailUrl\":\"https:\/\/outilstice.com\/wp-content\/uploads\/2019\/11\/CleanShot-2019-11-07-at-11.45.38@2x.jpg\",\"keywords\":[\"Adobe\",\"Communiqu\u00e9s\",\"Salons\"],\"articleSection\":[\"Communiqu\u00e9s\",\"\u00c9v\u00e8nements\"],\"inLanguage\":\"en-GB\",\"potentialAction\":[{\"@type\":\"CommentAction\",\"name\":\"Comment\",\"target\":[\"https:\/\/outilstice.com\/2019\/11\/adobe-education-ateliers-numeriques-educatec-educatice\/#respond\"]}]},{\"@type\":\"WebPage\",\"@id\":\"https:\/\/outilstice.com\/2019\/11\/adobe-education-ateliers-numeriques-educatec-educatice\/\",\"url\":\"https:\/\/outilstice.com\/2019\/11\/adobe-education-ateliers-numeriques-educatec-educatice\/\",\"name\":\"Du 20 au 22 novembre, Adobe Education vous invite \u00e0 participer \u00e0 des ateliers num\u00e9riques \u00e0 Educatec-Educatice &#8211; Les Outils Tice\",\"isPartOf\":{\"@id\":\"https:\/\/outilstice.com\/#website\"},\"primaryImageOfPage\":{\"@id\":\"https:\/\/outilstice.com\/2019\/11\/adobe-education-ateliers-numeriques-educatec-educatice\/#primaryimage\"},\"image\":{\"@id\":\"https:\/\/outilstice.com\/2019\/11\/adobe-education-ateliers-numeriques-educatec-educatice\/#primaryimage\"},\"thumbnailUrl\":\"https:\/\/outilstice.com\/wp-content\/uploads\/2019\/11\/CleanShot-2019-11-07-at-11.45.38@2x.jpg\",\"datePublished\":\"2019-11-07T10:58:56+00:00\",\"dateModified\":\"2020-06-20T12:21:53+00:00\",\"description\":\"Adobe Education\u00a0sera du\u00a020 au 22 novembre au salon Educatec-Educatice. Au programme des ateliers num\u00e9riques en acc\u00e8s libre pour tous les enseignants.\",\"breadcrumb\":{\"@id\":\"https:\/\/outilstice.com\/2019\/11\/adobe-education-ateliers-numeriques-educatec-educatice\/#breadcrumb\"},\"inLanguage\":\"en-GB\",\"potentialAction\":[{\"@type\":\"ReadAction\",\"target\":[\"https:\/\/outilstice.com\/2019\/11\/adobe-education-ateliers-numeriques-educatec-educatice\/\"]}]},{\"@type\":\"ImageObject\",\"inLanguage\":\"en-GB\",\"@id\":\"https:\/\/outilstice.com\/2019\/11\/adobe-education-ateliers-numeriques-educatec-educatice\/#primaryimage\",\"url\":\"https:\/\/outilstice.com\/wp-content\/uploads\/2019\/11\/CleanShot-2019-11-07-at-11.45.38@2x.jpg\",\"contentUrl\":\"https:\/\/outilstice.com\/wp-content\/uploads\/2019\/11\/CleanShot-2019-11-07-at-11.45.38@2x.jpg\",\"width\":1741,\"height\":924},{\"@type\":\"BreadcrumbList\",\"@id\":\"https:\/\/outilstice.com\/2019\/11\/adobe-education-ateliers-numeriques-educatec-educatice\/#breadcrumb\",\"itemListElement\":[{\"@type\":\"ListItem\",\"position\":1,\"name\":\"Accueil\",\"item\":\"https:\/\/outilstice.com\/\"},{\"@type\":\"ListItem\",\"position\":2,\"name\":\"Communiqu\u00e9s\",\"item\":\"https:\/\/outilstice.com\/communiques\/\"},{\"@type\":\"ListItem\",\"position\":3,\"name\":\"Du 20 au 22 novembre, Adobe Education vous invite \u00e0 participer \u00e0 des ateliers num\u00e9riques \u00e0 Educatec-Educatice\"}]},{\"@type\":\"WebSite\",\"@id\":\"https:\/\/outilstice.com\/#website\",\"url\":\"https:\/\/outilstice.com\/\",\"name\":\"Les Outils Tice\",\"description\":\"L&#039;actualit\u00e9 des outils num\u00e9riques pour l&#039;\u00e9ducation\",\"publisher\":{\"@id\":\"https:\/\/outilstice.com\/#\/schema\/person\/ec4809142ef009f96b5af2c906a48cd0\"},\"potentialAction\":[{\"@type\":\"SearchAction\",\"target\":{\"@type\":\"EntryPoint\",\"urlTemplate\":\"https:\/\/outilstice.com\/?s={search_term_string}\"},\"query-input\":{\"@type\":\"PropertyValueSpecification\",\"valueRequired\":true,\"valueName\":\"search_term_string\"}}],\"inLanguage\":\"en-GB\"},{\"@type\":[\"Person\",\"Organization\"],\"@id\":\"https:\/\/outilstice.com\/#\/schema\/person\/ec4809142ef009f96b5af2c906a48cd0\",\"name\":\"Fidel Navamuel\",\"image\":{\"@type\":\"ImageObject\",\"inLanguage\":\"en-GB\",\"@id\":\"https:\/\/outilstice.com\/#\/schema\/person\/image\/\",\"url\":\"https:\/\/outilstice.com\/wp-content\/uploads\/2014\/11\/fidel.jpg\",\"contentUrl\":\"https:\/\/outilstice.com\/wp-content\/uploads\/2014\/11\/fidel.jpg\",\"width\":570,\"height\":428,\"caption\":\"Fidel Navamuel\"},\"logo\":{\"@id\":\"https:\/\/outilstice.com\/#\/schema\/person\/image\/\"},\"description\":\"Journaliste et responsable des sites \\\"Les Outils du Web\\\". Le r\u00e9seau \\\"Les Outils du Web\\\"regroupe sept sites d'information en ligne autour des nouvelles technologies, de la veille, des outils collaboratifs, des tice, de l'ia et du Web2. Responsable du d\u00e9veloppement de l'\u00e9cole des m\u00e9tiers de l'information \u00e0 Paris. Coop\u00e9rative de formation, l'\u00e9mi est reconnue pour ses formations qui accompagnent la mutation num\u00e9rique au c\u0153ur des m\u00e9tiers et des organisations.\",\"sameAs\":[\"https:\/\/outilstice.com\",\"https:\/\/www.facebook.com\/lesoutilsweb\",\"https:\/\/www.instagram.com\/outilstice\/\",\"http:\/\/fr.linkedin.com\/in\/navamuel\/\",\"http:\/\/www.pinterest.com\/fideln\/\",\"https:\/\/x.com\/outilstice\"],\"gender\":\"homme\",\"jobTitle\":\"Journaliste\"}]}<\/script>\n<!-- \/ Yoast SEO Premium plugin. -->","yoast_head_json":{"title":"Du 20 au 22 novembre, Adobe Education vous invite \u00e0 participer \u00e0 des ateliers num\u00e9riques \u00e0 Educatec-Educatice &#8211; Les Outils Tice","description":"Adobe Education\u00a0sera du\u00a020 au 22 novembre au salon Educatec-Educatice. Au programme des ateliers num\u00e9riques en acc\u00e8s libre pour tous les enseignants.","robots":{"index":"index","follow":"follow","max-snippet":"max-snippet:-1","max-image-preview":"max-image-preview:large","max-video-preview":"max-video-preview:-1"},"canonical":"https:\/\/outilstice.com\/en\/2019\/11\/adobe-education-ateliers-numeriques-educatec-educatice\/","og_locale":"en_GB","og_type":"article","og_title":"Du 20 au 22 novembre, Adobe Education vous invite \u00e0 participer \u00e0 des ateliers num\u00e9riques \u00e0 Educatec-Educatice","og_description":"Adobe Education sera du 20 au 22 novembre au salon Educatec-Educatice \u00e0 la Porte de Versailles \u00e0 Paris. Au programme des ateliers num\u00e9riques en acc\u00e8s libre pour tous les enseignants.","og_url":"https:\/\/outilstice.com\/en\/2019\/11\/adobe-education-ateliers-numeriques-educatec-educatice\/","og_site_name":"Les Outils Tice","article_publisher":"https:\/\/www.facebook.com\/lesoutilsweb","article_author":"https:\/\/www.facebook.com\/lesoutilsweb","article_published_time":"2019-11-07T10:58:56+00:00","article_modified_time":"2020-06-20T12:21:53+00:00","og_image":[{"width":1741,"height":924,"url":"https:\/\/outilstice.com\/wp-content\/uploads\/2019\/11\/CleanShot-2019-11-07-at-11.45.38@2x.jpg","type":"image\/jpeg"}],"author":"Fidel Navamuel","twitter_card":"summary_large_image","twitter_description":"Communiqu\u00e9 d'Adobe \u00c9ducation. Adobe Education\u00a0sera du\u00a020 au 22 novembre au salon Educatec-Educatice \u00e0 la Porte de Versailles \u00e0 Paris. Nous esp\u00e9rons","twitter_creator":"@outilstice","twitter_site":"@outilstice","twitter_misc":{"Written by":"Fidel Navamuel","Estimated reading time":"2 minutes"},"schema":{"@context":"https:\/\/schema.org","@graph":[{"@type":["Article","BlogPosting"],"@id":"https:\/\/outilstice.com\/2019\/11\/adobe-education-ateliers-numeriques-educatec-educatice\/#article","isPartOf":{"@id":"https:\/\/outilstice.com\/2019\/11\/adobe-education-ateliers-numeriques-educatec-educatice\/"},"author":{"name":"Fidel Navamuel","@id":"https:\/\/outilstice.com\/#\/schema\/person\/ec4809142ef009f96b5af2c906a48cd0"},"headline":"Du 20 au 22 novembre, Adobe Education vous invite \u00e0 participer \u00e0 des ateliers num\u00e9riques \u00e0 Educatec-Educatice","datePublished":"2019-11-07T10:58:56+00:00","dateModified":"2020-06-20T12:21:53+00:00","mainEntityOfPage":{"@id":"https:\/\/outilstice.com\/2019\/11\/adobe-education-ateliers-numeriques-educatec-educatice\/"},"wordCount":372,"commentCount":0,"publisher":{"@id":"https:\/\/outilstice.com\/#\/schema\/person\/ec4809142ef009f96b5af2c906a48cd0"},"image":{"@id":"https:\/\/outilstice.com\/2019\/11\/adobe-education-ateliers-numeriques-educatec-educatice\/#primaryimage"},"thumbnailUrl":"https:\/\/outilstice.com\/wp-content\/uploads\/2019\/11\/CleanShot-2019-11-07-at-11.45.38@2x.jpg","keywords":["Adobe","Communiqu\u00e9s","Salons"],"articleSection":["Communiqu\u00e9s","\u00c9v\u00e8nements"],"inLanguage":"en-GB","potentialAction":[{"@type":"CommentAction","name":"Comment","target":["https:\/\/outilstice.com\/2019\/11\/adobe-education-ateliers-numeriques-educatec-educatice\/#respond"]}]},{"@type":"WebPage","@id":"https:\/\/outilstice.com\/2019\/11\/adobe-education-ateliers-numeriques-educatec-educatice\/","url":"https:\/\/outilstice.com\/2019\/11\/adobe-education-ateliers-numeriques-educatec-educatice\/","name":"Du 20 au 22 novembre, Adobe Education vous invite \u00e0 participer \u00e0 des ateliers num\u00e9riques \u00e0 Educatec-Educatice &#8211; Les Outils Tice","isPartOf":{"@id":"https:\/\/outilstice.com\/#website"},"primaryImageOfPage":{"@id":"https:\/\/outilstice.com\/2019\/11\/adobe-education-ateliers-numeriques-educatec-educatice\/#primaryimage"},"image":{"@id":"https:\/\/outilstice.com\/2019\/11\/adobe-education-ateliers-numeriques-educatec-educatice\/#primaryimage"},"thumbnailUrl":"https:\/\/outilstice.com\/wp-content\/uploads\/2019\/11\/CleanShot-2019-11-07-at-11.45.38@2x.jpg","datePublished":"2019-11-07T10:58:56+00:00","dateModified":"2020-06-20T12:21:53+00:00","description":"Adobe Education\u00a0sera du\u00a020 au 22 novembre au salon Educatec-Educatice. Au programme des ateliers num\u00e9riques en acc\u00e8s libre pour tous les enseignants.","breadcrumb":{"@id":"https:\/\/outilstice.com\/2019\/11\/adobe-education-ateliers-numeriques-educatec-educatice\/#breadcrumb"},"inLanguage":"en-GB","potentialAction":[{"@type":"ReadAction","target":["https:\/\/outilstice.com\/2019\/11\/adobe-education-ateliers-numeriques-educatec-educatice\/"]}]},{"@type":"ImageObject","inLanguage":"en-GB","@id":"https:\/\/outilstice.com\/2019\/11\/adobe-education-ateliers-numeriques-educatec-educatice\/#primaryimage","url":"https:\/\/outilstice.com\/wp-content\/uploads\/2019\/11\/CleanShot-2019-11-07-at-11.45.38@2x.jpg","contentUrl":"https:\/\/outilstice.com\/wp-content\/uploads\/2019\/11\/CleanShot-2019-11-07-at-11.45.38@2x.jpg","width":1741,"height":924},{"@type":"BreadcrumbList","@id":"https:\/\/outilstice.com\/2019\/11\/adobe-education-ateliers-numeriques-educatec-educatice\/#breadcrumb","itemListElement":[{"@type":"ListItem","position":1,"name":"Accueil","item":"https:\/\/outilstice.com\/"},{"@type":"ListItem","position":2,"name":"Communiqu\u00e9s","item":"https:\/\/outilstice.com\/communiques\/"},{"@type":"ListItem","position":3,"name":"Du 20 au 22 novembre, Adobe Education vous invite \u00e0 participer \u00e0 des ateliers num\u00e9riques \u00e0 Educatec-Educatice"}]},{"@type":"WebSite","@id":"https:\/\/outilstice.com\/#website","url":"https:\/\/outilstice.com\/","name":"Les Outils Tice","description":"L&#039;actualit\u00e9 des outils num\u00e9riques pour l&#039;\u00e9ducation","publisher":{"@id":"https:\/\/outilstice.com\/#\/schema\/person\/ec4809142ef009f96b5af2c906a48cd0"},"potentialAction":[{"@type":"SearchAction","target":{"@type":"EntryPoint","urlTemplate":"https:\/\/outilstice.com\/?s={search_term_string}"},"query-input":{"@type":"PropertyValueSpecification","valueRequired":true,"valueName":"search_term_string"}}],"inLanguage":"en-GB"},{"@type":["Person","Organization"],"@id":"https:\/\/outilstice.com\/#\/schema\/person\/ec4809142ef009f96b5af2c906a48cd0","name":"Fidel Navamuel","image":{"@type":"ImageObject","inLanguage":"en-GB","@id":"https:\/\/outilstice.com\/#\/schema\/person\/image\/","url":"https:\/\/outilstice.com\/wp-content\/uploads\/2014\/11\/fidel.jpg","contentUrl":"https:\/\/outilstice.com\/wp-content\/uploads\/2014\/11\/fidel.jpg","width":570,"height":428,"caption":"Fidel Navamuel"},"logo":{"@id":"https:\/\/outilstice.com\/#\/schema\/person\/image\/"},"description":"Journaliste et responsable des sites \"Les Outils du Web\". Le r\u00e9seau \"Les Outils du Web\"regroupe sept sites d'information en ligne autour des nouvelles technologies, de la veille, des outils collaboratifs, des tice, de l'ia et du Web2. Responsable du d\u00e9veloppement de l'\u00e9cole des m\u00e9tiers de l'information \u00e0 Paris. Coop\u00e9rative de formation, l'\u00e9mi est reconnue pour ses formations qui accompagnent la mutation num\u00e9rique au c\u0153ur des m\u00e9tiers et des organisations.","sameAs":["https:\/\/outilstice.com","https:\/\/www.facebook.com\/lesoutilsweb","https:\/\/www.instagram.com\/outilstice\/","http:\/\/fr.linkedin.com\/in\/navamuel\/","http:\/\/www.pinterest.com\/fideln\/","https:\/\/x.com\/outilstice"],"gender":"homme","jobTitle":"Journaliste"}]}},"modified_by":"Fidel Navamuel","_links":{"self":[{"href":"https:\/\/outilstice.com\/en\/wp-json\/wp\/v2\/posts\/6982"}],"collection":[{"href":"https:\/\/outilstice.com\/en\/wp-json\/wp\/v2\/posts"}],"about":[{"href":"https:\/\/outilstice.com\/en\/wp-json\/wp\/v2\/types\/post"}],"author":[{"embeddable":true,"href":"https:\/\/outilstice.com\/en\/wp-json\/wp\/v2\/users\/1"}],"replies":[{"embeddable":true,"href":"https:\/\/outilstice.com\/en\/wp-json\/wp\/v2\/comments?post=6982"}],"version-history":[{"count":0,"href":"https:\/\/outilstice.com\/en\/wp-json\/wp\/v2\/posts\/6982\/revisions"}],"wp:featuredmedia":[{"embeddable":true,"href":"https:\/\/outilstice.com\/en\/wp-json\/wp\/v2\/media\/6984"}],"wp:attachment":[{"href":"https:\/\/outilstice.com\/en\/wp-json\/wp\/v2\/media?parent=6982"}],"wp:term":[{"taxonomy":"category","embeddable":true,"href":"https:\/\/outilstice.com\/en\/wp-json\/wp\/v2\/categories?post=6982"},{"taxonomy":"post_tag","embeddable":true,"href":"https:\/\/outilstice.com\/en\/wp-json\/wp\/v2\/tags?post=6982"}],"curies":[{"name":"wp","href":"https:\/\/api.w.org\/{rel}","templated":true}]}}