{"id":8873,"date":"2021-03-09T08:52:13","date_gmt":"2021-03-09T06:52:13","guid":{"rendered":"https:\/\/outilstice.com\/2021\/03\/les-eco-delegues-mis-a-lhonneur\/"},"modified":"2023-03-02T13:40:35","modified_gmt":"2023-03-02T11:40:35","slug":"les-eco-delegues-mis-a-lhonneur","status":"publish","type":"post","link":"https:\/\/outilstice.com\/en\/2021\/03\/les-eco-delegues-mis-a-lhonneur\/","title":{"rendered":"The eco-delegates in the spotlight."},"content":{"rendered":"<p><strong>Five years after the Paris Agreements, environmental issues remain at the heart of the debate.<\/strong> And that is all the better. Much remains to be done to make a difference, although there is a growing collective awareness and engagement among citizens. Young people are particularly sensitive to this problem.<\/p>\n<p>Things are progressing little by little. As you know, for example, eco-delegates are elected in each class at the beginning of the year in schools and schools. This represents more than 250,000 students.<\/p>\n<figure class=\"image regular\"><picture><source srcset=\"https:\/\/outilstice.com\/wp-content\/uploads\/2021\/03\/ecodelegue-1280x720_1a3c84c2e95cb03208cf06268efb9273_800.jpg 1x, https:\/\/images.storychief.com\/account_26157\/ecodelegue-1280x720_1a3c84c2e95cb03208cf06268efb9273_1600.jpg 2x\" media=\"(max-width: 768px)\" \/><source srcset=\"https:\/\/outilstice.com\/wp-content\/uploads\/2021\/03\/ecodelegue-1280x720_1a3c84c2e95cb03208cf06268efb9273_800.jpg 1x, https:\/\/images.storychief.com\/account_26157\/ecodelegue-1280x720_1a3c84c2e95cb03208cf06268efb9273_1600.jpg 2x\" media=\"(min-width: 769px)\" \/><img decoding=\"async\" src=\"https:\/\/outilstice.com\/wp-content\/uploads\/2021\/03\/ecodelegue-1280x720_1a3c84c2e95cb03208cf06268efb9273_800.jpg\" alt=\"eco-delegates\" \/><\/picture><\/figure>\n<p>They set up sustainable development projects aimed at improving the existing situation, reducing waste, protecting the environment, raising awareness and informing their peers. They all play a key role in the green transition and help prepare the world of tomorrow.<\/p>\n<p><strong>Two events in the coming weeks<\/strong> will promote the approach and commitment of these eco-delegates. That is deserved.<\/p>\n<div id=\"ez-toc-container\" class=\"ez-toc-v2_0_77 counter-hierarchy ez-toc-counter ez-toc-light-blue ez-toc-container-direction\">\n<p class=\"ez-toc-title\" style=\"cursor:inherit\">Table of Contents<\/p>\n<label for=\"ez-toc-cssicon-toggle-item-69f591246023e\" class=\"ez-toc-cssicon-toggle-label\"><span class=\"\"><span class=\"eztoc-hide\" style=\"display:none;\">Toggle<\/span><span class=\"ez-toc-icon-toggle-span\"><svg style=\"fill: #999;color:#999\" xmlns=\"http:\/\/www.w3.org\/2000\/svg\" class=\"list-377408\" width=\"20px\" height=\"20px\" viewbox=\"0 0 24 24\" fill=\"none\"><path d=\"M6 6H4v2h2V6zm14 0H8v2h12V6zM4 11h2v2H4v-2zm16 0H8v2h12v-2zM4 16h2v2H4v-2zm16 0H8v2h12v-2z\" fill=\"currentColor\"><\/path><\/svg><svg style=\"fill: #999;color:#999\" class=\"arrow-unsorted-368013\" xmlns=\"http:\/\/www.w3.org\/2000\/svg\" width=\"10px\" height=\"10px\" viewbox=\"0 0 24 24\" version=\"1.2\" baseprofile=\"tiny\"><path d=\"M18.2 9.3l-6.2-6.3-6.2 6.3c-.2.2-.3.4-.3.7s.1.5.3.7c.2.2.4.3.7.3h11c.3 0 .5-.1.7-.3.2-.2.3-.5.3-.7s-.1-.5-.3-.7zM5.8 14.7l6.2 6.3 6.2-6.3c.2-.2.3-.5.3-.7s-.1-.5-.3-.7c-.2-.2-.4-.3-.7-.3h-11c-.3 0-.5.1-.7.3-.2.2-.3.5-.3.7s.1.5.3.7z\"\/><\/svg><\/span><\/span><\/label><input type=\"checkbox\"  id=\"ez-toc-cssicon-toggle-item-69f591246023e\"  aria-label=\"Toggle\" \/><nav><ul class='ez-toc-list ez-toc-list-level-1' ><li class='ez-toc-page-1 ez-toc-heading-level-2'><a class=\"ez-toc-link ez-toc-heading-1\" href=\"https:\/\/outilstice.com\/en\/2021\/03\/les-eco-delegues-mis-a-lhonneur\/#Le_Club_Citeo_Des_outils_et_ressources_pour_initier_les_enfants_a_lecocitoyennete\" >Club Citeo. Tools and resources to introduce children to eco-citizenship<\/a><\/li><li class='ez-toc-page-1 ez-toc-heading-level-2'><a class=\"ez-toc-link ez-toc-heading-2\" href=\"https:\/\/outilstice.com\/en\/2021\/03\/les-eco-delegues-mis-a-lhonneur\/#Forum_en_ligne_%C2%AB_Grandir_dans_un_monde_durable_%C2%BB\" >Online Forum \"Growing up in a sustainable world!\"<\/a><\/li><li class='ez-toc-page-1 ez-toc-heading-level-2'><a class=\"ez-toc-link ez-toc-heading-3\" href=\"https:\/\/outilstice.com\/en\/2021\/03\/les-eco-delegues-mis-a-lhonneur\/#Prix_de_laction_eco-deleguee_de_lannee\" >Prize for the eco-delegated action of the year:<\/a><\/li><\/ul><\/nav><\/div>\n<h2 id=\"bbfq2\"><span class=\"ez-toc-section\" id=\"Le_Club_Citeo_Des_outils_et_ressources_pour_initier_les_enfants_a_lecocitoyennete\"><\/span>Club Citeo. Tools and resources to introduce children to eco-citizenship<span class=\"ez-toc-section-end\"><\/span><\/h2>\n<p>The Club Citeo offers tools to enable teachers to support children aged 6 to 12 to understand the challenges of sustainable development and to act as responsible citizens.<\/p>\n<p>Many resources, fun and educational, are available for free. For young eco-delegates but also for everyone. These resources are particularly well developed to adapt to the needs of teachers and parents. Like EcoJunior magazine, to which you can subscribe your class for free directly on <a href=\"https:\/\/www.clubciteo.com\/\" target=\"_blank\" rel=\"noopener\">the Site of Citeo<\/a><\/p>\n<figure class=\"image regular\"><picture><source srcset=\"https:\/\/outilstice.com\/wp-content\/uploads\/2021\/03\/Club_CITEO_40699bfbea37b00ed97533fa10d080d3_800.jpg 1x, https:\/\/images.storychief.com\/account_26157\/Club_CITEO_40699bfbea37b00ed97533fa10d080d3_1600.jpg 2x\" media=\"(max-width: 768px)\" \/><source srcset=\"https:\/\/outilstice.com\/wp-content\/uploads\/2021\/03\/Club_CITEO_40699bfbea37b00ed97533fa10d080d3_800.jpg 1x, https:\/\/images.storychief.com\/account_26157\/Club_CITEO_40699bfbea37b00ed97533fa10d080d3_1600.jpg 2x\" media=\"(min-width: 769px)\" \/><img decoding=\"async\" src=\"https:\/\/outilstice.com\/wp-content\/uploads\/2021\/03\/Club_CITEO_40699bfbea37b00ed97533fa10d080d3_800.jpg\" alt=\"\" \/><\/picture><\/figure>\n<p><a href=\"https:\/\/www.clubciteo.com\/\" target=\"_blank\" rel=\"noopener\">The Club Citeo<\/a> invites you to participate in two major events to promote the eco-delegates and their approach.<\/p>\n<h2 id=\"b635d\"><span class=\"ez-toc-section\" id=\"Forum_en_ligne_%C2%AB_Grandir_dans_un_monde_durable_%C2%BB\"><\/span><strong>Online Forum \"Growing up in a sustainable world!\"<\/strong><span class=\"ez-toc-section-end\"><\/span><\/h2>\n<p>The Dynamic E3D-21, a network of stakeholders involved in Education for Sustainable Development (ESD), is organising the third forum for the green transition on 17 March. It will honour young eco-delegates.<\/p>\n<p>The opportunity to meet partners, get informed, share good practices, listen to testimonies and encourage territorial dynamics.<\/p>\n<figure class=\"video regular\">\n<div class=\"embed-container\">\n<div style=\"max-width: 100%; position: relative; padding-top: 56.5%;\"><iframe style=\"position: absolute; top: 0px; left: 0px; width: 100%; height: 100%;\" src=\"https:\/\/www.youtube.com\/embed\/5J-VdrgWk98?feature=oembed\" width=\"200\" height=\"113\" frameborder=\"0\" allowfullscreen=\"allowfullscreen\"><\/iframe><\/div>\n<\/div>\n<\/figure>\n<p>With the exceptional interventions of Jean Jouzel and Nicolas Hulot. <a href=\"https:\/\/www.e3d-21.org\/images\/programme_forum\/forum-e3d-21-programme-FINAL-2.jpg\" target=\"_blank\" rel=\"noopener\">Ask for the progamme.<\/a><\/p>\n<p><strong>&gt;&gt;&gt; Information and registration<\/strong><\/p>\n<figure class=\"image regular\"><picture><source srcset=\"https:\/\/outilstice.com\/wp-content\/uploads\/2021\/03\/168062bcdee693ef42c5def354f3fb94_c29c1dc3e2af851f44cf942e5ce62ac4_800.jpg 1x, https:\/\/images.storychief.com\/account_26157\/168062bcdee693ef42c5def354f3fb94_c29c1dc3e2af851f44cf942e5ce62ac4_1600.jpg 2x\" media=\"(max-width: 768px)\" \/><source srcset=\"https:\/\/outilstice.com\/wp-content\/uploads\/2021\/03\/168062bcdee693ef42c5def354f3fb94_c29c1dc3e2af851f44cf942e5ce62ac4_800.jpg 1x, https:\/\/images.storychief.com\/account_26157\/168062bcdee693ef42c5def354f3fb94_c29c1dc3e2af851f44cf942e5ce62ac4_1600.jpg 2x\" media=\"(min-width: 769px)\" \/><img decoding=\"async\" src=\"https:\/\/outilstice.com\/wp-content\/uploads\/2021\/03\/168062bcdee693ef42c5def354f3fb94_c29c1dc3e2af851f44cf942e5ce62ac4_800.jpg\" alt=\"Citeo\" \/><\/picture><\/figure>\n<h2 id=\"1no2f\"><span class=\"ez-toc-section\" id=\"Prix_de_laction_eco-deleguee_de_lannee\"><\/span><strong>Prize for the eco-delegated action of the year:<\/strong><span class=\"ez-toc-section-end\"><\/span><\/h2>\n<p>To reward the most inspiring and amazing projects of eco-delegates in favor of sustainable development, the magazine <a href=\"https:\/\/www.wedemain.fr\/\" target=\"_blank\" rel=\"noopener\">WE TOMORROW<\/a> in partnership with the Ministry of Education, Bayard, <a href=\"https:\/\/www.clubciteo.com\/\" target=\"_blank\" rel=\"noopener\">Citeo<\/a> and the Ad\u00e8me, launches the first edition of the eco-delegated action award of the year. The winners will have the opportunity to meet the Minister of National Education, and personalities around education for sustainable development at a major awards ceremony on 5 June 2021.<\/p>\n<p>The competition is organized into three categories: school, middle school and high school. It is open to pupils from general, technological, vocational or agricultural schools, colleges and lyc\u00e9es in mainland France and overseas departments and to French colleges and lyc\u00e9es abroad.<\/p>\n<p><strong>&gt;&gt;&gt; <a href=\"https:\/\/www.clubciteo.com\/prix-de-laction-eco-deleguee-de-lannee\/\" target=\"_blank\" rel=\"noopener\">Learn more about this award. <\/a><\/strong><\/p>\n<figure class=\"image regular\"><picture><source srcset=\"https:\/\/outilstice.com\/wp-content\/uploads\/2021\/03\/prix-action-ED-1_f1ebe2e75d6206f96d97e3a0e35f625e_800.jpg 1x, https:\/\/images.storychief.com\/account_26157\/prix-action-ED-1_f1ebe2e75d6206f96d97e3a0e35f625e_1600.jpg 2x\" media=\"(max-width: 768px)\" \/><source srcset=\"https:\/\/outilstice.com\/wp-content\/uploads\/2021\/03\/prix-action-ED-1_f1ebe2e75d6206f96d97e3a0e35f625e_800.jpg 1x, https:\/\/images.storychief.com\/account_26157\/prix-action-ED-1_f1ebe2e75d6206f96d97e3a0e35f625e_1600.jpg 2x\" media=\"(min-width: 769px)\" \/><img decoding=\"async\" src=\"https:\/\/outilstice.com\/wp-content\/uploads\/2021\/03\/prix-action-ED-1_f1ebe2e75d6206f96d97e3a0e35f625e_800.jpg\" alt=\"\" \/><\/picture><\/figure>\n<p><!-- strchf script --><script>if(window.strchfSettings === undefined) window.strchfSettings = {};window.strchfSettings.stats = {url: \"https:\/\/lesoutilsweb.storychief.io\/fr\/les-eco-delegues-mis-a-lhonneur?id=54994051&type=2\",title: \"Les \u00e9co-d\u00e9l\u00e9gu\u00e9s mis \u00e0 l\u2019honneur.\",id: \"83a34751-ec71-4345-9477-3d113a235bd4\"};(function(d, s, id) {var js, sjs = d.getElementsByTagName(s)[0];if (d.getElementById(id)) {window.strchf.update(); return;}js = d.createElement(s); js.id = id;js.src = \"https:\/\/d37oebn0w9ir6a.cloudfront.net\/scripts\/v0\/strchf.js\";js.async = true;sjs.parentNode.insertBefore(js, sjs);}(document, 'script', 'storychief-jssdk'))<\/script><!-- End strchf script --><\/p>","protected":false},"excerpt":{"rendered":"<p>\ud83c\udf31 With the Citeo club, two events in the coming weeks will highlight the eco-delegates' approach and commitment to the ecological transition \u2026<\/p>","protected":false},"author":7,"featured_media":8875,"comment_status":"open","ping_status":"open","sticky":false,"template":"","format":"standard","meta":{"content-type":"","_lmt_disableupdate":"no","_lmt_disable":"no","footnotes":""},"categories":[7182],"tags":[],"yoast_head":"<!-- This site is optimized with the Yoast SEO Premium plugin v20.4 (Yoast SEO v23.4) - https:\/\/yoast.com\/wordpress\/plugins\/seo\/ -->\n<title>Les \u00e9co-d\u00e9l\u00e9gu\u00e9s mis \u00e0 l\u2019honneur.<\/title>\n<meta name=\"description\" content=\"\ud83c\udf31 Avec le club Citeo, deux \u00e9v\u00e9nements, ces prochaines semaines, vont valoriser la d\u00e9marche et l\u2019engagement des \u00e9co-d\u00e9l\u00e9gu\u00e9s pour la transition \u00e9cologique...\" \/>\n<meta name=\"robots\" content=\"index, follow, max-snippet:-1, max-image-preview:large, max-video-preview:-1\" \/>\n<link rel=\"canonical\" href=\"https:\/\/outilstice.com\/en\/2021\/03\/les-eco-delegues-mis-a-lhonneur\/\" \/>\n<meta property=\"og:locale\" content=\"en_GB\" \/>\n<meta property=\"og:type\" content=\"article\" \/>\n<meta property=\"og:title\" content=\"Les \u00e9co-d\u00e9l\u00e9gu\u00e9s mis \u00e0 l\u2019honneur.\" \/>\n<meta property=\"og:description\" content=\"\ud83c\udf31 Avec le club Citeo, deux \u00e9v\u00e9nements, ces prochaines semaines, vont valoriser la d\u00e9marche et l\u2019engagement des \u00e9co-d\u00e9l\u00e9gu\u00e9s pour la transition \u00e9cologique...\" \/>\n<meta property=\"og:url\" content=\"https:\/\/outilstice.com\/en\/2021\/03\/les-eco-delegues-mis-a-lhonneur\/\" \/>\n<meta property=\"og:site_name\" content=\"Les Outils Tice\" \/>\n<meta property=\"article:publisher\" content=\"https:\/\/www.facebook.com\/lesoutilsweb\" \/>\n<meta property=\"article:published_time\" content=\"2021-03-09T06:52:13+00:00\" \/>\n<meta property=\"article:modified_time\" content=\"2023-03-02T11:40:35+00:00\" \/>\n<meta property=\"og:image\" content=\"https:\/\/outilstice.com\/wp-content\/uploads\/2021\/03\/ecodelegue-1280x720_1a3c84c2e95cb03208cf06268efb9273_2000.jpg\" \/>\n\t<meta property=\"og:image:width\" content=\"1280\" \/>\n\t<meta property=\"og:image:height\" content=\"720\" \/>\n\t<meta property=\"og:image:type\" content=\"image\/jpeg\" \/>\n<meta name=\"author\" content=\"Fidel Navamuel\" \/>\n<meta name=\"twitter:card\" content=\"summary_large_image\" \/>\n<meta name=\"twitter:creator\" content=\"@outilstice\" \/>\n<meta name=\"twitter:site\" content=\"@outilstice\" \/>\n<meta name=\"twitter:label1\" content=\"Written by\" \/>\n\t<meta name=\"twitter:data1\" content=\"Fidel Navamuel\" \/>\n\t<meta name=\"twitter:label2\" content=\"Estimated reading time\" \/>\n\t<meta name=\"twitter:data2\" content=\"3 minutes\" \/>\n<script type=\"application\/ld+json\" class=\"yoast-schema-graph\">{\"@context\":\"https:\/\/schema.org\",\"@graph\":[{\"@type\":[\"Article\",\"BlogPosting\"],\"@id\":\"https:\/\/outilstice.com\/2021\/03\/les-eco-delegues-mis-a-lhonneur\/#article\",\"isPartOf\":{\"@id\":\"https:\/\/outilstice.com\/2021\/03\/les-eco-delegues-mis-a-lhonneur\/\"},\"author\":{\"name\":\"Fidel Navamuel\",\"@id\":\"https:\/\/outilstice.com\/#\/schema\/person\/df9e23e727bf7a4c9107ee1ce69c0a42\"},\"headline\":\"Les \u00e9co-d\u00e9l\u00e9gu\u00e9s mis \u00e0 l\u2019honneur.\",\"datePublished\":\"2021-03-09T06:52:13+00:00\",\"dateModified\":\"2023-03-02T11:40:35+00:00\",\"mainEntityOfPage\":{\"@id\":\"https:\/\/outilstice.com\/2021\/03\/les-eco-delegues-mis-a-lhonneur\/\"},\"wordCount\":570,\"commentCount\":1,\"publisher\":{\"@id\":\"https:\/\/outilstice.com\/#\/schema\/person\/ec4809142ef009f96b5af2c906a48cd0\"},\"image\":{\"@id\":\"https:\/\/outilstice.com\/2021\/03\/les-eco-delegues-mis-a-lhonneur\/#primaryimage\"},\"thumbnailUrl\":\"https:\/\/outilstice.com\/wp-content\/uploads\/2021\/03\/ecodelegue-1280x720_1a3c84c2e95cb03208cf06268efb9273_2000.jpg\",\"articleSection\":[\"Communiqu\u00e9s\"],\"inLanguage\":\"en-GB\",\"potentialAction\":[{\"@type\":\"CommentAction\",\"name\":\"Comment\",\"target\":[\"https:\/\/outilstice.com\/2021\/03\/les-eco-delegues-mis-a-lhonneur\/#respond\"]}]},{\"@type\":\"WebPage\",\"@id\":\"https:\/\/outilstice.com\/2021\/03\/les-eco-delegues-mis-a-lhonneur\/\",\"url\":\"https:\/\/outilstice.com\/2021\/03\/les-eco-delegues-mis-a-lhonneur\/\",\"name\":\"Les \u00e9co-d\u00e9l\u00e9gu\u00e9s mis \u00e0 l\u2019honneur.\",\"isPartOf\":{\"@id\":\"https:\/\/outilstice.com\/#website\"},\"primaryImageOfPage\":{\"@id\":\"https:\/\/outilstice.com\/2021\/03\/les-eco-delegues-mis-a-lhonneur\/#primaryimage\"},\"image\":{\"@id\":\"https:\/\/outilstice.com\/2021\/03\/les-eco-delegues-mis-a-lhonneur\/#primaryimage\"},\"thumbnailUrl\":\"https:\/\/outilstice.com\/wp-content\/uploads\/2021\/03\/ecodelegue-1280x720_1a3c84c2e95cb03208cf06268efb9273_2000.jpg\",\"datePublished\":\"2021-03-09T06:52:13+00:00\",\"dateModified\":\"2023-03-02T11:40:35+00:00\",\"description\":\"\ud83c\udf31 Avec le club Citeo, deux \u00e9v\u00e9nements, ces prochaines semaines, vont valoriser la d\u00e9marche et l\u2019engagement des \u00e9co-d\u00e9l\u00e9gu\u00e9s pour la transition \u00e9cologique...\",\"breadcrumb\":{\"@id\":\"https:\/\/outilstice.com\/2021\/03\/les-eco-delegues-mis-a-lhonneur\/#breadcrumb\"},\"inLanguage\":\"en-GB\",\"potentialAction\":[{\"@type\":\"ReadAction\",\"target\":[\"https:\/\/outilstice.com\/2021\/03\/les-eco-delegues-mis-a-lhonneur\/\"]}]},{\"@type\":\"ImageObject\",\"inLanguage\":\"en-GB\",\"@id\":\"https:\/\/outilstice.com\/2021\/03\/les-eco-delegues-mis-a-lhonneur\/#primaryimage\",\"url\":\"https:\/\/outilstice.com\/wp-content\/uploads\/2021\/03\/ecodelegue-1280x720_1a3c84c2e95cb03208cf06268efb9273_2000.jpg\",\"contentUrl\":\"https:\/\/outilstice.com\/wp-content\/uploads\/2021\/03\/ecodelegue-1280x720_1a3c84c2e95cb03208cf06268efb9273_2000.jpg\",\"width\":1280,\"height\":720,\"caption\":\"Les \u00e9co-d\u00e9l\u00e9gu\u00e9s mis \u00e0 l\u2019honneur.\"},{\"@type\":\"BreadcrumbList\",\"@id\":\"https:\/\/outilstice.com\/2021\/03\/les-eco-delegues-mis-a-lhonneur\/#breadcrumb\",\"itemListElement\":[{\"@type\":\"ListItem\",\"position\":1,\"name\":\"Accueil\",\"item\":\"https:\/\/outilstice.com\/\"},{\"@type\":\"ListItem\",\"position\":2,\"name\":\"Communiqu\u00e9s\",\"item\":\"https:\/\/outilstice.com\/communiques\/\"},{\"@type\":\"ListItem\",\"position\":3,\"name\":\"Les \u00e9co-d\u00e9l\u00e9gu\u00e9s mis \u00e0 l\u2019honneur.\"}]},{\"@type\":\"WebSite\",\"@id\":\"https:\/\/outilstice.com\/#website\",\"url\":\"https:\/\/outilstice.com\/\",\"name\":\"Les Outils Tice\",\"description\":\"L&#039;actualit\u00e9 des outils num\u00e9riques pour l&#039;\u00e9ducation\",\"publisher\":{\"@id\":\"https:\/\/outilstice.com\/#\/schema\/person\/ec4809142ef009f96b5af2c906a48cd0\"},\"potentialAction\":[{\"@type\":\"SearchAction\",\"target\":{\"@type\":\"EntryPoint\",\"urlTemplate\":\"https:\/\/outilstice.com\/?s={search_term_string}\"},\"query-input\":{\"@type\":\"PropertyValueSpecification\",\"valueRequired\":true,\"valueName\":\"search_term_string\"}}],\"inLanguage\":\"en-GB\"},{\"@type\":[\"Person\",\"Organization\"],\"@id\":\"https:\/\/outilstice.com\/#\/schema\/person\/ec4809142ef009f96b5af2c906a48cd0\",\"name\":\"Fidel Navamuel\",\"image\":{\"@type\":\"ImageObject\",\"inLanguage\":\"en-GB\",\"@id\":\"https:\/\/outilstice.com\/#\/schema\/person\/image\/\",\"url\":\"https:\/\/outilstice.com\/wp-content\/uploads\/2014\/11\/fidel.jpg\",\"contentUrl\":\"https:\/\/outilstice.com\/wp-content\/uploads\/2014\/11\/fidel.jpg\",\"width\":570,\"height\":428,\"caption\":\"Fidel Navamuel\"},\"logo\":{\"@id\":\"https:\/\/outilstice.com\/#\/schema\/person\/image\/\"},\"description\":\"Journaliste et responsable des sites \\\"Les Outils du Web\\\". Le r\u00e9seau \\\"Les Outils du Web\\\"regroupe sept sites d'information en ligne autour des nouvelles technologies, de la veille, des outils collaboratifs, des tice, de l'ia et du Web2. Responsable du d\u00e9veloppement de l'\u00e9cole des m\u00e9tiers de l'information \u00e0 Paris. Coop\u00e9rative de formation, l'\u00e9mi est reconnue pour ses formations qui accompagnent la mutation num\u00e9rique au c\u0153ur des m\u00e9tiers et des organisations.\",\"sameAs\":[\"https:\/\/outilstice.com\",\"https:\/\/www.facebook.com\/lesoutilsweb\",\"https:\/\/www.instagram.com\/outilstice\/\",\"http:\/\/fr.linkedin.com\/in\/navamuel\/\",\"http:\/\/www.pinterest.com\/fideln\/\",\"https:\/\/x.com\/outilstice\"],\"gender\":\"homme\",\"jobTitle\":\"Journaliste\"},{\"@type\":\"Person\",\"@id\":\"https:\/\/outilstice.com\/#\/schema\/person\/df9e23e727bf7a4c9107ee1ce69c0a42\",\"name\":\"Fidel Navamuel\"}]}<\/script>\n<!-- \/ Yoast SEO Premium plugin. -->","yoast_head_json":{"title":"Les \u00e9co-d\u00e9l\u00e9gu\u00e9s mis \u00e0 l\u2019honneur.","description":"\ud83c\udf31 Avec le club Citeo, deux \u00e9v\u00e9nements, ces prochaines semaines, vont valoriser la d\u00e9marche et l\u2019engagement des \u00e9co-d\u00e9l\u00e9gu\u00e9s pour la transition \u00e9cologique...","robots":{"index":"index","follow":"follow","max-snippet":"max-snippet:-1","max-image-preview":"max-image-preview:large","max-video-preview":"max-video-preview:-1"},"canonical":"https:\/\/outilstice.com\/en\/2021\/03\/les-eco-delegues-mis-a-lhonneur\/","og_locale":"en_GB","og_type":"article","og_title":"Les \u00e9co-d\u00e9l\u00e9gu\u00e9s mis \u00e0 l\u2019honneur.","og_description":"\ud83c\udf31 Avec le club Citeo, deux \u00e9v\u00e9nements, ces prochaines semaines, vont valoriser la d\u00e9marche et l\u2019engagement des \u00e9co-d\u00e9l\u00e9gu\u00e9s pour la transition \u00e9cologique...","og_url":"https:\/\/outilstice.com\/en\/2021\/03\/les-eco-delegues-mis-a-lhonneur\/","og_site_name":"Les Outils Tice","article_publisher":"https:\/\/www.facebook.com\/lesoutilsweb","article_published_time":"2021-03-09T06:52:13+00:00","article_modified_time":"2023-03-02T11:40:35+00:00","og_image":[{"width":1280,"height":720,"url":"https:\/\/outilstice.com\/wp-content\/uploads\/2021\/03\/ecodelegue-1280x720_1a3c84c2e95cb03208cf06268efb9273_2000.jpg","type":"image\/jpeg"}],"author":"Fidel Navamuel","twitter_card":"summary_large_image","twitter_creator":"@outilstice","twitter_site":"@outilstice","twitter_misc":{"Written by":"Fidel Navamuel","Estimated reading time":"3 minutes"},"schema":{"@context":"https:\/\/schema.org","@graph":[{"@type":["Article","BlogPosting"],"@id":"https:\/\/outilstice.com\/2021\/03\/les-eco-delegues-mis-a-lhonneur\/#article","isPartOf":{"@id":"https:\/\/outilstice.com\/2021\/03\/les-eco-delegues-mis-a-lhonneur\/"},"author":{"name":"Fidel Navamuel","@id":"https:\/\/outilstice.com\/#\/schema\/person\/df9e23e727bf7a4c9107ee1ce69c0a42"},"headline":"Les \u00e9co-d\u00e9l\u00e9gu\u00e9s mis \u00e0 l\u2019honneur.","datePublished":"2021-03-09T06:52:13+00:00","dateModified":"2023-03-02T11:40:35+00:00","mainEntityOfPage":{"@id":"https:\/\/outilstice.com\/2021\/03\/les-eco-delegues-mis-a-lhonneur\/"},"wordCount":570,"commentCount":1,"publisher":{"@id":"https:\/\/outilstice.com\/#\/schema\/person\/ec4809142ef009f96b5af2c906a48cd0"},"image":{"@id":"https:\/\/outilstice.com\/2021\/03\/les-eco-delegues-mis-a-lhonneur\/#primaryimage"},"thumbnailUrl":"https:\/\/outilstice.com\/wp-content\/uploads\/2021\/03\/ecodelegue-1280x720_1a3c84c2e95cb03208cf06268efb9273_2000.jpg","articleSection":["Communiqu\u00e9s"],"inLanguage":"en-GB","potentialAction":[{"@type":"CommentAction","name":"Comment","target":["https:\/\/outilstice.com\/2021\/03\/les-eco-delegues-mis-a-lhonneur\/#respond"]}]},{"@type":"WebPage","@id":"https:\/\/outilstice.com\/2021\/03\/les-eco-delegues-mis-a-lhonneur\/","url":"https:\/\/outilstice.com\/2021\/03\/les-eco-delegues-mis-a-lhonneur\/","name":"Les \u00e9co-d\u00e9l\u00e9gu\u00e9s mis \u00e0 l\u2019honneur.","isPartOf":{"@id":"https:\/\/outilstice.com\/#website"},"primaryImageOfPage":{"@id":"https:\/\/outilstice.com\/2021\/03\/les-eco-delegues-mis-a-lhonneur\/#primaryimage"},"image":{"@id":"https:\/\/outilstice.com\/2021\/03\/les-eco-delegues-mis-a-lhonneur\/#primaryimage"},"thumbnailUrl":"https:\/\/outilstice.com\/wp-content\/uploads\/2021\/03\/ecodelegue-1280x720_1a3c84c2e95cb03208cf06268efb9273_2000.jpg","datePublished":"2021-03-09T06:52:13+00:00","dateModified":"2023-03-02T11:40:35+00:00","description":"\ud83c\udf31 Avec le club Citeo, deux \u00e9v\u00e9nements, ces prochaines semaines, vont valoriser la d\u00e9marche et l\u2019engagement des \u00e9co-d\u00e9l\u00e9gu\u00e9s pour la transition \u00e9cologique...","breadcrumb":{"@id":"https:\/\/outilstice.com\/2021\/03\/les-eco-delegues-mis-a-lhonneur\/#breadcrumb"},"inLanguage":"en-GB","potentialAction":[{"@type":"ReadAction","target":["https:\/\/outilstice.com\/2021\/03\/les-eco-delegues-mis-a-lhonneur\/"]}]},{"@type":"ImageObject","inLanguage":"en-GB","@id":"https:\/\/outilstice.com\/2021\/03\/les-eco-delegues-mis-a-lhonneur\/#primaryimage","url":"https:\/\/outilstice.com\/wp-content\/uploads\/2021\/03\/ecodelegue-1280x720_1a3c84c2e95cb03208cf06268efb9273_2000.jpg","contentUrl":"https:\/\/outilstice.com\/wp-content\/uploads\/2021\/03\/ecodelegue-1280x720_1a3c84c2e95cb03208cf06268efb9273_2000.jpg","width":1280,"height":720,"caption":"Les \u00e9co-d\u00e9l\u00e9gu\u00e9s mis \u00e0 l\u2019honneur."},{"@type":"BreadcrumbList","@id":"https:\/\/outilstice.com\/2021\/03\/les-eco-delegues-mis-a-lhonneur\/#breadcrumb","itemListElement":[{"@type":"ListItem","position":1,"name":"Accueil","item":"https:\/\/outilstice.com\/"},{"@type":"ListItem","position":2,"name":"Communiqu\u00e9s","item":"https:\/\/outilstice.com\/communiques\/"},{"@type":"ListItem","position":3,"name":"Les \u00e9co-d\u00e9l\u00e9gu\u00e9s mis \u00e0 l\u2019honneur."}]},{"@type":"WebSite","@id":"https:\/\/outilstice.com\/#website","url":"https:\/\/outilstice.com\/","name":"Les Outils Tice","description":"L&#039;actualit\u00e9 des outils num\u00e9riques pour l&#039;\u00e9ducation","publisher":{"@id":"https:\/\/outilstice.com\/#\/schema\/person\/ec4809142ef009f96b5af2c906a48cd0"},"potentialAction":[{"@type":"SearchAction","target":{"@type":"EntryPoint","urlTemplate":"https:\/\/outilstice.com\/?s={search_term_string}"},"query-input":{"@type":"PropertyValueSpecification","valueRequired":true,"valueName":"search_term_string"}}],"inLanguage":"en-GB"},{"@type":["Person","Organization"],"@id":"https:\/\/outilstice.com\/#\/schema\/person\/ec4809142ef009f96b5af2c906a48cd0","name":"Fidel Navamuel","image":{"@type":"ImageObject","inLanguage":"en-GB","@id":"https:\/\/outilstice.com\/#\/schema\/person\/image\/","url":"https:\/\/outilstice.com\/wp-content\/uploads\/2014\/11\/fidel.jpg","contentUrl":"https:\/\/outilstice.com\/wp-content\/uploads\/2014\/11\/fidel.jpg","width":570,"height":428,"caption":"Fidel Navamuel"},"logo":{"@id":"https:\/\/outilstice.com\/#\/schema\/person\/image\/"},"description":"Journaliste et responsable des sites \"Les Outils du Web\". Le r\u00e9seau \"Les Outils du Web\"regroupe sept sites d'information en ligne autour des nouvelles technologies, de la veille, des outils collaboratifs, des tice, de l'ia et du Web2. Responsable du d\u00e9veloppement de l'\u00e9cole des m\u00e9tiers de l'information \u00e0 Paris. Coop\u00e9rative de formation, l'\u00e9mi est reconnue pour ses formations qui accompagnent la mutation num\u00e9rique au c\u0153ur des m\u00e9tiers et des organisations.","sameAs":["https:\/\/outilstice.com","https:\/\/www.facebook.com\/lesoutilsweb","https:\/\/www.instagram.com\/outilstice\/","http:\/\/fr.linkedin.com\/in\/navamuel\/","http:\/\/www.pinterest.com\/fideln\/","https:\/\/x.com\/outilstice"],"gender":"homme","jobTitle":"Journaliste"},{"@type":"Person","@id":"https:\/\/outilstice.com\/#\/schema\/person\/df9e23e727bf7a4c9107ee1ce69c0a42","name":"Fidel Navamuel"}]}},"modified_by":"Fidel Navamuel","_links":{"self":[{"href":"https:\/\/outilstice.com\/en\/wp-json\/wp\/v2\/posts\/8873"}],"collection":[{"href":"https:\/\/outilstice.com\/en\/wp-json\/wp\/v2\/posts"}],"about":[{"href":"https:\/\/outilstice.com\/en\/wp-json\/wp\/v2\/types\/post"}],"author":[{"embeddable":true,"href":"https:\/\/outilstice.com\/en\/wp-json\/wp\/v2\/users\/7"}],"replies":[{"embeddable":true,"href":"https:\/\/outilstice.com\/en\/wp-json\/wp\/v2\/comments?post=8873"}],"version-history":[{"count":0,"href":"https:\/\/outilstice.com\/en\/wp-json\/wp\/v2\/posts\/8873\/revisions"}],"wp:featuredmedia":[{"embeddable":true,"href":"https:\/\/outilstice.com\/en\/wp-json\/wp\/v2\/media\/8875"}],"wp:attachment":[{"href":"https:\/\/outilstice.com\/en\/wp-json\/wp\/v2\/media?parent=8873"}],"wp:term":[{"taxonomy":"category","embeddable":true,"href":"https:\/\/outilstice.com\/en\/wp-json\/wp\/v2\/categories?post=8873"},{"taxonomy":"post_tag","embeddable":true,"href":"https:\/\/outilstice.com\/en\/wp-json\/wp\/v2\/tags?post=8873"}],"curies":[{"name":"wp","href":"https:\/\/api.w.org\/{rel}","templated":true}]}}