{"id":10244,"date":"2022-04-19T18:59:39","date_gmt":"2022-04-19T16:59:39","guid":{"rendered":"https:\/\/outilstice.com\/?p=10244"},"modified":"2022-04-22T15:05:00","modified_gmt":"2022-04-22T13:05:00","slug":"master-en-environnement-et-developpent-durable-lequel-choisir","status":"publish","type":"post","link":"https:\/\/outilstice.com\/es\/2022\/04\/master-en-environnement-et-developpent-durable-lequel-choisir\/","title":{"rendered":"Gesti\u00f3n ambiental y desarrollo sostenible. \u00bfQu\u00e9 maestro elegir?"},"content":{"rendered":"<p>En la b\u00fasqueda de su futuro empleo, los j\u00f3venes se gu\u00edan cada vez m\u00e1s por la necesidad de <strong>dar sentido a su viaje<\/strong>. Esto no es del todo nuevo, pero la tendencia ha aumentado en los \u00faltimos a\u00f1os, marcada por la crisis sanitaria y los informes alarmantes, en particular de <a href=\"https:\/\/www.vie-publique.fr\/en-bref\/284117-rapport-2022-du-giec-nouvelle-alerte-face-au-rechauffement-du-climat\" target=\"_blank\" rel=\"noopener\">IPCC,<\/a> sobre cuestiones medioambientales.<\/p>\n<p><strong>Las necesidades de contrataci\u00f3n en esta \u00e1rea son muy reales.<\/strong>. Los entes locales y regionales, pero tambi\u00e9n cada vez m\u00e1s empresas comprometidas con los enfoques de RSE, buscan expertos capaces de comprender los retos medioambientales del ma\u00f1ana.<\/p>\n<p><img loading=\"lazy\" decoding=\"async\" class=\"aligncenter size-full wp-image-10246\" src=\"https:\/\/outilstice.com\/wp-content\/uploads\/2022\/04\/dd.jpg\" alt=\"desarrollo sostenible\" width=\"690\" height=\"400\" srcset=\"https:\/\/outilstice.com\/wp-content\/uploads\/2022\/04\/dd.jpg 690w, https:\/\/outilstice.com\/wp-content\/uploads\/2022\/04\/dd-300x174.jpg 300w\" sizes=\"(max-width: 690px) 100vw, 690px\" \/><\/p>\n<p>Los j\u00f3venes que desean participar en un enfoque profesional mediante la integraci\u00f3n de una dimensi\u00f3n medioambiental y social deben elegir el camino correcto en la educaci\u00f3n superior. No siempre es f\u00e1cil.<strong> Cursos de nivel de maestr\u00eda en medio ambiente <\/strong>son el punto de entrada adecuado para estas profesiones. Son muy numerosos en la universidad o en las escuelas secundarias. Algunos destacan por sus buenos resultados y ofrecen m\u00e1steres con cursos dobles o a\u00f1os de especializaci\u00f3n, como es el caso de colegios como<a href=\"https:\/\/www.esi-business-school.com\/\" target=\"_blank\" rel=\"noopener\">Escuela de Negocios ESI<\/a> que propone<strong> <a href=\"https:\/\/www.esi-business-school.com\/les-formations\/cycle-mastere\/\" target=\"_blank\" rel=\"noopener\">aqu\u00ed <\/a>M\u00e1ster con doble curr\u00edculo en Gesti\u00f3n y Medio Ambiente \u2013 Desarrollo Sostenible<\/strong>. La formaci\u00f3n de vanguardia o las tasas de \u00e9xito son muy importantes (92% para el ESI).<\/p>\n<div id=\"ez-toc-container\" class=\"ez-toc-v2_0_77 counter-hierarchy ez-toc-counter ez-toc-light-blue ez-toc-container-direction\">\n<p class=\"ez-toc-title\" style=\"cursor:inherit\">Tabla de Contenidos<\/p>\n<label for=\"ez-toc-cssicon-toggle-item-69f28f19b6a69\" class=\"ez-toc-cssicon-toggle-label\"><span class=\"\"><span class=\"eztoc-hide\" style=\"display:none;\">alternar<\/span><span class=\"ez-toc-icon-toggle-span\"><svg style=\"fill: #999;color:#999\" xmlns=\"http:\/\/www.w3.org\/2000\/svg\" class=\"list-377408\" width=\"20px\" height=\"20px\" viewbox=\"0 0 24 24\" fill=\"none\"><path d=\"M6 6H4v2h2V6zm14 0H8v2h12V6zM4 11h2v2H4v-2zm16 0H8v2h12v-2zM4 16h2v2H4v-2zm16 0H8v2h12v-2z\" fill=\"currentColor\"><\/path><\/svg><svg style=\"fill: #999;color:#999\" class=\"arrow-unsorted-368013\" xmlns=\"http:\/\/www.w3.org\/2000\/svg\" width=\"10px\" height=\"10px\" viewbox=\"0 0 24 24\" version=\"1.2\" baseprofile=\"tiny\"><path d=\"M18.2 9.3l-6.2-6.3-6.2 6.3c-.2.2-.3.4-.3.7s.1.5.3.7c.2.2.4.3.7.3h11c.3 0 .5-.1.7-.3.2-.2.3-.5.3-.7s-.1-.5-.3-.7zM5.8 14.7l6.2 6.3 6.2-6.3c.2-.2.3-.5.3-.7s-.1-.5-.3-.7c-.2-.2-.4-.3-.7-.3h-11c-.3 0-.5.1-.7.3-.2.2-.3.5-.3.7s.1.5.3.7z\"\/><\/svg><\/span><\/span><\/label><input type=\"checkbox\"  id=\"ez-toc-cssicon-toggle-item-69f28f19b6a69\"  aria-label=\"Alternador\" \/><nav><ul class='ez-toc-list ez-toc-list-level-1' ><li class='ez-toc-page-1 ez-toc-heading-level-2'><a class=\"ez-toc-link ez-toc-heading-1\" href=\"https:\/\/outilstice.com\/es\/2022\/04\/master-en-environnement-et-developpent-durable-lequel-choisir\/#Quest-ce_quun_master\" >\u00bfQu\u00e9 es un m\u00e1ster?<\/a><\/li><li class='ez-toc-page-1 ez-toc-heading-level-2'><a class=\"ez-toc-link ez-toc-heading-2\" href=\"https:\/\/outilstice.com\/es\/2022\/04\/master-en-environnement-et-developpent-durable-lequel-choisir\/#Travailler_dans_lenvironnement_avec_des_masters_specialises\" >Trabajar en el entorno con m\u00e1steres especializados<\/a><\/li><li class='ez-toc-page-1 ez-toc-heading-level-2'><a class=\"ez-toc-link ez-toc-heading-3\" href=\"https:\/\/outilstice.com\/es\/2022\/04\/master-en-environnement-et-developpent-durable-lequel-choisir\/#Que_faire_apres_un_master_en_environnement\" >\u00bfQu\u00e9 hacer despu\u00e9s de una maestr\u00eda en medio ambiente?<\/a><\/li><\/ul><\/nav><\/div>\n<h2><span class=\"ez-toc-section\" id=\"Quest-ce_quun_master\"><\/span>\u00bfQu\u00e9 es un m\u00e1ster?<span class=\"ez-toc-section-end\"><\/span><\/h2>\n<p>El M\u00e1ster es un diploma nacional de nivel Bac + 5. Corresponde a 120 cr\u00e9ditos ECTS organizados en 4 semestres despu\u00e9s de obtener una licencia (Bac + 3) en el mismo campo. La selecci\u00f3n para entrar en este programa puede ser selectiva. Algunos maestros se preparan en el aprendizaje, pero la formaci\u00f3n tambi\u00e9n incluye cursos te\u00f3ricos combinados con cursos pr\u00e1cticos con posiblemente una o m\u00e1s pasant\u00edas dependiendo del proyecto profesional; tambi\u00e9n se puede ofrecer una iniciaci\u00f3n a la investigaci\u00f3n). El m\u00e1ster nacional es un t\u00edtulo de integraci\u00f3n para graduados, que tambi\u00e9n permite a los estudiantes que hayan completado sus estudios de licenciatura cursar estudios hasta los niveles de Bac+8.<\/p>\n<p>\u00bfCu\u00e1l es el m\u00e1ster que mejor se adapta a un joven despu\u00e9s de una licenciatura? El Ministerio de Educaci\u00f3n ha creado un sitio web espec\u00edfico para ayudarles <a href=\"https:\/\/www.trouvermonmaster.gouv.fr\/\" target=\"_blank\" rel=\"noopener\">Elige el maestro adecuado.<\/a><\/p>\n<h2><span class=\"ez-toc-section\" id=\"Travailler_dans_lenvironnement_avec_des_masters_specialises\"><\/span>Trabajar en el entorno con m\u00e1steres especializados<span class=\"ez-toc-section-end\"><\/span><\/h2>\n<p>En los \u00faltimos a\u00f1os, frente a los cambios ambientales cada vez m\u00e1s visibles, estos conceptos de gesti\u00f3n y gesti\u00f3n ambiental y RSE han estado en el centro del debate.<br \/>\nVarios a\u00f1os despu\u00e9s de la COP21, muchas empresas han innovado para ser m\u00e1s respetuosas con el medio ambiente con enfoques reales de RSE. As\u00ed pues, han surgido oportunidades de empleo para profesiones especializadas en cuestiones ecol\u00f3gicas como el desarrollo sostenible, el medio ambiente, la ecolog\u00eda, el agua, la econom\u00eda verde y la econom\u00eda social y solidaria.<\/p>\n<p><img loading=\"lazy\" decoding=\"async\" class=\"aligncenter wp-image-10247\" src=\"https:\/\/outilstice.com\/wp-content\/uploads\/2022\/04\/ing.jpg\" alt=\"ING\" width=\"764\" height=\"508\" srcset=\"https:\/\/outilstice.com\/wp-content\/uploads\/2022\/04\/ing.jpg 1000w, https:\/\/outilstice.com\/wp-content\/uploads\/2022\/04\/ing-300x200.jpg 300w, https:\/\/outilstice.com\/wp-content\/uploads\/2022\/04\/ing-768x511.jpg 768w\" sizes=\"(max-width: 764px) 100vw, 764px\" \/><\/p>\n<p><strong>Cursos de m\u00e1ster en medio ambiente y desarrollo sostenible<\/strong> son cursos de formaci\u00f3n especializada. Forman futuros tomadores de decisiones en planificaci\u00f3n espacial, gesti\u00f3n de recursos, protecci\u00f3n ambiental o compromiso social corporativo. Los curr\u00edculos duales y las especializaciones son las claves para aumentar la empleabilidad de los perfiles con estas habilidades y alta versatilidad.<\/p>\n<h2><span class=\"ez-toc-section\" id=\"Que_faire_apres_un_master_en_environnement\"><\/span>\u00bfQu\u00e9 hacer despu\u00e9s de una maestr\u00eda en medio ambiente?<span class=\"ez-toc-section-end\"><\/span><\/h2>\n<p>Las oportunidades son abundantes y la integraci\u00f3n profesional es bastante r\u00e1pida. Estos a\u00f1os de m\u00e1ster permiten colocar a ejecutivos y directivos en el mercado laboral en Francia e internacionalmente: expertos en ecolog\u00eda, desarrollo sostenible, RSE y QHSE \u2026 Formados en gesti\u00f3n de proyectos y gesti\u00f3n de equipos, encontrar\u00e1n puestos en la administraci\u00f3n p\u00fablica general, en autoridades locales, en oficinas de dise\u00f1o o en empresas como gerentes de RSE.<\/p>\n<p>&#8212;<\/p>\n<p>Yendo m\u00e1s all\u00e1, Onisep publica <a href=\"https:\/\/librairie.onisep.fr\/Collections\/Grand-public\/Parcours\/Les-metiers-de-l-environnement-et-du-developpement-durable\" target=\"_blank\" rel=\"noopener\">una gu\u00eda<\/a> bastante completo sobre las profesiones relacionadas con el medio ambiente y el desarrollo sostenible.<\/p>\n<p>Para el M\u00e1ster en Desarrollo Sostenible tambi\u00e9n hay <a href=\"https:\/\/www.cidj.com\/etudes-formations-alternance\/les-diplomes\/master-developpement-durable\" target=\"_blank\" rel=\"noopener\">una ficha detallada del CIDJ<\/a>.<\/p>","protected":false},"excerpt":{"rendered":"<p>En la b\u00fasqueda de su futuro empleo, los j\u00f3venes se gu\u00edan cada vez m\u00e1s por la necesidad de dar sentido a su trayectoria profesional. Esto no es del todo nuevo, pero el...<\/p>","protected":false},"author":1,"featured_media":10246,"comment_status":"open","ping_status":"open","sticky":false,"template":"","format":"standard","meta":{"content-type":"","_lmt_disableupdate":"no","_lmt_disable":"no","footnotes":""},"categories":[78,131],"tags":[9221],"yoast_head":"<!-- This site is optimized with the Yoast SEO Premium plugin v20.4 (Yoast SEO v23.4) - https:\/\/yoast.com\/wordpress\/plugins\/seo\/ -->\n<title>Environnement et d\u00e9veloppent durable. Quel master choisir ?<\/title>\n<meta name=\"description\" content=\"Les masters en environnement attirent de plus en plus de jeunes soucieux des probl\u00e8mes soci\u00e9taux et \u00e9cologiques auxquels nous devrons faire face ces prochaines ann\u00e9es.\" \/>\n<meta name=\"robots\" content=\"index, follow, max-snippet:-1, max-image-preview:large, max-video-preview:-1\" \/>\n<link rel=\"canonical\" href=\"https:\/\/outilstice.com\/es\/2022\/04\/master-en-environnement-et-developpent-durable-lequel-choisir\/\" \/>\n<meta property=\"og:locale\" content=\"es_ES\" \/>\n<meta property=\"og:type\" content=\"article\" \/>\n<meta property=\"og:title\" content=\"Gestion de l&#039;environnement et d\u00e9veloppent durable. Quel master choisir ?\" \/>\n<meta property=\"og:description\" content=\"Dans la recherche de leur futur m\u00e9tier, les jeunes sont de plus en plus guid\u00e9s par le besoin de donner du sens \u00e0 leur parcours. Ce n&#039;est pas tout \u00e0 fait\" \/>\n<meta property=\"og:url\" content=\"https:\/\/outilstice.com\/es\/2022\/04\/master-en-environnement-et-developpent-durable-lequel-choisir\/\" \/>\n<meta property=\"og:site_name\" content=\"Les Outils Tice\" \/>\n<meta property=\"article:publisher\" content=\"https:\/\/www.facebook.com\/lesoutilsweb\" \/>\n<meta property=\"article:author\" content=\"https:\/\/www.facebook.com\/lesoutilsweb\" \/>\n<meta property=\"article:published_time\" content=\"2022-04-19T16:59:39+00:00\" \/>\n<meta property=\"article:modified_time\" content=\"2022-04-22T13:05:00+00:00\" \/>\n<meta property=\"og:image\" content=\"https:\/\/outilstice.com\/wp-content\/uploads\/2022\/04\/dd.jpg\" \/>\n\t<meta property=\"og:image:width\" content=\"690\" \/>\n\t<meta property=\"og:image:height\" content=\"400\" \/>\n\t<meta property=\"og:image:type\" content=\"image\/jpeg\" \/>\n<meta name=\"author\" content=\"Fidel Navamuel\" \/>\n<meta name=\"twitter:card\" content=\"summary_large_image\" \/>\n<meta name=\"twitter:creator\" content=\"@outilstice\" \/>\n<meta name=\"twitter:site\" content=\"@outilstice\" \/>\n<meta name=\"twitter:label1\" content=\"Escrito por\" \/>\n\t<meta name=\"twitter:data1\" content=\"Fidel Navamuel\" \/>\n\t<meta name=\"twitter:label2\" content=\"Tiempo de lectura\" \/>\n\t<meta name=\"twitter:data2\" content=\"3 minutos\" \/>\n<script type=\"application\/ld+json\" class=\"yoast-schema-graph\">{\"@context\":\"https:\/\/schema.org\",\"@graph\":[{\"@type\":[\"Article\",\"BlogPosting\"],\"@id\":\"https:\/\/outilstice.com\/2022\/04\/master-en-environnement-et-developpent-durable-lequel-choisir\/#article\",\"isPartOf\":{\"@id\":\"https:\/\/outilstice.com\/2022\/04\/master-en-environnement-et-developpent-durable-lequel-choisir\/\"},\"author\":{\"name\":\"Fidel Navamuel\",\"@id\":\"https:\/\/outilstice.com\/#\/schema\/person\/ec4809142ef009f96b5af2c906a48cd0\"},\"headline\":\"Gestion de l&rsquo;environnement et d\u00e9veloppent durable. Quel master choisir ?\",\"datePublished\":\"2022-04-19T16:59:39+00:00\",\"dateModified\":\"2022-04-22T13:05:00+00:00\",\"mainEntityOfPage\":{\"@id\":\"https:\/\/outilstice.com\/2022\/04\/master-en-environnement-et-developpent-durable-lequel-choisir\/\"},\"wordCount\":709,\"commentCount\":0,\"publisher\":{\"@id\":\"https:\/\/outilstice.com\/#\/schema\/person\/ec4809142ef009f96b5af2c906a48cd0\"},\"image\":{\"@id\":\"https:\/\/outilstice.com\/2022\/04\/master-en-environnement-et-developpent-durable-lequel-choisir\/#primaryimage\"},\"thumbnailUrl\":\"https:\/\/outilstice.com\/wp-content\/uploads\/2022\/04\/dd.jpg\",\"keywords\":[\"\u00e9tudes\"],\"articleSection\":[\"Orientation\",\"PubliR\u00e9dac\"],\"inLanguage\":\"es\",\"potentialAction\":[{\"@type\":\"CommentAction\",\"name\":\"Comment\",\"target\":[\"https:\/\/outilstice.com\/2022\/04\/master-en-environnement-et-developpent-durable-lequel-choisir\/#respond\"]}]},{\"@type\":\"WebPage\",\"@id\":\"https:\/\/outilstice.com\/2022\/04\/master-en-environnement-et-developpent-durable-lequel-choisir\/\",\"url\":\"https:\/\/outilstice.com\/2022\/04\/master-en-environnement-et-developpent-durable-lequel-choisir\/\",\"name\":\"Environnement et d\u00e9veloppent durable. Quel master choisir ?\",\"isPartOf\":{\"@id\":\"https:\/\/outilstice.com\/#website\"},\"primaryImageOfPage\":{\"@id\":\"https:\/\/outilstice.com\/2022\/04\/master-en-environnement-et-developpent-durable-lequel-choisir\/#primaryimage\"},\"image\":{\"@id\":\"https:\/\/outilstice.com\/2022\/04\/master-en-environnement-et-developpent-durable-lequel-choisir\/#primaryimage\"},\"thumbnailUrl\":\"https:\/\/outilstice.com\/wp-content\/uploads\/2022\/04\/dd.jpg\",\"datePublished\":\"2022-04-19T16:59:39+00:00\",\"dateModified\":\"2022-04-22T13:05:00+00:00\",\"description\":\"Les masters en environnement attirent de plus en plus de jeunes soucieux des probl\u00e8mes soci\u00e9taux et \u00e9cologiques auxquels nous devrons faire face ces prochaines ann\u00e9es.\",\"breadcrumb\":{\"@id\":\"https:\/\/outilstice.com\/2022\/04\/master-en-environnement-et-developpent-durable-lequel-choisir\/#breadcrumb\"},\"inLanguage\":\"es\",\"potentialAction\":[{\"@type\":\"ReadAction\",\"target\":[\"https:\/\/outilstice.com\/2022\/04\/master-en-environnement-et-developpent-durable-lequel-choisir\/\"]}]},{\"@type\":\"ImageObject\",\"inLanguage\":\"es\",\"@id\":\"https:\/\/outilstice.com\/2022\/04\/master-en-environnement-et-developpent-durable-lequel-choisir\/#primaryimage\",\"url\":\"https:\/\/outilstice.com\/wp-content\/uploads\/2022\/04\/dd.jpg\",\"contentUrl\":\"https:\/\/outilstice.com\/wp-content\/uploads\/2022\/04\/dd.jpg\",\"width\":690,\"height\":400,\"caption\":\"d\u00e9veloppement durable\"},{\"@type\":\"BreadcrumbList\",\"@id\":\"https:\/\/outilstice.com\/2022\/04\/master-en-environnement-et-developpent-durable-lequel-choisir\/#breadcrumb\",\"itemListElement\":[{\"@type\":\"ListItem\",\"position\":1,\"name\":\"Accueil\",\"item\":\"https:\/\/outilstice.com\/\"},{\"@type\":\"ListItem\",\"position\":2,\"name\":\"Orientation\",\"item\":\"https:\/\/outilstice.com\/orientation\/\"},{\"@type\":\"ListItem\",\"position\":3,\"name\":\"Gestion de l&#8217;environnement et d\u00e9veloppent durable. Quel master choisir ?\"}]},{\"@type\":\"WebSite\",\"@id\":\"https:\/\/outilstice.com\/#website\",\"url\":\"https:\/\/outilstice.com\/\",\"name\":\"Les Outils Tice\",\"description\":\"L&#039;actualit\u00e9 des outils num\u00e9riques pour l&#039;\u00e9ducation\",\"publisher\":{\"@id\":\"https:\/\/outilstice.com\/#\/schema\/person\/ec4809142ef009f96b5af2c906a48cd0\"},\"potentialAction\":[{\"@type\":\"SearchAction\",\"target\":{\"@type\":\"EntryPoint\",\"urlTemplate\":\"https:\/\/outilstice.com\/?s={search_term_string}\"},\"query-input\":{\"@type\":\"PropertyValueSpecification\",\"valueRequired\":true,\"valueName\":\"search_term_string\"}}],\"inLanguage\":\"es\"},{\"@type\":[\"Person\",\"Organization\"],\"@id\":\"https:\/\/outilstice.com\/#\/schema\/person\/ec4809142ef009f96b5af2c906a48cd0\",\"name\":\"Fidel Navamuel\",\"image\":{\"@type\":\"ImageObject\",\"inLanguage\":\"es\",\"@id\":\"https:\/\/outilstice.com\/#\/schema\/person\/image\/\",\"url\":\"https:\/\/outilstice.com\/wp-content\/uploads\/2014\/11\/fidel.jpg\",\"contentUrl\":\"https:\/\/outilstice.com\/wp-content\/uploads\/2014\/11\/fidel.jpg\",\"width\":570,\"height\":428,\"caption\":\"Fidel Navamuel\"},\"logo\":{\"@id\":\"https:\/\/outilstice.com\/#\/schema\/person\/image\/\"},\"description\":\"Journaliste et responsable des sites \\\"Les Outils du Web\\\". Le r\u00e9seau \\\"Les Outils du Web\\\"regroupe sept sites d'information en ligne autour des nouvelles technologies, de la veille, des outils collaboratifs, des tice, de l'ia et du Web2. Responsable du d\u00e9veloppement de l'\u00e9cole des m\u00e9tiers de l'information \u00e0 Paris. Coop\u00e9rative de formation, l'\u00e9mi est reconnue pour ses formations qui accompagnent la mutation num\u00e9rique au c\u0153ur des m\u00e9tiers et des organisations.\",\"sameAs\":[\"https:\/\/outilstice.com\",\"https:\/\/www.facebook.com\/lesoutilsweb\",\"https:\/\/www.instagram.com\/outilstice\/\",\"http:\/\/fr.linkedin.com\/in\/navamuel\/\",\"http:\/\/www.pinterest.com\/fideln\/\",\"https:\/\/x.com\/outilstice\"],\"gender\":\"homme\",\"jobTitle\":\"Journaliste\"}]}<\/script>\n<!-- \/ Yoast SEO Premium plugin. -->","yoast_head_json":{"title":"Environnement et d\u00e9veloppent durable. Quel master choisir ?","description":"Les masters en environnement attirent de plus en plus de jeunes soucieux des probl\u00e8mes soci\u00e9taux et \u00e9cologiques auxquels nous devrons faire face ces prochaines ann\u00e9es.","robots":{"index":"index","follow":"follow","max-snippet":"max-snippet:-1","max-image-preview":"max-image-preview:large","max-video-preview":"max-video-preview:-1"},"canonical":"https:\/\/outilstice.com\/es\/2022\/04\/master-en-environnement-et-developpent-durable-lequel-choisir\/","og_locale":"es_ES","og_type":"article","og_title":"Gestion de l'environnement et d\u00e9veloppent durable. Quel master choisir ?","og_description":"Dans la recherche de leur futur m\u00e9tier, les jeunes sont de plus en plus guid\u00e9s par le besoin de donner du sens \u00e0 leur parcours. Ce n'est pas tout \u00e0 fait","og_url":"https:\/\/outilstice.com\/es\/2022\/04\/master-en-environnement-et-developpent-durable-lequel-choisir\/","og_site_name":"Les Outils Tice","article_publisher":"https:\/\/www.facebook.com\/lesoutilsweb","article_author":"https:\/\/www.facebook.com\/lesoutilsweb","article_published_time":"2022-04-19T16:59:39+00:00","article_modified_time":"2022-04-22T13:05:00+00:00","og_image":[{"width":690,"height":400,"url":"https:\/\/outilstice.com\/wp-content\/uploads\/2022\/04\/dd.jpg","type":"image\/jpeg"}],"author":"Fidel Navamuel","twitter_card":"summary_large_image","twitter_creator":"@outilstice","twitter_site":"@outilstice","twitter_misc":{"Escrito por":"Fidel Navamuel","Tiempo de lectura":"3 minutos"},"schema":{"@context":"https:\/\/schema.org","@graph":[{"@type":["Article","BlogPosting"],"@id":"https:\/\/outilstice.com\/2022\/04\/master-en-environnement-et-developpent-durable-lequel-choisir\/#article","isPartOf":{"@id":"https:\/\/outilstice.com\/2022\/04\/master-en-environnement-et-developpent-durable-lequel-choisir\/"},"author":{"name":"Fidel Navamuel","@id":"https:\/\/outilstice.com\/#\/schema\/person\/ec4809142ef009f96b5af2c906a48cd0"},"headline":"Gestion de l&rsquo;environnement et d\u00e9veloppent durable. Quel master choisir ?","datePublished":"2022-04-19T16:59:39+00:00","dateModified":"2022-04-22T13:05:00+00:00","mainEntityOfPage":{"@id":"https:\/\/outilstice.com\/2022\/04\/master-en-environnement-et-developpent-durable-lequel-choisir\/"},"wordCount":709,"commentCount":0,"publisher":{"@id":"https:\/\/outilstice.com\/#\/schema\/person\/ec4809142ef009f96b5af2c906a48cd0"},"image":{"@id":"https:\/\/outilstice.com\/2022\/04\/master-en-environnement-et-developpent-durable-lequel-choisir\/#primaryimage"},"thumbnailUrl":"https:\/\/outilstice.com\/wp-content\/uploads\/2022\/04\/dd.jpg","keywords":["\u00e9tudes"],"articleSection":["Orientation","PubliR\u00e9dac"],"inLanguage":"es","potentialAction":[{"@type":"CommentAction","name":"Comment","target":["https:\/\/outilstice.com\/2022\/04\/master-en-environnement-et-developpent-durable-lequel-choisir\/#respond"]}]},{"@type":"WebPage","@id":"https:\/\/outilstice.com\/2022\/04\/master-en-environnement-et-developpent-durable-lequel-choisir\/","url":"https:\/\/outilstice.com\/2022\/04\/master-en-environnement-et-developpent-durable-lequel-choisir\/","name":"Environnement et d\u00e9veloppent durable. Quel master choisir ?","isPartOf":{"@id":"https:\/\/outilstice.com\/#website"},"primaryImageOfPage":{"@id":"https:\/\/outilstice.com\/2022\/04\/master-en-environnement-et-developpent-durable-lequel-choisir\/#primaryimage"},"image":{"@id":"https:\/\/outilstice.com\/2022\/04\/master-en-environnement-et-developpent-durable-lequel-choisir\/#primaryimage"},"thumbnailUrl":"https:\/\/outilstice.com\/wp-content\/uploads\/2022\/04\/dd.jpg","datePublished":"2022-04-19T16:59:39+00:00","dateModified":"2022-04-22T13:05:00+00:00","description":"Les masters en environnement attirent de plus en plus de jeunes soucieux des probl\u00e8mes soci\u00e9taux et \u00e9cologiques auxquels nous devrons faire face ces prochaines ann\u00e9es.","breadcrumb":{"@id":"https:\/\/outilstice.com\/2022\/04\/master-en-environnement-et-developpent-durable-lequel-choisir\/#breadcrumb"},"inLanguage":"es","potentialAction":[{"@type":"ReadAction","target":["https:\/\/outilstice.com\/2022\/04\/master-en-environnement-et-developpent-durable-lequel-choisir\/"]}]},{"@type":"ImageObject","inLanguage":"es","@id":"https:\/\/outilstice.com\/2022\/04\/master-en-environnement-et-developpent-durable-lequel-choisir\/#primaryimage","url":"https:\/\/outilstice.com\/wp-content\/uploads\/2022\/04\/dd.jpg","contentUrl":"https:\/\/outilstice.com\/wp-content\/uploads\/2022\/04\/dd.jpg","width":690,"height":400,"caption":"d\u00e9veloppement durable"},{"@type":"BreadcrumbList","@id":"https:\/\/outilstice.com\/2022\/04\/master-en-environnement-et-developpent-durable-lequel-choisir\/#breadcrumb","itemListElement":[{"@type":"ListItem","position":1,"name":"Accueil","item":"https:\/\/outilstice.com\/"},{"@type":"ListItem","position":2,"name":"Orientation","item":"https:\/\/outilstice.com\/orientation\/"},{"@type":"ListItem","position":3,"name":"Gestion de l&#8217;environnement et d\u00e9veloppent durable. Quel master choisir ?"}]},{"@type":"WebSite","@id":"https:\/\/outilstice.com\/#website","url":"https:\/\/outilstice.com\/","name":"Les Outils Tice","description":"L&#039;actualit\u00e9 des outils num\u00e9riques pour l&#039;\u00e9ducation","publisher":{"@id":"https:\/\/outilstice.com\/#\/schema\/person\/ec4809142ef009f96b5af2c906a48cd0"},"potentialAction":[{"@type":"SearchAction","target":{"@type":"EntryPoint","urlTemplate":"https:\/\/outilstice.com\/?s={search_term_string}"},"query-input":{"@type":"PropertyValueSpecification","valueRequired":true,"valueName":"search_term_string"}}],"inLanguage":"es"},{"@type":["Person","Organization"],"@id":"https:\/\/outilstice.com\/#\/schema\/person\/ec4809142ef009f96b5af2c906a48cd0","name":"Fidel Navamuel","image":{"@type":"ImageObject","inLanguage":"es","@id":"https:\/\/outilstice.com\/#\/schema\/person\/image\/","url":"https:\/\/outilstice.com\/wp-content\/uploads\/2014\/11\/fidel.jpg","contentUrl":"https:\/\/outilstice.com\/wp-content\/uploads\/2014\/11\/fidel.jpg","width":570,"height":428,"caption":"Fidel Navamuel"},"logo":{"@id":"https:\/\/outilstice.com\/#\/schema\/person\/image\/"},"description":"Journaliste et responsable des sites \"Les Outils du Web\". Le r\u00e9seau \"Les Outils du Web\"regroupe sept sites d'information en ligne autour des nouvelles technologies, de la veille, des outils collaboratifs, des tice, de l'ia et du Web2. Responsable du d\u00e9veloppement de l'\u00e9cole des m\u00e9tiers de l'information \u00e0 Paris. Coop\u00e9rative de formation, l'\u00e9mi est reconnue pour ses formations qui accompagnent la mutation num\u00e9rique au c\u0153ur des m\u00e9tiers et des organisations.","sameAs":["https:\/\/outilstice.com","https:\/\/www.facebook.com\/lesoutilsweb","https:\/\/www.instagram.com\/outilstice\/","http:\/\/fr.linkedin.com\/in\/navamuel\/","http:\/\/www.pinterest.com\/fideln\/","https:\/\/x.com\/outilstice"],"gender":"homme","jobTitle":"Journaliste"}]}},"modified_by":"Fidel Navamuel","_links":{"self":[{"href":"https:\/\/outilstice.com\/es\/wp-json\/wp\/v2\/posts\/10244"}],"collection":[{"href":"https:\/\/outilstice.com\/es\/wp-json\/wp\/v2\/posts"}],"about":[{"href":"https:\/\/outilstice.com\/es\/wp-json\/wp\/v2\/types\/post"}],"author":[{"embeddable":true,"href":"https:\/\/outilstice.com\/es\/wp-json\/wp\/v2\/users\/1"}],"replies":[{"embeddable":true,"href":"https:\/\/outilstice.com\/es\/wp-json\/wp\/v2\/comments?post=10244"}],"version-history":[{"count":0,"href":"https:\/\/outilstice.com\/es\/wp-json\/wp\/v2\/posts\/10244\/revisions"}],"wp:featuredmedia":[{"embeddable":true,"href":"https:\/\/outilstice.com\/es\/wp-json\/wp\/v2\/media\/10246"}],"wp:attachment":[{"href":"https:\/\/outilstice.com\/es\/wp-json\/wp\/v2\/media?parent=10244"}],"wp:term":[{"taxonomy":"category","embeddable":true,"href":"https:\/\/outilstice.com\/es\/wp-json\/wp\/v2\/categories?post=10244"},{"taxonomy":"post_tag","embeddable":true,"href":"https:\/\/outilstice.com\/es\/wp-json\/wp\/v2\/tags?post=10244"}],"curies":[{"name":"wp","href":"https:\/\/api.w.org\/{rel}","templated":true}]}}