{"id":10562,"date":"2022-09-01T09:21:56","date_gmt":"2022-09-01T07:21:56","guid":{"rendered":"https:\/\/outilstice.com\/?p=10562"},"modified":"2022-09-01T09:27:30","modified_gmt":"2022-09-01T07:27:30","slug":"les-enseignes-doivent-sinscrire-dans-une-action-ethique-responsable-jean-van-caeneghem","status":"publish","type":"post","link":"https:\/\/outilstice.com\/es\/2022\/09\/les-enseignes-doivent-sinscrire-dans-une-action-ethique-responsable-jean-van-caeneghem\/","title":{"rendered":"Los signos deben ser parte de una acci\u00f3n \u00e9tica y responsable. Jean Van Caeneghem \u2013 Ekoya"},"content":{"rendered":"<p><a href=\"https:\/\/www.ekoya.fr\/register\/?outilstice\" target=\"_blank\" rel=\"noopener\"><strong>EKOYA<\/strong><\/a>, originalmente Club CAMIF, fue <strong>creado en 1993 por y para la comunidad educativa<\/strong>. No hay un comit\u00e9 de empresa para el personal nacional de educaci\u00f3n.\u00a0 Los descuentos negociados por EKOYA para profesores en ocio, cultura y coches compensan su ausencia.<\/p>\n<p>A lo largo de los \u00faltimos a\u00f1os, la oferta se ha ampliado para abarcar m\u00e1s sectores (casa, equipamiento, servicios, vacaciones en \u2026). <a href=\"https:\/\/outilstice.com\/2022\/09\/club-ekoya-offres-et-reductions-pour-les-enseignants\/\" target=\"_blank\" rel=\"noopener\">Descubre el club EKOYA y c\u00f3mo funciona<\/a>. <span style=\"font-family: -apple-system, BlinkMacSystemFont, 'Segoe UI', Roboto, Oxygen-Sans, Ubuntu, Cantarell, 'Helvetica Neue', sans-serif;\">EKOYA tambi\u00e9n ha reforzado su compromiso participando en la financiaci\u00f3n de proyectos inclusivos.<\/span><\/p>\n<p><strong>Jean Van Caeneghem es Director Asociado de EKOYA<\/strong>. \u00c9l respondi\u00f3 a las preguntas de\u00a0<a href=\"https:\/\/www.linkedin.com\/in\/navamuel\/\" target=\"_blank\" rel=\"noopener\">Fidel Navamuel <\/a>.<\/p>\n<p><img loading=\"lazy\" decoding=\"async\" class=\"alignnone wp-image-10563 aligncenter\" src=\"https:\/\/outilstice.com\/wp-content\/uploads\/2022\/09\/Jean-Van-Caeneghem-1024x576.png\" alt=\"Van Caeneghem\" width=\"652\" height=\"367\" srcset=\"https:\/\/outilstice.com\/wp-content\/uploads\/2022\/09\/Jean-Van-Caeneghem-1024x576.png 1024w, https:\/\/outilstice.com\/wp-content\/uploads\/2022\/09\/Jean-Van-Caeneghem-300x169.png 300w, https:\/\/outilstice.com\/wp-content\/uploads\/2022\/09\/Jean-Van-Caeneghem-768x432.png 768w, https:\/\/outilstice.com\/wp-content\/uploads\/2022\/09\/Jean-Van-Caeneghem-1536x864.png 1536w, https:\/\/outilstice.com\/wp-content\/uploads\/2022\/09\/Jean-Van-Caeneghem.png 1920w\" sizes=\"(max-width: 652px) 100vw, 652px\" \/><\/p>\n<p><em><strong>A continuaci\u00f3n unas palabras sobre tu viaje y lo que te llev\u00f3 a crear Ekoya \u2026<\/strong><\/em><\/p>\n<p>Soy hijo de un maestro, mi madre era maestra de escuela.<\/p>\n<p>\u00a1Ca\u00ed en la olla cuando era peque\u00f1o!\u00a0\ud83d\ude0a<\/p>\n<p>Encontr\u00e9 en el universo de CAMIF valores que eran ecol\u00f3gicos con mis convicciones personales. Bruno (mi compa\u00f1ero en esta aventura) tambi\u00e9n tuvo este viaje. Esto es lo que nos motiv\u00f3 a reanudar esta actividad en 2018.<\/p>\n<p>Una empresa tiene una responsabilidad social y su acci\u00f3n debe basarse en valores reales. Hago hincapi\u00e9 en la sinceridad del compromiso. Por lo que se refiere a Ekoya, la solidaridad y la inclusi\u00f3n, \u2026 forma parte del ADN del club desde su creaci\u00f3n.<\/p>\n<p><em><strong>\u00bfEkoya en unas cuantas cifras?<\/strong><\/em><\/p>\n<p>EKOYA 350.000 miembros de la comunidad educativa, 190 marcas asociadas, 30 a\u00f1os en 2023, 10 empleados dedicados a la comunidad, 35.000 \u20ac distribuidos a las escuelas para permitir la implementaci\u00f3n de proyectos inclusivos.<\/p>\n<p><em><strong>\u00bfDe d\u00f3nde viene el nombre Ekoya?<\/strong><\/em><\/p>\n<p>Este nombre proviene de talleres realizados con miembros de EKOYA en 2016. Quer\u00edamos traducir la idea de viajar (que es la actividad hist\u00f3rica), cultura, educaci\u00f3n. El nombre evoca la secuoya para los grandes al aire libre, Eko para la econom\u00eda, la escuela \u2026<\/p>\n<p>3 grupos se reunieron para talleres de creatividad. \u00a1Un gran momento de intercambio!<\/p>\n<p><em><strong>\u00bfQu\u00e9 inter\u00e9s tiene un profesor en registrarse en Ekoya?<\/strong><\/em><\/p>\n<p>El Club es gratuito, ofrece grandes ahorros, puede actuar sobre el contenido (ofertas y blog), puede sugerir desarrollos, elecciones de marca, est\u00e1 guiado por el equipo de Ekoya en sus opciones de ofertas y, si es necesario, el equipo puede facilitar la relaci\u00f3n con las marcas asociadas. Estamos en contacto directo con ellos.<\/p>\n<p><em><strong>A menudo se dice que los maestros son consumidores exigentes, \u00bflo cree?<\/strong><\/em><\/p>\n<p>\u00a1La comunidad docente expresa fuertes expectativas de las empresas que se est\u00e1n generalizando hoy en d\u00eda: la calidad de los productos y servicios, la \u00e9tica empresarial, la sinceridad de las acciones llevadas a cabo por \u2026 van en la direcci\u00f3n correcta!<\/p>\n<p>Los signos deben ser parte de una acci\u00f3n \u00e9tica y responsable. En lo que a nosotros respecta, las expectativas de los miembros se sit\u00faan en una l\u00f3gica similar. Se nos espera en nuestras acciones m\u00e1s que en nuestro discurso.<\/p>\n<p><em><strong>Se ha hablado mucho durante alg\u00fan tiempo sobre el consumo responsable. \u00bfC\u00f3mo te unes a este movimiento?<\/strong><\/em><\/p>\n<p>A trav\u00e9s de intercambios con los miembros del Club EKOYA, nos comprometemos a seleccionar marcas comprometidas como una cuesti\u00f3n de prioridad y negociar descuentos con ellos con el fin de ganar poder adquisitivo para la comunidad educativa.<\/p>\n<p>La misi\u00f3n de EKOYA tambi\u00e9n se gu\u00eda por esta l\u00f3gica. La compra genera fondos para proyectos educativos, es un c\u00edrculo virtuoso.<\/p>\n<p><img loading=\"lazy\" decoding=\"async\" class=\"alignnone size-large wp-image-10564 aligncenter\" src=\"https:\/\/outilstice.com\/wp-content\/uploads\/2022\/09\/Citation-van-caeneghemi-1024x576.png\" alt=\"Cita de Van Caeneghem Ekoya\" width=\"720\" height=\"405\" srcset=\"https:\/\/outilstice.com\/wp-content\/uploads\/2022\/09\/Citation-van-caeneghemi-1024x576.png 1024w, https:\/\/outilstice.com\/wp-content\/uploads\/2022\/09\/Citation-van-caeneghemi-300x169.png 300w, https:\/\/outilstice.com\/wp-content\/uploads\/2022\/09\/Citation-van-caeneghemi-768x432.png 768w, https:\/\/outilstice.com\/wp-content\/uploads\/2022\/09\/Citation-van-caeneghemi-1536x864.png 1536w, https:\/\/outilstice.com\/wp-content\/uploads\/2022\/09\/Citation-van-caeneghemi.png 1920w\" sizes=\"(max-width: 720px) 100vw, 720px\" \/><\/p>\n<p><em><strong>Ekoya es tambi\u00e9n un proyecto de apoyo a proyectos educativos inclusivos a trav\u00e9s de la asociaci\u00f3n \u00abEducational Ambitions\u00bb. La asociaci\u00f3n es una parte integral del proyecto Ekoya, \u00bfpuede decirnos algunas palabras?<\/strong><\/em><\/p>\n<p>A trav\u00e9s de nuestros intercambios con los profesores, identificamos que muchos proyectos no ve\u00edan la luz del d\u00eda debido a la falta de recursos humanos y financieros de \u2026, mientras que las ideas innovadoras podr\u00edan haber nacido. Conseguimos reunir buena voluntad (asociaciones, profesores, responsables escolares, asesores t\u00e9cnicos para la educaci\u00f3n, patrocinadores corporativos) y creamos la asociaci\u00f3n Ambitions \u00c9ducatif. La Liga de la Educaci\u00f3n en particular nos ha apoyado desde el principio.<\/p>\n<p>Estoy muy orgulloso de que los empleados de EKOYA puedan dar su tiempo para apoyar proyectos.<\/p>\n<p>Cada a\u00f1o, una convocatoria de proyectos permite a las instituciones de toda Francia solicitar y ver sus proyectos apoyados, ya sea financieramente o en su asamblea. \u2026 proyectos culturales, deportivos y ambientales ya se han puesto en marcha.<\/p>\n<p>&nbsp;<\/p>","protected":false},"excerpt":{"rendered":"<p>EKOYA, originalmente un club CAMIF, fue establecido en 1993 por y para la comunidad educativa. No hay un comit\u00e9 de empresa para el personal nacional de educaci\u00f3n.\u00a0 Descuentos negociados por EKOYA para...<\/p>","protected":false},"author":1,"featured_media":10563,"comment_status":"open","ping_status":"open","sticky":false,"template":"","format":"standard","meta":{"content-type":"","_lmt_disableupdate":"no","_lmt_disable":"no","footnotes":""},"categories":[9187],"tags":[],"yoast_head":"<!-- This site is optimized with the Yoast SEO Premium plugin v20.4 (Yoast SEO v23.4) - https:\/\/yoast.com\/wordpress\/plugins\/seo\/ -->\n<title>Les enseignes doivent s\u2019inscrire dans une action \u00e9thique, responsable. Jean Van Caeneghem - Ekoya &#8211; Les Outils Tice<\/title>\n<meta name=\"description\" content=\"Jean Van Caeneghem directeur associ\u00e9 d&#039;EKOYA ( \u00e0 l&#039;origine Club CAMIF) r\u00e9pond aux questions de\u00a0Fidel Navamuel\" \/>\n<meta name=\"robots\" content=\"index, follow, max-snippet:-1, max-image-preview:large, max-video-preview:-1\" \/>\n<link rel=\"canonical\" href=\"https:\/\/outilstice.com\/es\/2022\/09\/les-enseignes-doivent-sinscrire-dans-une-action-ethique-responsable-jean-van-caeneghem\/\" \/>\n<meta property=\"og:locale\" content=\"es_ES\" \/>\n<meta property=\"og:type\" content=\"article\" \/>\n<meta property=\"og:title\" content=\"Les enseignes doivent s\u2019inscrire dans une action \u00e9thique, responsable. Jean Van Caeneghem - Ekoya\" \/>\n<meta property=\"og:description\" content=\"EKOYA, \u00e0 l&#039;origine club CAMIF, a \u00e9t\u00e9 cr\u00e9\u00e9 en 1993 par et pour la communaut\u00e9 \u00e9ducative. Il n\u2019existe pas de comit\u00e9 d\u2019entreprise pour les personnels de\" \/>\n<meta property=\"og:url\" content=\"https:\/\/outilstice.com\/es\/2022\/09\/les-enseignes-doivent-sinscrire-dans-une-action-ethique-responsable-jean-van-caeneghem\/\" \/>\n<meta property=\"og:site_name\" content=\"Les Outils Tice\" \/>\n<meta property=\"article:publisher\" content=\"https:\/\/www.facebook.com\/lesoutilsweb\" \/>\n<meta property=\"article:author\" content=\"https:\/\/www.facebook.com\/lesoutilsweb\" \/>\n<meta property=\"article:published_time\" content=\"2022-09-01T07:21:56+00:00\" \/>\n<meta property=\"article:modified_time\" content=\"2022-09-01T07:27:30+00:00\" \/>\n<meta property=\"og:image\" content=\"https:\/\/outilstice.com\/wp-content\/uploads\/2022\/09\/Jean-Van-Caeneghem.png\" \/>\n\t<meta property=\"og:image:width\" content=\"1920\" \/>\n\t<meta property=\"og:image:height\" content=\"1080\" \/>\n\t<meta property=\"og:image:type\" content=\"image\/png\" \/>\n<meta name=\"author\" content=\"Fidel Navamuel\" \/>\n<meta name=\"twitter:card\" content=\"summary_large_image\" \/>\n<meta name=\"twitter:creator\" content=\"@outilstice\" \/>\n<meta name=\"twitter:site\" content=\"@outilstice\" \/>\n<meta name=\"twitter:label1\" content=\"Escrito por\" \/>\n\t<meta name=\"twitter:data1\" content=\"Fidel Navamuel\" \/>\n\t<meta name=\"twitter:label2\" content=\"Tiempo de lectura\" \/>\n\t<meta name=\"twitter:data2\" content=\"4 minutos\" \/>\n<script type=\"application\/ld+json\" class=\"yoast-schema-graph\">{\"@context\":\"https:\/\/schema.org\",\"@graph\":[{\"@type\":[\"Article\",\"BlogPosting\"],\"@id\":\"https:\/\/outilstice.com\/2022\/09\/les-enseignes-doivent-sinscrire-dans-une-action-ethique-responsable-jean-van-caeneghem\/#article\",\"isPartOf\":{\"@id\":\"https:\/\/outilstice.com\/2022\/09\/les-enseignes-doivent-sinscrire-dans-une-action-ethique-responsable-jean-van-caeneghem\/\"},\"author\":{\"name\":\"Fidel Navamuel\",\"@id\":\"https:\/\/outilstice.com\/#\/schema\/person\/ec4809142ef009f96b5af2c906a48cd0\"},\"headline\":\"Les enseignes doivent s\u2019inscrire dans une action \u00e9thique, responsable. Jean Van Caeneghem &#8211; Ekoya\",\"datePublished\":\"2022-09-01T07:21:56+00:00\",\"dateModified\":\"2022-09-01T07:27:30+00:00\",\"mainEntityOfPage\":{\"@id\":\"https:\/\/outilstice.com\/2022\/09\/les-enseignes-doivent-sinscrire-dans-une-action-ethique-responsable-jean-van-caeneghem\/\"},\"wordCount\":753,\"commentCount\":1,\"publisher\":{\"@id\":\"https:\/\/outilstice.com\/#\/schema\/person\/ec4809142ef009f96b5af2c906a48cd0\"},\"image\":{\"@id\":\"https:\/\/outilstice.com\/2022\/09\/les-enseignes-doivent-sinscrire-dans-une-action-ethique-responsable-jean-van-caeneghem\/#primaryimage\"},\"thumbnailUrl\":\"https:\/\/outilstice.com\/wp-content\/uploads\/2022\/09\/Jean-Van-Caeneghem.png\",\"articleSection\":[\"Entretiens\"],\"inLanguage\":\"es\",\"potentialAction\":[{\"@type\":\"CommentAction\",\"name\":\"Comment\",\"target\":[\"https:\/\/outilstice.com\/2022\/09\/les-enseignes-doivent-sinscrire-dans-une-action-ethique-responsable-jean-van-caeneghem\/#respond\"]}]},{\"@type\":\"WebPage\",\"@id\":\"https:\/\/outilstice.com\/2022\/09\/les-enseignes-doivent-sinscrire-dans-une-action-ethique-responsable-jean-van-caeneghem\/\",\"url\":\"https:\/\/outilstice.com\/2022\/09\/les-enseignes-doivent-sinscrire-dans-une-action-ethique-responsable-jean-van-caeneghem\/\",\"name\":\"Les enseignes doivent s\u2019inscrire dans une action \u00e9thique, responsable. Jean Van Caeneghem - Ekoya &#8211; Les Outils Tice\",\"isPartOf\":{\"@id\":\"https:\/\/outilstice.com\/#website\"},\"primaryImageOfPage\":{\"@id\":\"https:\/\/outilstice.com\/2022\/09\/les-enseignes-doivent-sinscrire-dans-une-action-ethique-responsable-jean-van-caeneghem\/#primaryimage\"},\"image\":{\"@id\":\"https:\/\/outilstice.com\/2022\/09\/les-enseignes-doivent-sinscrire-dans-une-action-ethique-responsable-jean-van-caeneghem\/#primaryimage\"},\"thumbnailUrl\":\"https:\/\/outilstice.com\/wp-content\/uploads\/2022\/09\/Jean-Van-Caeneghem.png\",\"datePublished\":\"2022-09-01T07:21:56+00:00\",\"dateModified\":\"2022-09-01T07:27:30+00:00\",\"description\":\"Jean Van Caeneghem directeur associ\u00e9 d'EKOYA ( \u00e0 l'origine Club CAMIF) r\u00e9pond aux questions de\u00a0Fidel Navamuel\",\"breadcrumb\":{\"@id\":\"https:\/\/outilstice.com\/2022\/09\/les-enseignes-doivent-sinscrire-dans-une-action-ethique-responsable-jean-van-caeneghem\/#breadcrumb\"},\"inLanguage\":\"es\",\"potentialAction\":[{\"@type\":\"ReadAction\",\"target\":[\"https:\/\/outilstice.com\/2022\/09\/les-enseignes-doivent-sinscrire-dans-une-action-ethique-responsable-jean-van-caeneghem\/\"]}]},{\"@type\":\"ImageObject\",\"inLanguage\":\"es\",\"@id\":\"https:\/\/outilstice.com\/2022\/09\/les-enseignes-doivent-sinscrire-dans-une-action-ethique-responsable-jean-van-caeneghem\/#primaryimage\",\"url\":\"https:\/\/outilstice.com\/wp-content\/uploads\/2022\/09\/Jean-Van-Caeneghem.png\",\"contentUrl\":\"https:\/\/outilstice.com\/wp-content\/uploads\/2022\/09\/Jean-Van-Caeneghem.png\",\"width\":1920,\"height\":1080,\"caption\":\"Van Caeneghem\"},{\"@type\":\"BreadcrumbList\",\"@id\":\"https:\/\/outilstice.com\/2022\/09\/les-enseignes-doivent-sinscrire-dans-une-action-ethique-responsable-jean-van-caeneghem\/#breadcrumb\",\"itemListElement\":[{\"@type\":\"ListItem\",\"position\":1,\"name\":\"Accueil\",\"item\":\"https:\/\/outilstice.com\/\"},{\"@type\":\"ListItem\",\"position\":2,\"name\":\"Entretiens\",\"item\":\"https:\/\/outilstice.com\/entretiens\/\"},{\"@type\":\"ListItem\",\"position\":3,\"name\":\"Les enseignes doivent s\u2019inscrire dans une action \u00e9thique, responsable. Jean Van Caeneghem &#8211; Ekoya\"}]},{\"@type\":\"WebSite\",\"@id\":\"https:\/\/outilstice.com\/#website\",\"url\":\"https:\/\/outilstice.com\/\",\"name\":\"Les Outils Tice\",\"description\":\"L&#039;actualit\u00e9 des outils num\u00e9riques pour l&#039;\u00e9ducation\",\"publisher\":{\"@id\":\"https:\/\/outilstice.com\/#\/schema\/person\/ec4809142ef009f96b5af2c906a48cd0\"},\"potentialAction\":[{\"@type\":\"SearchAction\",\"target\":{\"@type\":\"EntryPoint\",\"urlTemplate\":\"https:\/\/outilstice.com\/?s={search_term_string}\"},\"query-input\":{\"@type\":\"PropertyValueSpecification\",\"valueRequired\":true,\"valueName\":\"search_term_string\"}}],\"inLanguage\":\"es\"},{\"@type\":[\"Person\",\"Organization\"],\"@id\":\"https:\/\/outilstice.com\/#\/schema\/person\/ec4809142ef009f96b5af2c906a48cd0\",\"name\":\"Fidel Navamuel\",\"image\":{\"@type\":\"ImageObject\",\"inLanguage\":\"es\",\"@id\":\"https:\/\/outilstice.com\/#\/schema\/person\/image\/\",\"url\":\"https:\/\/outilstice.com\/wp-content\/uploads\/2014\/11\/fidel.jpg\",\"contentUrl\":\"https:\/\/outilstice.com\/wp-content\/uploads\/2014\/11\/fidel.jpg\",\"width\":570,\"height\":428,\"caption\":\"Fidel Navamuel\"},\"logo\":{\"@id\":\"https:\/\/outilstice.com\/#\/schema\/person\/image\/\"},\"description\":\"Journaliste et responsable des sites \\\"Les Outils du Web\\\". Le r\u00e9seau \\\"Les Outils du Web\\\"regroupe sept sites d'information en ligne autour des nouvelles technologies, de la veille, des outils collaboratifs, des tice, de l'ia et du Web2. Responsable du d\u00e9veloppement de l'\u00e9cole des m\u00e9tiers de l'information \u00e0 Paris. Coop\u00e9rative de formation, l'\u00e9mi est reconnue pour ses formations qui accompagnent la mutation num\u00e9rique au c\u0153ur des m\u00e9tiers et des organisations.\",\"sameAs\":[\"https:\/\/outilstice.com\",\"https:\/\/www.facebook.com\/lesoutilsweb\",\"https:\/\/www.instagram.com\/outilstice\/\",\"http:\/\/fr.linkedin.com\/in\/navamuel\/\",\"http:\/\/www.pinterest.com\/fideln\/\",\"https:\/\/x.com\/outilstice\"],\"gender\":\"homme\",\"jobTitle\":\"Journaliste\"}]}<\/script>\n<!-- \/ Yoast SEO Premium plugin. -->","yoast_head_json":{"title":"Les enseignes doivent s\u2019inscrire dans une action \u00e9thique, responsable. Jean Van Caeneghem - Ekoya &#8211; Les Outils Tice","description":"Jean Van Caeneghem directeur associ\u00e9 d'EKOYA ( \u00e0 l'origine Club CAMIF) r\u00e9pond aux questions de\u00a0Fidel Navamuel","robots":{"index":"index","follow":"follow","max-snippet":"max-snippet:-1","max-image-preview":"max-image-preview:large","max-video-preview":"max-video-preview:-1"},"canonical":"https:\/\/outilstice.com\/es\/2022\/09\/les-enseignes-doivent-sinscrire-dans-une-action-ethique-responsable-jean-van-caeneghem\/","og_locale":"es_ES","og_type":"article","og_title":"Les enseignes doivent s\u2019inscrire dans une action \u00e9thique, responsable. Jean Van Caeneghem - Ekoya","og_description":"EKOYA, \u00e0 l'origine club CAMIF, a \u00e9t\u00e9 cr\u00e9\u00e9 en 1993 par et pour la communaut\u00e9 \u00e9ducative. Il n\u2019existe pas de comit\u00e9 d\u2019entreprise pour les personnels de","og_url":"https:\/\/outilstice.com\/es\/2022\/09\/les-enseignes-doivent-sinscrire-dans-une-action-ethique-responsable-jean-van-caeneghem\/","og_site_name":"Les Outils Tice","article_publisher":"https:\/\/www.facebook.com\/lesoutilsweb","article_author":"https:\/\/www.facebook.com\/lesoutilsweb","article_published_time":"2022-09-01T07:21:56+00:00","article_modified_time":"2022-09-01T07:27:30+00:00","og_image":[{"width":1920,"height":1080,"url":"https:\/\/outilstice.com\/wp-content\/uploads\/2022\/09\/Jean-Van-Caeneghem.png","type":"image\/png"}],"author":"Fidel Navamuel","twitter_card":"summary_large_image","twitter_creator":"@outilstice","twitter_site":"@outilstice","twitter_misc":{"Escrito por":"Fidel Navamuel","Tiempo de lectura":"4 minutos"},"schema":{"@context":"https:\/\/schema.org","@graph":[{"@type":["Article","BlogPosting"],"@id":"https:\/\/outilstice.com\/2022\/09\/les-enseignes-doivent-sinscrire-dans-une-action-ethique-responsable-jean-van-caeneghem\/#article","isPartOf":{"@id":"https:\/\/outilstice.com\/2022\/09\/les-enseignes-doivent-sinscrire-dans-une-action-ethique-responsable-jean-van-caeneghem\/"},"author":{"name":"Fidel Navamuel","@id":"https:\/\/outilstice.com\/#\/schema\/person\/ec4809142ef009f96b5af2c906a48cd0"},"headline":"Les enseignes doivent s\u2019inscrire dans une action \u00e9thique, responsable. Jean Van Caeneghem &#8211; Ekoya","datePublished":"2022-09-01T07:21:56+00:00","dateModified":"2022-09-01T07:27:30+00:00","mainEntityOfPage":{"@id":"https:\/\/outilstice.com\/2022\/09\/les-enseignes-doivent-sinscrire-dans-une-action-ethique-responsable-jean-van-caeneghem\/"},"wordCount":753,"commentCount":1,"publisher":{"@id":"https:\/\/outilstice.com\/#\/schema\/person\/ec4809142ef009f96b5af2c906a48cd0"},"image":{"@id":"https:\/\/outilstice.com\/2022\/09\/les-enseignes-doivent-sinscrire-dans-une-action-ethique-responsable-jean-van-caeneghem\/#primaryimage"},"thumbnailUrl":"https:\/\/outilstice.com\/wp-content\/uploads\/2022\/09\/Jean-Van-Caeneghem.png","articleSection":["Entretiens"],"inLanguage":"es","potentialAction":[{"@type":"CommentAction","name":"Comment","target":["https:\/\/outilstice.com\/2022\/09\/les-enseignes-doivent-sinscrire-dans-une-action-ethique-responsable-jean-van-caeneghem\/#respond"]}]},{"@type":"WebPage","@id":"https:\/\/outilstice.com\/2022\/09\/les-enseignes-doivent-sinscrire-dans-une-action-ethique-responsable-jean-van-caeneghem\/","url":"https:\/\/outilstice.com\/2022\/09\/les-enseignes-doivent-sinscrire-dans-une-action-ethique-responsable-jean-van-caeneghem\/","name":"Les enseignes doivent s\u2019inscrire dans une action \u00e9thique, responsable. Jean Van Caeneghem - Ekoya &#8211; Les Outils Tice","isPartOf":{"@id":"https:\/\/outilstice.com\/#website"},"primaryImageOfPage":{"@id":"https:\/\/outilstice.com\/2022\/09\/les-enseignes-doivent-sinscrire-dans-une-action-ethique-responsable-jean-van-caeneghem\/#primaryimage"},"image":{"@id":"https:\/\/outilstice.com\/2022\/09\/les-enseignes-doivent-sinscrire-dans-une-action-ethique-responsable-jean-van-caeneghem\/#primaryimage"},"thumbnailUrl":"https:\/\/outilstice.com\/wp-content\/uploads\/2022\/09\/Jean-Van-Caeneghem.png","datePublished":"2022-09-01T07:21:56+00:00","dateModified":"2022-09-01T07:27:30+00:00","description":"Jean Van Caeneghem directeur associ\u00e9 d'EKOYA ( \u00e0 l'origine Club CAMIF) r\u00e9pond aux questions de\u00a0Fidel Navamuel","breadcrumb":{"@id":"https:\/\/outilstice.com\/2022\/09\/les-enseignes-doivent-sinscrire-dans-une-action-ethique-responsable-jean-van-caeneghem\/#breadcrumb"},"inLanguage":"es","potentialAction":[{"@type":"ReadAction","target":["https:\/\/outilstice.com\/2022\/09\/les-enseignes-doivent-sinscrire-dans-une-action-ethique-responsable-jean-van-caeneghem\/"]}]},{"@type":"ImageObject","inLanguage":"es","@id":"https:\/\/outilstice.com\/2022\/09\/les-enseignes-doivent-sinscrire-dans-une-action-ethique-responsable-jean-van-caeneghem\/#primaryimage","url":"https:\/\/outilstice.com\/wp-content\/uploads\/2022\/09\/Jean-Van-Caeneghem.png","contentUrl":"https:\/\/outilstice.com\/wp-content\/uploads\/2022\/09\/Jean-Van-Caeneghem.png","width":1920,"height":1080,"caption":"Van Caeneghem"},{"@type":"BreadcrumbList","@id":"https:\/\/outilstice.com\/2022\/09\/les-enseignes-doivent-sinscrire-dans-une-action-ethique-responsable-jean-van-caeneghem\/#breadcrumb","itemListElement":[{"@type":"ListItem","position":1,"name":"Accueil","item":"https:\/\/outilstice.com\/"},{"@type":"ListItem","position":2,"name":"Entretiens","item":"https:\/\/outilstice.com\/entretiens\/"},{"@type":"ListItem","position":3,"name":"Les enseignes doivent s\u2019inscrire dans une action \u00e9thique, responsable. Jean Van Caeneghem &#8211; Ekoya"}]},{"@type":"WebSite","@id":"https:\/\/outilstice.com\/#website","url":"https:\/\/outilstice.com\/","name":"Les Outils Tice","description":"L&#039;actualit\u00e9 des outils num\u00e9riques pour l&#039;\u00e9ducation","publisher":{"@id":"https:\/\/outilstice.com\/#\/schema\/person\/ec4809142ef009f96b5af2c906a48cd0"},"potentialAction":[{"@type":"SearchAction","target":{"@type":"EntryPoint","urlTemplate":"https:\/\/outilstice.com\/?s={search_term_string}"},"query-input":{"@type":"PropertyValueSpecification","valueRequired":true,"valueName":"search_term_string"}}],"inLanguage":"es"},{"@type":["Person","Organization"],"@id":"https:\/\/outilstice.com\/#\/schema\/person\/ec4809142ef009f96b5af2c906a48cd0","name":"Fidel Navamuel","image":{"@type":"ImageObject","inLanguage":"es","@id":"https:\/\/outilstice.com\/#\/schema\/person\/image\/","url":"https:\/\/outilstice.com\/wp-content\/uploads\/2014\/11\/fidel.jpg","contentUrl":"https:\/\/outilstice.com\/wp-content\/uploads\/2014\/11\/fidel.jpg","width":570,"height":428,"caption":"Fidel Navamuel"},"logo":{"@id":"https:\/\/outilstice.com\/#\/schema\/person\/image\/"},"description":"Journaliste et responsable des sites \"Les Outils du Web\". Le r\u00e9seau \"Les Outils du Web\"regroupe sept sites d'information en ligne autour des nouvelles technologies, de la veille, des outils collaboratifs, des tice, de l'ia et du Web2. Responsable du d\u00e9veloppement de l'\u00e9cole des m\u00e9tiers de l'information \u00e0 Paris. Coop\u00e9rative de formation, l'\u00e9mi est reconnue pour ses formations qui accompagnent la mutation num\u00e9rique au c\u0153ur des m\u00e9tiers et des organisations.","sameAs":["https:\/\/outilstice.com","https:\/\/www.facebook.com\/lesoutilsweb","https:\/\/www.instagram.com\/outilstice\/","http:\/\/fr.linkedin.com\/in\/navamuel\/","http:\/\/www.pinterest.com\/fideln\/","https:\/\/x.com\/outilstice"],"gender":"homme","jobTitle":"Journaliste"}]}},"modified_by":"Fidel Navamuel","_links":{"self":[{"href":"https:\/\/outilstice.com\/es\/wp-json\/wp\/v2\/posts\/10562"}],"collection":[{"href":"https:\/\/outilstice.com\/es\/wp-json\/wp\/v2\/posts"}],"about":[{"href":"https:\/\/outilstice.com\/es\/wp-json\/wp\/v2\/types\/post"}],"author":[{"embeddable":true,"href":"https:\/\/outilstice.com\/es\/wp-json\/wp\/v2\/users\/1"}],"replies":[{"embeddable":true,"href":"https:\/\/outilstice.com\/es\/wp-json\/wp\/v2\/comments?post=10562"}],"version-history":[{"count":0,"href":"https:\/\/outilstice.com\/es\/wp-json\/wp\/v2\/posts\/10562\/revisions"}],"wp:featuredmedia":[{"embeddable":true,"href":"https:\/\/outilstice.com\/es\/wp-json\/wp\/v2\/media\/10563"}],"wp:attachment":[{"href":"https:\/\/outilstice.com\/es\/wp-json\/wp\/v2\/media?parent=10562"}],"wp:term":[{"taxonomy":"category","embeddable":true,"href":"https:\/\/outilstice.com\/es\/wp-json\/wp\/v2\/categories?post=10562"},{"taxonomy":"post_tag","embeddable":true,"href":"https:\/\/outilstice.com\/es\/wp-json\/wp\/v2\/tags?post=10562"}],"curies":[{"name":"wp","href":"https:\/\/api.w.org\/{rel}","templated":true}]}}