{"id":10633,"date":"2022-09-16T08:54:10","date_gmt":"2022-09-16T06:54:10","guid":{"rendered":"https:\/\/outilstice.com\/?p=10633"},"modified":"2022-12-24T09:21:00","modified_gmt":"2022-12-24T07:21:00","slug":"educarte-le-meilleur-darte-pour-leducation","status":"publish","type":"post","link":"https:\/\/outilstice.com\/es\/2022\/09\/educarte-le-meilleur-darte-pour-leducation\/","title":{"rendered":"EducArte (en ingl\u00e9s). Lo mejor de Arte para la educaci\u00f3n"},"content":{"rendered":"<p><a href=\"https:\/\/educ.arte.tv\/#\" target=\"_blank\" rel=\"noopener\"><strong>Educ\u2019ARTE<\/strong> <\/a>es un <strong>Gran recurso educativo en l\u00ednea ofrecido por el canal ARTE para la escuela secundaria y preparatoria<\/strong>. Lanzado en enero de 2019, ofrece contenido tem\u00e1tico (carpetas, videos, hojas de actividades, etc.) para apoyar la escolarizaci\u00f3n de los estudiantes desde 6 \u1d49 hasta el \u00faltimo a\u00f1o.<\/p>\n<p>Destinado a profesores de todas las materias, profesores documentalistas y, por supuesto, estudiantes, Educ\u2019ARTE se basa en la programaci\u00f3n del canal ARTE para, entre otras cosas, despertar a los j\u00f3venes a la riqueza de la cultura europea.<\/p>\n<p><a href=\"https:\/\/outilstice.com\/wp-content\/uploads\/2022\/09\/arteducation.jpg\" target=\"_blank\"><img loading=\"lazy\" decoding=\"async\" class=\"aligncenter wp-image-10637\" title=\"Educarte\" src=\"https:\/\/outilstice.com\/wp-content\/uploads\/2022\/09\/arteducation.jpg\" alt=\"Arteducaci\u00f3n\" width=\"843\" height=\"474\" srcset=\"https:\/\/outilstice.com\/wp-content\/uploads\/2022\/09\/arteducation.jpg 1920w, https:\/\/outilstice.com\/wp-content\/uploads\/2022\/09\/arteducation-300x169.jpg 300w, https:\/\/outilstice.com\/wp-content\/uploads\/2022\/09\/arteducation-1024x576.jpg 1024w, https:\/\/outilstice.com\/wp-content\/uploads\/2022\/09\/arteducation-768x432.jpg 768w, https:\/\/outilstice.com\/wp-content\/uploads\/2022\/09\/arteducation-1536x864.jpg 1536w, https:\/\/outilstice.com\/wp-content\/uploads\/2022\/09\/arteducation-2048x1152.jpg 2048w\" sizes=\"(max-width: 843px) 100vw, 843px\" \/><\/a><\/p>\n<p>De este modo, Educ\u2019ARTE ofrece a los profesores una impresionante selecci\u00f3n de contenidos tem\u00e1ticos para integrarlos en su ense\u00f1anza, en clase o a distancia. El sitio va mucho m\u00e1s all\u00e1 de una simple videoteca multiling\u00fce llena de contenido en l\u00ednea de calidad. <strong>Tambi\u00e9n es un espacio de creaci\u00f3n e intercambio pedag\u00f3gico.<\/strong>. Descubrimiento.<\/p>\n<div id=\"ez-toc-container\" class=\"ez-toc-v2_0_77 counter-hierarchy ez-toc-counter ez-toc-light-blue ez-toc-container-direction\">\n<p class=\"ez-toc-title\" style=\"cursor:inherit\">Tabla de Contenidos<\/p>\n<label for=\"ez-toc-cssicon-toggle-item-69f5e95c68715\" class=\"ez-toc-cssicon-toggle-label\"><span class=\"\"><span class=\"eztoc-hide\" style=\"display:none;\">alternar<\/span><span class=\"ez-toc-icon-toggle-span\"><svg style=\"fill: #999;color:#999\" xmlns=\"http:\/\/www.w3.org\/2000\/svg\" class=\"list-377408\" width=\"20px\" height=\"20px\" viewbox=\"0 0 24 24\" fill=\"none\"><path d=\"M6 6H4v2h2V6zm14 0H8v2h12V6zM4 11h2v2H4v-2zm16 0H8v2h12v-2zM4 16h2v2H4v-2zm16 0H8v2h12v-2z\" fill=\"currentColor\"><\/path><\/svg><svg style=\"fill: #999;color:#999\" class=\"arrow-unsorted-368013\" xmlns=\"http:\/\/www.w3.org\/2000\/svg\" width=\"10px\" height=\"10px\" viewbox=\"0 0 24 24\" version=\"1.2\" baseprofile=\"tiny\"><path d=\"M18.2 9.3l-6.2-6.3-6.2 6.3c-.2.2-.3.4-.3.7s.1.5.3.7c.2.2.4.3.7.3h11c.3 0 .5-.1.7-.3.2-.2.3-.5.3-.7s-.1-.5-.3-.7zM5.8 14.7l6.2 6.3 6.2-6.3c.2-.2.3-.5.3-.7s-.1-.5-.3-.7c-.2-.2-.4-.3-.7-.3h-11c-.3 0-.5.1-.7.3-.2.2-.3.5-.3.7s.1.5.3.7z\"\/><\/svg><\/span><\/span><\/label><input type=\"checkbox\"  id=\"ez-toc-cssicon-toggle-item-69f5e95c68715\"  aria-label=\"Alternador\" \/><nav><ul class='ez-toc-list ez-toc-list-level-1' ><li class='ez-toc-page-1 ez-toc-heading-level-2'><a class=\"ez-toc-link ez-toc-heading-1\" href=\"https:\/\/outilstice.com\/es\/2022\/09\/educarte-le-meilleur-darte-pour-leducation\/#2000_videos_issues_du_meilleur_dArte_pour_enrichir_vos_cours\" >2000 v\u00eddeos de lo mejor de Arte para enriquecer tus cursos<\/a><\/li><li class='ez-toc-page-1 ez-toc-heading-level-2'><a class=\"ez-toc-link ez-toc-heading-2\" href=\"https:\/\/outilstice.com\/es\/2022\/09\/educarte-le-meilleur-darte-pour-leducation\/#Des_outils_pour_adapter_EducArte_a_vos_besoins_pedagogiques\" >Herramientas para adaptar Educ\u2019Arte a tus necesidades educativas<\/a><\/li><li class='ez-toc-page-1 ez-toc-heading-level-2'><a class=\"ez-toc-link ez-toc-heading-3\" href=\"https:\/\/outilstice.com\/es\/2022\/09\/educarte-le-meilleur-darte-pour-leducation\/#Une_plateforme_educative_accessible_pour_tout_un_etablissement\" >Una plataforma educativa accesible para toda una escuela<\/a><\/li><\/ul><\/nav><\/div>\n<h2><span class=\"ez-toc-section\" id=\"2000_videos_issues_du_meilleur_dArte_pour_enrichir_vos_cours\"><\/span>2000 v\u00eddeos de lo mejor de Arte para enriquecer tus cursos<span class=\"ez-toc-section-end\"><\/span><\/h2>\n<p>Si bien el video se ha convertido en el medio dominante a la hora de enriquecer o ilustrar nociones o conceptos, no es tan f\u00e1cil encontrar contenido de calidad. Olv\u00eddate de todo de las grandes plataformas de intercambio de videos en l\u00ednea. <strong>Ahorra tiempo en tus preparativos<\/strong>, Educ\u2019Arte ofrece contenidos seleccionados a mano de muy alta calidad en un cat\u00e1logo de m\u00e1s de 2000 v\u00eddeos que van de 3 minutos a 3 horas. Una verdadera felicidad.<\/p>\n<p>Cuando te conectas por primera vez a la plataforma, es esta riqueza la que m\u00e1s sorprende. Una verdadera cueva de Ali Baba donde quieres bucear y perderte. Pero no te preocupes. El equipo de Educ\u2019Arte ha trabajado bien para ayudarle a navegar por estas impresionantes estanter\u00edas.<\/p>\n<p><a href=\"https:\/\/outilstice.com\/wp-content\/uploads\/2022\/09\/videos_arte.jpg\" target=\"_blank\"><img loading=\"lazy\" decoding=\"async\" class=\"aligncenter wp-image-10638\" title=\"Educarte para la universidad y la escuela secundaria\" src=\"https:\/\/outilstice.com\/wp-content\/uploads\/2022\/09\/videos_arte.jpg\" alt=\"v\u00eddeos arte\" width=\"664\" height=\"373\" srcset=\"https:\/\/outilstice.com\/wp-content\/uploads\/2022\/09\/videos_arte.jpg 1920w, https:\/\/outilstice.com\/wp-content\/uploads\/2022\/09\/videos_arte-300x169.jpg 300w, https:\/\/outilstice.com\/wp-content\/uploads\/2022\/09\/videos_arte-1024x576.jpg 1024w, https:\/\/outilstice.com\/wp-content\/uploads\/2022\/09\/videos_arte-768x432.jpg 768w, https:\/\/outilstice.com\/wp-content\/uploads\/2022\/09\/videos_arte-1536x864.jpg 1536w, https:\/\/outilstice.com\/wp-content\/uploads\/2022\/09\/videos_arte-2048x1152.jpg 2048w\" sizes=\"(max-width: 664px) 100vw, 664px\" \/><\/a><\/p>\n<p>Los contenidos se clasifican por nivel escolar, por campos principales y luego por asignatura (Franc\u00e9s, Historia-Geograf\u00eda, SVT, Artes Pl\u00e1sticas, Lenguas Extranjeras \u2026). Tambi\u00e9n se proponen temas sobre las principales cuestiones de actualidad. Encontrar\u00e1 videos en franc\u00e9s y alem\u00e1n, por supuesto, pero tambi\u00e9n en ingl\u00e9s, espa\u00f1ol e italiano.<\/p>\n<p>La plataforma ofrece sobre todo un motor de b\u00fasqueda particularmente r\u00e1pido que le permitir\u00e1 encontrar videos que satisfagan sus necesidades. Podr\u00e1s buscar por tema o palabras clave. Una vez que haya encontrado su video, puede verlo en l\u00ednea o descargarlo. La difusi\u00f3n en l\u00ednea es inmediata y de alta calidad.<\/p>\n<h2><span class=\"ez-toc-section\" id=\"Des_outils_pour_adapter_EducArte_a_vos_besoins_pedagogiques\"><\/span>Herramientas para adaptar Educ\u2019Arte a tus necesidades educativas<span class=\"ez-toc-section-end\"><\/span><\/h2>\n<p>Educ\u2019Arte podr\u00eda haber quedado satisfecho con esta hermosa videoteca en l\u00ednea. Este no es el caso y es mucho mejor. <strong>La plataforma ofrece recursos y herramientas adicionales que le permiten apropiarse de los contenidos de Arte y adaptarlos a sus necesidades educativas.<\/strong><\/p>\n<p><a href=\"https:\/\/outilstice.com\/wp-content\/uploads\/2022\/09\/educarte_logo.jpg\" target=\"_blank\"><img loading=\"lazy\" decoding=\"async\" class=\"aligncenter wp-image-10639\" title=\"Educaci\u00f3n de Arte\" src=\"https:\/\/outilstice.com\/wp-content\/uploads\/2022\/09\/educarte_logo.jpg\" alt=\"crear v\u00eddeos\" width=\"602\" height=\"316\" srcset=\"https:\/\/outilstice.com\/wp-content\/uploads\/2022\/09\/educarte_logo.jpg 1920w, https:\/\/outilstice.com\/wp-content\/uploads\/2022\/09\/educarte_logo-300x158.jpg 300w, https:\/\/outilstice.com\/wp-content\/uploads\/2022\/09\/educarte_logo-1024x538.jpg 1024w, https:\/\/outilstice.com\/wp-content\/uploads\/2022\/09\/educarte_logo-768x404.jpg 768w, https:\/\/outilstice.com\/wp-content\/uploads\/2022\/09\/educarte_logo-1536x807.jpg 1536w, https:\/\/outilstice.com\/wp-content\/uploads\/2022\/09\/educarte_logo-2048x1077.jpg 2048w\" sizes=\"(max-width: 602px) 100vw, 602px\" \/><\/a><\/p>\n<p>Encontrar\u00e1 m\u00e1s de cien hojas pedag\u00f3gicas completas listas para su uso, as\u00ed como docenas de ejemplos de uso de Educ\u2019Arte o proyectos pedag\u00f3gicos completos a los que puede inscribirse en su clase.<\/p>\n<p><strong>El sitio web del canal europeo tambi\u00e9n ofrece herramientas digitales integradas que son muy f\u00e1ciles de usar<\/strong> para ayudarte a adaptar todo este material editorial a tus necesidades. Encontrar\u00e1:<\/p>\n<ul>\n<li>Una herramienta para <strong>Crear clips de v\u00eddeo.<\/strong> Simple y eficaz, esta tabla de edici\u00f3n le permitir\u00e1 aislar un pasaje en un video para que pueda ser utilizado en un curso o una presentaci\u00f3n para los estudiantes.<\/li>\n<li>Un sistema de<strong>anotaci\u00f3n de los v\u00eddeos<\/strong>. As\u00ed, podr\u00e1s integrarte en los v\u00eddeos o en tus extractos de v\u00eddeo, texto, fotos o sonido. Una vez m\u00e1s, no se requieren conocimientos t\u00e9cnicos.<\/li>\n<li>A <strong>Editor de mapas mentales<\/strong>. El <a href=\"https:\/\/outilstice.com\/2021\/03\/tous-les-outils-pour-creer-des-cartes-mentales\/\" target=\"_blank\" rel=\"noopener\">mapa mental<\/a> Es un formato que tiene el viento en sus velas. Har\u00e1s mapas directamente desde la plataforma e integrar\u00e1s videoclips.<\/li>\n<\/ul>\n<p><a href=\"https:\/\/outilstice.com\/wp-content\/uploads\/2022\/09\/creer_extrait_video.jpg\" target=\"_blank\"><img loading=\"lazy\" decoding=\"async\" class=\"aligncenter wp-image-10640\" title=\"videos educaci\u00f3n artes\" src=\"https:\/\/outilstice.com\/wp-content\/uploads\/2022\/09\/creer_extrait_video.jpg\" alt=\"Educ&#039;arte\" width=\"657\" height=\"309\" srcset=\"https:\/\/outilstice.com\/wp-content\/uploads\/2022\/09\/creer_extrait_video.jpg 1544w, https:\/\/outilstice.com\/wp-content\/uploads\/2022\/09\/creer_extrait_video-300x141.jpg 300w, https:\/\/outilstice.com\/wp-content\/uploads\/2022\/09\/creer_extrait_video-1024x481.jpg 1024w, https:\/\/outilstice.com\/wp-content\/uploads\/2022\/09\/creer_extrait_video-768x361.jpg 768w, https:\/\/outilstice.com\/wp-content\/uploads\/2022\/09\/creer_extrait_video-1536x722.jpg 1536w, https:\/\/outilstice.com\/wp-content\/uploads\/2022\/09\/creer_extrait_video-520x245.jpg 520w, https:\/\/outilstice.com\/wp-content\/uploads\/2022\/09\/creer_extrait_video-720x340.jpg 720w\" sizes=\"(max-width: 657px) 100vw, 657px\" \/><\/a><\/p>\n<p>A continuaci\u00f3n, Educ\u2019Arte permite compartir todos sus v\u00eddeos, materiales del curso y creaciones con sus alumnos, pero tambi\u00e9n con otros profesores que utilizan la plataforma. Tambi\u00e9n podr\u00e1s seguir los logros de algunos de ellos si lo deseas.<\/p>\n<h2><span class=\"ez-toc-section\" id=\"Une_plateforme_educative_accessible_pour_tout_un_etablissement\"><\/span>Una plataforma educativa accesible para toda una escuela<span class=\"ez-toc-section-end\"><\/span><\/h2>\n<p>Educ\u2019ARTE est\u00e1 disponible mediante suscripci\u00f3n de toda una escuela. Una suscripci\u00f3n que pondr\u00e1 todos los recursos de la plataforma a disposici\u00f3n de todo el personal educativo y los estudiantes. El contenido se puede transmitir o descargar en clase, en el CDI o en casa.<\/p>\n<p>Los estudiantes tienen acceso espec\u00edfico y se benefician de todas las herramientas y contenidos para profundizar un punto visto en clase, preparar una presentaci\u00f3n o una tarea o para su simple placer.<\/p>\n<blockquote><p><strong>Educ\u2019Arte es una verdadera pepita digital que pone la calidad del contenido del canal europeo al servicio de sus proyectos educativos.<\/strong><\/p><\/blockquote>\n<p>Se puede acceder a Educ\u2019Arte desde el Otorrinolaring\u00f3logo y en un ordenador, tableta o tel\u00e9fono inteligente. Los facilitadores del sitio hicieron un esfuerzo especial para capacitar a los usuarios. Encontrar\u00e1 muchos recursos en l\u00ednea para optimizar su uso de la plataforma. Tambi\u00e9n se ofrecen seminarios web de capacitaci\u00f3n de forma regular.<\/p>\n<p>Si quieres saber m\u00e1s sobre la oferta y los arreglos de suscripci\u00f3n, u obtener acceso para probar el servicio, te aconsejo, solo tienes que rellenar <strong><a href=\"https:\/\/educ.arte.tv\/#\" target=\"_blank\" rel=\"noopener\">el peque\u00f1o formulario en el sitio web de la plataforma.<\/a><\/strong><\/p>","protected":false},"excerpt":{"rendered":"<p>Educ\u2019ARTE es un gran recurso educativo en l\u00ednea que ofrece el canal ARTE para la ense\u00f1anza media y secundaria. Lanzado en enero de 2019, ofrece contenido tem\u00e1tico (carpetas, videos, hojas de actividades, etc.) para...<\/p>","protected":false},"author":1,"featured_media":10637,"comment_status":"open","ping_status":"open","sticky":false,"template":"","format":"standard","meta":{"content-type":"","_lmt_disableupdate":"no","_lmt_disable":"no","footnotes":""},"categories":[14],"tags":[13],"yoast_head":"<!-- This site is optimized with the Yoast SEO Premium plugin v20.4 (Yoast SEO v23.4) - https:\/\/yoast.com\/wordpress\/plugins\/seo\/ -->\n<title>EducArte. Le meilleur d&#039;Arte pour l&#039;\u00e9ducation &#8211; Les Outils Tice<\/title>\n<meta name=\"description\" content=\"EducARTE Une formidable ressource p\u00e9dagogique propos\u00e9e par ARTE pour le coll\u00e8ge et le lyc\u00e9e. C&#039;est aussi un espace de cr\u00e9ation p\u00e9dagogique et d&#039;\u00e9changes.\" \/>\n<meta name=\"robots\" content=\"index, follow, max-snippet:-1, max-image-preview:large, max-video-preview:-1\" \/>\n<link rel=\"canonical\" href=\"https:\/\/outilstice.com\/es\/2022\/09\/educarte-le-meilleur-darte-pour-leducation\/\" \/>\n<meta property=\"og:locale\" content=\"es_ES\" \/>\n<meta property=\"og:type\" content=\"article\" \/>\n<meta property=\"og:title\" content=\"EducArte. Le meilleur d&#039;Arte pour l&#039;\u00e9ducation\" \/>\n<meta property=\"og:description\" content=\"Educ\u2019ARTE Une formidable ressource p\u00e9dagogique propos\u00e9e par ARTE pour le coll\u00e8ge et le lyc\u00e9e. C&#039;est aussi un espace de cr\u00e9ation p\u00e9dagogique et d&#039;\u00e9changes.\" \/>\n<meta property=\"og:url\" content=\"https:\/\/outilstice.com\/es\/2022\/09\/educarte-le-meilleur-darte-pour-leducation\/\" \/>\n<meta property=\"og:site_name\" content=\"Les Outils Tice\" \/>\n<meta property=\"article:publisher\" content=\"https:\/\/www.facebook.com\/lesoutilsweb\" \/>\n<meta property=\"article:author\" content=\"https:\/\/www.facebook.com\/lesoutilsweb\" \/>\n<meta property=\"article:published_time\" content=\"2022-09-16T06:54:10+00:00\" \/>\n<meta property=\"article:modified_time\" content=\"2022-12-24T07:21:00+00:00\" \/>\n<meta property=\"og:image\" content=\"https:\/\/outilstice.com\/wp-content\/uploads\/2022\/09\/arteducation.jpg\" \/>\n\t<meta property=\"og:image:width\" content=\"2072\" \/>\n\t<meta property=\"og:image:height\" content=\"1166\" \/>\n\t<meta property=\"og:image:type\" content=\"image\/jpeg\" \/>\n<meta name=\"author\" content=\"Fidel Navamuel\" \/>\n<meta name=\"twitter:card\" content=\"summary_large_image\" \/>\n<meta name=\"twitter:description\" content=\"Educ\u2019ARTE est une formidable ressource p\u00e9dagogique en ligne propos\u00e9e par la cha\u00eene ARTE pour le coll\u00e8ge et le lyc\u00e9e. Lanc\u00e9e en janvier 2019, elle propose\" \/>\n<meta name=\"twitter:creator\" content=\"@outilstice\" \/>\n<meta name=\"twitter:site\" content=\"@outilstice\" \/>\n<meta name=\"twitter:label1\" content=\"Escrito por\" \/>\n\t<meta name=\"twitter:data1\" content=\"Fidel Navamuel\" \/>\n\t<meta name=\"twitter:label2\" content=\"Tiempo de lectura\" \/>\n\t<meta name=\"twitter:data2\" content=\"5 minutos\" \/>\n<script type=\"application\/ld+json\" class=\"yoast-schema-graph\">{\"@context\":\"https:\/\/schema.org\",\"@graph\":[{\"@type\":[\"Article\",\"BlogPosting\"],\"@id\":\"https:\/\/outilstice.com\/2022\/09\/educarte-le-meilleur-darte-pour-leducation\/#article\",\"isPartOf\":{\"@id\":\"https:\/\/outilstice.com\/2022\/09\/educarte-le-meilleur-darte-pour-leducation\/\"},\"author\":{\"name\":\"Fidel Navamuel\",\"@id\":\"https:\/\/outilstice.com\/#\/schema\/person\/ec4809142ef009f96b5af2c906a48cd0\"},\"headline\":\"EducArte. Le meilleur d&rsquo;Arte pour l&rsquo;\u00e9ducation\",\"datePublished\":\"2022-09-16T06:54:10+00:00\",\"dateModified\":\"2022-12-24T07:21:00+00:00\",\"mainEntityOfPage\":{\"@id\":\"https:\/\/outilstice.com\/2022\/09\/educarte-le-meilleur-darte-pour-leducation\/\"},\"wordCount\":940,\"commentCount\":4,\"publisher\":{\"@id\":\"https:\/\/outilstice.com\/#\/schema\/person\/ec4809142ef009f96b5af2c906a48cd0\"},\"image\":{\"@id\":\"https:\/\/outilstice.com\/2022\/09\/educarte-le-meilleur-darte-pour-leducation\/#primaryimage\"},\"thumbnailUrl\":\"https:\/\/outilstice.com\/wp-content\/uploads\/2022\/09\/arteducation.jpg\",\"keywords\":[\"Vid\u00e9os\"],\"articleSection\":[\"Ressources\"],\"inLanguage\":\"es\",\"potentialAction\":[{\"@type\":\"CommentAction\",\"name\":\"Comment\",\"target\":[\"https:\/\/outilstice.com\/2022\/09\/educarte-le-meilleur-darte-pour-leducation\/#respond\"]}]},{\"@type\":\"WebPage\",\"@id\":\"https:\/\/outilstice.com\/2022\/09\/educarte-le-meilleur-darte-pour-leducation\/\",\"url\":\"https:\/\/outilstice.com\/2022\/09\/educarte-le-meilleur-darte-pour-leducation\/\",\"name\":\"EducArte. Le meilleur d'Arte pour l'\u00e9ducation &#8211; Les Outils Tice\",\"isPartOf\":{\"@id\":\"https:\/\/outilstice.com\/#website\"},\"primaryImageOfPage\":{\"@id\":\"https:\/\/outilstice.com\/2022\/09\/educarte-le-meilleur-darte-pour-leducation\/#primaryimage\"},\"image\":{\"@id\":\"https:\/\/outilstice.com\/2022\/09\/educarte-le-meilleur-darte-pour-leducation\/#primaryimage\"},\"thumbnailUrl\":\"https:\/\/outilstice.com\/wp-content\/uploads\/2022\/09\/arteducation.jpg\",\"datePublished\":\"2022-09-16T06:54:10+00:00\",\"dateModified\":\"2022-12-24T07:21:00+00:00\",\"description\":\"EducARTE Une formidable ressource p\u00e9dagogique propos\u00e9e par ARTE pour le coll\u00e8ge et le lyc\u00e9e. C'est aussi un espace de cr\u00e9ation p\u00e9dagogique et d'\u00e9changes.\",\"breadcrumb\":{\"@id\":\"https:\/\/outilstice.com\/2022\/09\/educarte-le-meilleur-darte-pour-leducation\/#breadcrumb\"},\"inLanguage\":\"es\",\"potentialAction\":[{\"@type\":\"ReadAction\",\"target\":[\"https:\/\/outilstice.com\/2022\/09\/educarte-le-meilleur-darte-pour-leducation\/\"]}]},{\"@type\":\"ImageObject\",\"inLanguage\":\"es\",\"@id\":\"https:\/\/outilstice.com\/2022\/09\/educarte-le-meilleur-darte-pour-leducation\/#primaryimage\",\"url\":\"https:\/\/outilstice.com\/wp-content\/uploads\/2022\/09\/arteducation.jpg\",\"contentUrl\":\"https:\/\/outilstice.com\/wp-content\/uploads\/2022\/09\/arteducation.jpg\",\"width\":1920,\"height\":1080,\"caption\":\"Educarte\"},{\"@type\":\"BreadcrumbList\",\"@id\":\"https:\/\/outilstice.com\/2022\/09\/educarte-le-meilleur-darte-pour-leducation\/#breadcrumb\",\"itemListElement\":[{\"@type\":\"ListItem\",\"position\":1,\"name\":\"Accueil\",\"item\":\"https:\/\/outilstice.com\/\"},{\"@type\":\"ListItem\",\"position\":2,\"name\":\"Ressources\",\"item\":\"https:\/\/outilstice.com\/ressources\/\"},{\"@type\":\"ListItem\",\"position\":3,\"name\":\"EducArte. Le meilleur d&#8217;Arte pour l&#8217;\u00e9ducation\"}]},{\"@type\":\"WebSite\",\"@id\":\"https:\/\/outilstice.com\/#website\",\"url\":\"https:\/\/outilstice.com\/\",\"name\":\"Les Outils Tice\",\"description\":\"L&#039;actualit\u00e9 des outils num\u00e9riques pour l&#039;\u00e9ducation\",\"publisher\":{\"@id\":\"https:\/\/outilstice.com\/#\/schema\/person\/ec4809142ef009f96b5af2c906a48cd0\"},\"potentialAction\":[{\"@type\":\"SearchAction\",\"target\":{\"@type\":\"EntryPoint\",\"urlTemplate\":\"https:\/\/outilstice.com\/?s={search_term_string}\"},\"query-input\":{\"@type\":\"PropertyValueSpecification\",\"valueRequired\":true,\"valueName\":\"search_term_string\"}}],\"inLanguage\":\"es\"},{\"@type\":[\"Person\",\"Organization\"],\"@id\":\"https:\/\/outilstice.com\/#\/schema\/person\/ec4809142ef009f96b5af2c906a48cd0\",\"name\":\"Fidel Navamuel\",\"image\":{\"@type\":\"ImageObject\",\"inLanguage\":\"es\",\"@id\":\"https:\/\/outilstice.com\/#\/schema\/person\/image\/\",\"url\":\"https:\/\/outilstice.com\/wp-content\/uploads\/2014\/11\/fidel.jpg\",\"contentUrl\":\"https:\/\/outilstice.com\/wp-content\/uploads\/2014\/11\/fidel.jpg\",\"width\":570,\"height\":428,\"caption\":\"Fidel Navamuel\"},\"logo\":{\"@id\":\"https:\/\/outilstice.com\/#\/schema\/person\/image\/\"},\"description\":\"Journaliste et responsable des sites \\\"Les Outils du Web\\\". Le r\u00e9seau \\\"Les Outils du Web\\\"regroupe sept sites d'information en ligne autour des nouvelles technologies, de la veille, des outils collaboratifs, des tice, de l'ia et du Web2. Responsable du d\u00e9veloppement de l'\u00e9cole des m\u00e9tiers de l'information \u00e0 Paris. Coop\u00e9rative de formation, l'\u00e9mi est reconnue pour ses formations qui accompagnent la mutation num\u00e9rique au c\u0153ur des m\u00e9tiers et des organisations.\",\"sameAs\":[\"https:\/\/outilstice.com\",\"https:\/\/www.facebook.com\/lesoutilsweb\",\"https:\/\/www.instagram.com\/outilstice\/\",\"http:\/\/fr.linkedin.com\/in\/navamuel\/\",\"http:\/\/www.pinterest.com\/fideln\/\",\"https:\/\/x.com\/outilstice\"],\"gender\":\"homme\",\"jobTitle\":\"Journaliste\"}]}<\/script>\n<!-- \/ Yoast SEO Premium plugin. -->","yoast_head_json":{"title":"EducArte. Le meilleur d'Arte pour l'\u00e9ducation &#8211; Les Outils Tice","description":"EducARTE Une formidable ressource p\u00e9dagogique propos\u00e9e par ARTE pour le coll\u00e8ge et le lyc\u00e9e. C'est aussi un espace de cr\u00e9ation p\u00e9dagogique et d'\u00e9changes.","robots":{"index":"index","follow":"follow","max-snippet":"max-snippet:-1","max-image-preview":"max-image-preview:large","max-video-preview":"max-video-preview:-1"},"canonical":"https:\/\/outilstice.com\/es\/2022\/09\/educarte-le-meilleur-darte-pour-leducation\/","og_locale":"es_ES","og_type":"article","og_title":"EducArte. Le meilleur d'Arte pour l'\u00e9ducation","og_description":"Educ\u2019ARTE Une formidable ressource p\u00e9dagogique propos\u00e9e par ARTE pour le coll\u00e8ge et le lyc\u00e9e. C'est aussi un espace de cr\u00e9ation p\u00e9dagogique et d'\u00e9changes.","og_url":"https:\/\/outilstice.com\/es\/2022\/09\/educarte-le-meilleur-darte-pour-leducation\/","og_site_name":"Les Outils Tice","article_publisher":"https:\/\/www.facebook.com\/lesoutilsweb","article_author":"https:\/\/www.facebook.com\/lesoutilsweb","article_published_time":"2022-09-16T06:54:10+00:00","article_modified_time":"2022-12-24T07:21:00+00:00","og_image":[{"width":2072,"height":1166,"url":"https:\/\/outilstice.com\/wp-content\/uploads\/2022\/09\/arteducation.jpg","type":"image\/jpeg"}],"author":"Fidel Navamuel","twitter_card":"summary_large_image","twitter_description":"Educ\u2019ARTE est une formidable ressource p\u00e9dagogique en ligne propos\u00e9e par la cha\u00eene ARTE pour le coll\u00e8ge et le lyc\u00e9e. Lanc\u00e9e en janvier 2019, elle propose","twitter_creator":"@outilstice","twitter_site":"@outilstice","twitter_misc":{"Escrito por":"Fidel Navamuel","Tiempo de lectura":"5 minutos"},"schema":{"@context":"https:\/\/schema.org","@graph":[{"@type":["Article","BlogPosting"],"@id":"https:\/\/outilstice.com\/2022\/09\/educarte-le-meilleur-darte-pour-leducation\/#article","isPartOf":{"@id":"https:\/\/outilstice.com\/2022\/09\/educarte-le-meilleur-darte-pour-leducation\/"},"author":{"name":"Fidel Navamuel","@id":"https:\/\/outilstice.com\/#\/schema\/person\/ec4809142ef009f96b5af2c906a48cd0"},"headline":"EducArte. Le meilleur d&rsquo;Arte pour l&rsquo;\u00e9ducation","datePublished":"2022-09-16T06:54:10+00:00","dateModified":"2022-12-24T07:21:00+00:00","mainEntityOfPage":{"@id":"https:\/\/outilstice.com\/2022\/09\/educarte-le-meilleur-darte-pour-leducation\/"},"wordCount":940,"commentCount":4,"publisher":{"@id":"https:\/\/outilstice.com\/#\/schema\/person\/ec4809142ef009f96b5af2c906a48cd0"},"image":{"@id":"https:\/\/outilstice.com\/2022\/09\/educarte-le-meilleur-darte-pour-leducation\/#primaryimage"},"thumbnailUrl":"https:\/\/outilstice.com\/wp-content\/uploads\/2022\/09\/arteducation.jpg","keywords":["Vid\u00e9os"],"articleSection":["Ressources"],"inLanguage":"es","potentialAction":[{"@type":"CommentAction","name":"Comment","target":["https:\/\/outilstice.com\/2022\/09\/educarte-le-meilleur-darte-pour-leducation\/#respond"]}]},{"@type":"WebPage","@id":"https:\/\/outilstice.com\/2022\/09\/educarte-le-meilleur-darte-pour-leducation\/","url":"https:\/\/outilstice.com\/2022\/09\/educarte-le-meilleur-darte-pour-leducation\/","name":"EducArte. Le meilleur d'Arte pour l'\u00e9ducation &#8211; Les Outils Tice","isPartOf":{"@id":"https:\/\/outilstice.com\/#website"},"primaryImageOfPage":{"@id":"https:\/\/outilstice.com\/2022\/09\/educarte-le-meilleur-darte-pour-leducation\/#primaryimage"},"image":{"@id":"https:\/\/outilstice.com\/2022\/09\/educarte-le-meilleur-darte-pour-leducation\/#primaryimage"},"thumbnailUrl":"https:\/\/outilstice.com\/wp-content\/uploads\/2022\/09\/arteducation.jpg","datePublished":"2022-09-16T06:54:10+00:00","dateModified":"2022-12-24T07:21:00+00:00","description":"EducARTE Une formidable ressource p\u00e9dagogique propos\u00e9e par ARTE pour le coll\u00e8ge et le lyc\u00e9e. C'est aussi un espace de cr\u00e9ation p\u00e9dagogique et d'\u00e9changes.","breadcrumb":{"@id":"https:\/\/outilstice.com\/2022\/09\/educarte-le-meilleur-darte-pour-leducation\/#breadcrumb"},"inLanguage":"es","potentialAction":[{"@type":"ReadAction","target":["https:\/\/outilstice.com\/2022\/09\/educarte-le-meilleur-darte-pour-leducation\/"]}]},{"@type":"ImageObject","inLanguage":"es","@id":"https:\/\/outilstice.com\/2022\/09\/educarte-le-meilleur-darte-pour-leducation\/#primaryimage","url":"https:\/\/outilstice.com\/wp-content\/uploads\/2022\/09\/arteducation.jpg","contentUrl":"https:\/\/outilstice.com\/wp-content\/uploads\/2022\/09\/arteducation.jpg","width":1920,"height":1080,"caption":"Educarte"},{"@type":"BreadcrumbList","@id":"https:\/\/outilstice.com\/2022\/09\/educarte-le-meilleur-darte-pour-leducation\/#breadcrumb","itemListElement":[{"@type":"ListItem","position":1,"name":"Accueil","item":"https:\/\/outilstice.com\/"},{"@type":"ListItem","position":2,"name":"Ressources","item":"https:\/\/outilstice.com\/ressources\/"},{"@type":"ListItem","position":3,"name":"EducArte. Le meilleur d&#8217;Arte pour l&#8217;\u00e9ducation"}]},{"@type":"WebSite","@id":"https:\/\/outilstice.com\/#website","url":"https:\/\/outilstice.com\/","name":"Les Outils Tice","description":"L&#039;actualit\u00e9 des outils num\u00e9riques pour l&#039;\u00e9ducation","publisher":{"@id":"https:\/\/outilstice.com\/#\/schema\/person\/ec4809142ef009f96b5af2c906a48cd0"},"potentialAction":[{"@type":"SearchAction","target":{"@type":"EntryPoint","urlTemplate":"https:\/\/outilstice.com\/?s={search_term_string}"},"query-input":{"@type":"PropertyValueSpecification","valueRequired":true,"valueName":"search_term_string"}}],"inLanguage":"es"},{"@type":["Person","Organization"],"@id":"https:\/\/outilstice.com\/#\/schema\/person\/ec4809142ef009f96b5af2c906a48cd0","name":"Fidel Navamuel","image":{"@type":"ImageObject","inLanguage":"es","@id":"https:\/\/outilstice.com\/#\/schema\/person\/image\/","url":"https:\/\/outilstice.com\/wp-content\/uploads\/2014\/11\/fidel.jpg","contentUrl":"https:\/\/outilstice.com\/wp-content\/uploads\/2014\/11\/fidel.jpg","width":570,"height":428,"caption":"Fidel Navamuel"},"logo":{"@id":"https:\/\/outilstice.com\/#\/schema\/person\/image\/"},"description":"Journaliste et responsable des sites \"Les Outils du Web\". Le r\u00e9seau \"Les Outils du Web\"regroupe sept sites d'information en ligne autour des nouvelles technologies, de la veille, des outils collaboratifs, des tice, de l'ia et du Web2. Responsable du d\u00e9veloppement de l'\u00e9cole des m\u00e9tiers de l'information \u00e0 Paris. Coop\u00e9rative de formation, l'\u00e9mi est reconnue pour ses formations qui accompagnent la mutation num\u00e9rique au c\u0153ur des m\u00e9tiers et des organisations.","sameAs":["https:\/\/outilstice.com","https:\/\/www.facebook.com\/lesoutilsweb","https:\/\/www.instagram.com\/outilstice\/","http:\/\/fr.linkedin.com\/in\/navamuel\/","http:\/\/www.pinterest.com\/fideln\/","https:\/\/x.com\/outilstice"],"gender":"homme","jobTitle":"Journaliste"}]}},"modified_by":"Fidel Navamuel","_links":{"self":[{"href":"https:\/\/outilstice.com\/es\/wp-json\/wp\/v2\/posts\/10633"}],"collection":[{"href":"https:\/\/outilstice.com\/es\/wp-json\/wp\/v2\/posts"}],"about":[{"href":"https:\/\/outilstice.com\/es\/wp-json\/wp\/v2\/types\/post"}],"author":[{"embeddable":true,"href":"https:\/\/outilstice.com\/es\/wp-json\/wp\/v2\/users\/1"}],"replies":[{"embeddable":true,"href":"https:\/\/outilstice.com\/es\/wp-json\/wp\/v2\/comments?post=10633"}],"version-history":[{"count":0,"href":"https:\/\/outilstice.com\/es\/wp-json\/wp\/v2\/posts\/10633\/revisions"}],"wp:featuredmedia":[{"embeddable":true,"href":"https:\/\/outilstice.com\/es\/wp-json\/wp\/v2\/media\/10637"}],"wp:attachment":[{"href":"https:\/\/outilstice.com\/es\/wp-json\/wp\/v2\/media?parent=10633"}],"wp:term":[{"taxonomy":"category","embeddable":true,"href":"https:\/\/outilstice.com\/es\/wp-json\/wp\/v2\/categories?post=10633"},{"taxonomy":"post_tag","embeddable":true,"href":"https:\/\/outilstice.com\/es\/wp-json\/wp\/v2\/tags?post=10633"}],"curies":[{"name":"wp","href":"https:\/\/api.w.org\/{rel}","templated":true}]}}