{"id":10719,"date":"2022-10-05T14:02:04","date_gmt":"2022-10-05T12:02:04","guid":{"rendered":"https:\/\/outilstice.com\/?p=10719"},"modified":"2024-06-26T13:43:14","modified_gmt":"2024-06-26T11:43:14","slug":"anticipa-complementaire-sante-pour-les-agents-de-leducation-nationale","status":"publish","type":"post","link":"https:\/\/outilstice.com\/es\/2022\/10\/anticipa-complementaire-sante-pour-les-agents-de-leducation-nationale\/","title":{"rendered":"Reforma de la protecci\u00f3n social complementaria para los trabajadores nacionales de la educaci\u00f3n"},"content":{"rendered":"<div data-pm-slice=\"1 1 []\" data-en-clipboard=\"true\"><strong>Se mueve del lado de la salud complementaria<\/strong> para todos los funcionarios nacionales de educaci\u00f3n y educaci\u00f3n superior. El a\u00f1o escolar que comienza ser\u00e1 un a\u00f1o de transici\u00f3n con los primeros efectos reales de las reformas en curso.<\/div>\n<div><\/div>\n<div>Desde el 1 de enero de 2022, parte de las cotizaciones complementarias al seguro de enfermedad han sido <a href=\"https:\/\/www.education.gouv.fr\/la-protection-sociale-complementaire-pour-les-personnels-de-l-education-nationale-de-la-jeunesse-et-325214\" rev=\"en_rl_none\" target=\"_blank\">reembolsado por el Estado<\/a> 15 euros al mes. Esto no ha terminado, los funcionarios del Estado, es decir, 2,5 millones de personas, se beneficiar\u00e1n, a partir del 1 de enero de 2024 y, a m\u00e1s tardar, a partir del 1 de enero de 2026, de:<b>una cobertura de al menos la mitad de sus contribuciones<\/b> atenci\u00f3n sanitaria complementaria, que ahora ser\u00e1 obligatoria.<\/div>\n<div><\/div>\n<div><img loading=\"lazy\" decoding=\"async\" class=\"aligncenter size-large wp-image-10720\" src=\"https:\/\/outilstice.com\/wp-content\/uploads\/2022\/10\/Anticipa-1024x683.jpg\" alt=\"Anticipa\" width=\"720\" height=\"480\" srcset=\"https:\/\/outilstice.com\/wp-content\/uploads\/2022\/10\/Anticipa-1024x683.jpg 1024w, https:\/\/outilstice.com\/wp-content\/uploads\/2022\/10\/Anticipa-300x200.jpg 300w, https:\/\/outilstice.com\/wp-content\/uploads\/2022\/10\/Anticipa-768x512.jpg 768w, https:\/\/outilstice.com\/wp-content\/uploads\/2022\/10\/Anticipa-1536x1024.jpg 1536w, https:\/\/outilstice.com\/wp-content\/uploads\/2022\/10\/Anticipa.jpg 1900w\" sizes=\"(max-width: 720px) 100vw, 720px\" \/><\/div>\n<div data-pm-slice=\"1 1 []\" data-en-clipboard=\"true\"><\/div>\n<div data-pm-slice=\"1 1 []\" data-en-clipboard=\"true\">\n<div data-pm-slice=\"1 1 []\" data-en-clipboard=\"true\">Lo que cambia es la facilidad de rescindir un contrato sin ninguna tarifa o penalizaci\u00f3n.<\/div>\n<div>Ahora se puede solicitar la rescisi\u00f3n <strong>en cualquier momento<\/strong> despu\u00e9s de 1 a\u00f1o de antig\u00fcedad. Mientras que anteriormente el procedimiento era r\u00edgido, ahora puede rescindir un contrato durante el a\u00f1o. El tiempo de procesamiento de su solicitud es de un mes e incluso puede instruir a su futura aseguradora para que tome las medidas por usted, como es el caso de los operadores m\u00f3viles.<\/div>\n<div><\/div>\n<div>Esta flexibilidad de terminaci\u00f3n es un verdadero paso adelante. <b>Ser capaz de cambiar f\u00e1cilmente, te permite elegir sin miedo. <\/b>La elecci\u00f3n de su maestro de salud mutua o de salud complementaria le pertenece a usted. Depende de ti.<\/div>\n<\/div>\n<div>\n<p>Desde 2018, su ministerio le ha dado la oportunidad de elegir un suplemento de salud de una lista de actores enumerados para ofrecerle m\u00e1s y m\u00e1s opciones.<\/p>\n<\/div>\n<div>\n<div id=\"ez-toc-container\" class=\"ez-toc-v2_0_77 counter-hierarchy ez-toc-counter ez-toc-light-blue ez-toc-container-direction\">\n<p class=\"ez-toc-title\" style=\"cursor:inherit\">Tabla de Contenidos<\/p>\n<label for=\"ez-toc-cssicon-toggle-item-69f550ea5e4b9\" class=\"ez-toc-cssicon-toggle-label\"><span class=\"\"><span class=\"eztoc-hide\" style=\"display:none;\">alternar<\/span><span class=\"ez-toc-icon-toggle-span\"><svg style=\"fill: #999;color:#999\" xmlns=\"http:\/\/www.w3.org\/2000\/svg\" class=\"list-377408\" width=\"20px\" height=\"20px\" viewbox=\"0 0 24 24\" fill=\"none\"><path d=\"M6 6H4v2h2V6zm14 0H8v2h12V6zM4 11h2v2H4v-2zm16 0H8v2h12v-2zM4 16h2v2H4v-2zm16 0H8v2h12v-2z\" fill=\"currentColor\"><\/path><\/svg><svg style=\"fill: #999;color:#999\" class=\"arrow-unsorted-368013\" xmlns=\"http:\/\/www.w3.org\/2000\/svg\" width=\"10px\" height=\"10px\" viewbox=\"0 0 24 24\" version=\"1.2\" baseprofile=\"tiny\"><path d=\"M18.2 9.3l-6.2-6.3-6.2 6.3c-.2.2-.3.4-.3.7s.1.5.3.7c.2.2.4.3.7.3h11c.3 0 .5-.1.7-.3.2-.2.3-.5.3-.7s-.1-.5-.3-.7zM5.8 14.7l6.2 6.3 6.2-6.3c.2-.2.3-.5.3-.7s-.1-.5-.3-.7c-.2-.2-.4-.3-.7-.3h-11c-.3 0-.5.1-.7.3-.2.2-.3.5-.3.7s.1.5.3.7z\"\/><\/svg><\/span><\/span><\/label><input type=\"checkbox\"  id=\"ez-toc-cssicon-toggle-item-69f550ea5e4b9\"  aria-label=\"Alternador\" \/><nav><ul class='ez-toc-list ez-toc-list-level-1' ><li class='ez-toc-page-1 ez-toc-heading-level-2'><a class=\"ez-toc-link ez-toc-heading-1\" href=\"https:\/\/outilstice.com\/es\/2022\/10\/anticipa-complementaire-sante-pour-les-agents-de-leducation-nationale\/#Complementaire_sante_pour_les_enseignants_de_quoi_parle-t-on\" >Salud complementaria para los docentes \u00bfde qu\u00e9 estamos hablando?<\/a><\/li><li class='ez-toc-page-1 ez-toc-heading-level-2'><a class=\"ez-toc-link ez-toc-heading-2\" href=\"https:\/\/outilstice.com\/es\/2022\/10\/anticipa-complementaire-sante-pour-les-agents-de-leducation-nationale\/#Quelle_complementaire_sante_et_prevoyance_choisir_quand_on_est_enseignant_Focus_sur_Anticipa_de_CNP_assurances\" >\u00bfQu\u00e9 salud complementaria y previsi\u00f3n elegir cuando eres profesor? Enfoque en las garant\u00edas de la Anticipa de CNP<\/a><\/li><li class='ez-toc-page-1 ez-toc-heading-level-2'><a class=\"ez-toc-link ez-toc-heading-3\" href=\"https:\/\/outilstice.com\/es\/2022\/10\/anticipa-complementaire-sante-pour-les-agents-de-leducation-nationale\/#Quelles_sont_les_garanties_du_contrat_ANTICIPA\" >\u00bfCu\u00e1les son las garant\u00edas del contrato ANTICIPA?<\/a><\/li><li class='ez-toc-page-1 ez-toc-heading-level-2'><a class=\"ez-toc-link ez-toc-heading-4\" href=\"https:\/\/outilstice.com\/es\/2022\/10\/anticipa-complementaire-sante-pour-les-agents-de-leducation-nationale\/#A_vous_de_choisir_le_meilleur%E2%80%A6_pour_votre_sante\" >Depende de usted elegir el mejor \u2026 para su salud<\/a><\/li><\/ul><\/nav><\/div>\n<h2 data-pm-slice=\"1 1 []\" data-en-clipboard=\"true\"><span class=\"ez-toc-section\" id=\"Complementaire_sante_pour_les_enseignants_de_quoi_parle-t-on\"><\/span>Salud complementaria para los docentes \u00bfde qu\u00e9 estamos hablando?<span class=\"ez-toc-section-end\"><\/span><\/h2>\n<div>Por el momento, no es obligatorio suscribirse a un plan de seguro de salud mutuo adem\u00e1s de su plan de seguro de salud obligatorio si su empleador es el Estado. Por ahora, porque eso cambiar\u00e1. Adem\u00e1s, como es bien sabido, algunas partidas de gasto (\u00f3ptica, dental, hospitalizaci\u00f3n \u2026). Otros simplemente no reciben ning\u00fan apoyo, como las medicinas alternativas, por ejemplo. Y eso no va a funcionar. <b>Una buena salud complementaria es esencial para no tener que renunciar a la atenci\u00f3n, porque no es posible financiarla.<\/b><\/div>\n<div><\/div>\n<div>Este suplemento de salud tendr\u00e1 como objetivo, al igual que para los empleados del sector privado, cubrir parte o la totalidad de sus gastos de atenci\u00f3n m\u00e9dica. Este es tambi\u00e9n el caso de su cobertura de pensi\u00f3n b\u00e1sica, que es insuficiente para mantener su nivel de vida y el de su familia en caso de interrupci\u00f3n del trabajo, invalidez o fallecimiento.<\/div>\n<\/div>\n<div>\n<h2 data-pm-slice=\"1 1 []\" data-en-clipboard=\"true\"><span class=\"ez-toc-section\" id=\"Quelle_complementaire_sante_et_prevoyance_choisir_quand_on_est_enseignant_Focus_sur_Anticipa_de_CNP_assurances\"><\/span>\u00bfQu\u00e9 salud complementaria y previsi\u00f3n elegir cuando eres profesor? Enfoque en las garant\u00edas de la Anticipa de CNP<span class=\"ez-toc-section-end\"><\/span><\/h2>\n<div>Anticipa de CNP assurances tiene la ventaja de ofrecer una oferta complementaria de salud y pensiones. Con sus tres niveles de garant\u00eda podr\u00e1s elegir la f\u00f3rmula que corresponda a tus necesidades para la cobertura de tus gastos de salud, y tu protecci\u00f3n as\u00ed como la de tus seres queridos en caso de paro laboral, discapacidad o fallecimiento.<\/div>\n<div><\/div>\n<\/div>\n<div><img loading=\"lazy\" decoding=\"async\" class=\"aligncenter size-full wp-image-10721\" src=\"https:\/\/outilstice.com\/wp-content\/uploads\/2022\/10\/cnp_assurances.jpeg\" alt=\"CNP Seguros\" width=\"1011\" height=\"509\" srcset=\"https:\/\/outilstice.com\/wp-content\/uploads\/2022\/10\/cnp_assurances.jpeg 1011w, https:\/\/outilstice.com\/wp-content\/uploads\/2022\/10\/cnp_assurances-300x151.jpeg 300w, https:\/\/outilstice.com\/wp-content\/uploads\/2022\/10\/cnp_assurances-768x387.jpeg 768w\" sizes=\"(max-width: 1011px) 100vw, 1011px\" \/><\/div>\n<div><\/div>\n<div>\n<div data-pm-slice=\"1 1 []\" data-en-clipboard=\"true\">CNP Assurances ha sido incluido en la lista por el Ministerio y ha sido uno de los principales actores en la protecci\u00f3n social en Francia durante casi 160 a\u00f1os. Un actor en la esfera p\u00fablica se celebr\u00f3 en 100% por el Banque Postale. Por ejemplo, es responsable de un gran n\u00famero de autoridades locales. Un actor de confianza.<\/div>\n<div><\/div>\n<h2><span class=\"ez-toc-section\" id=\"Quelles_sont_les_garanties_du_contrat_ANTICIPA\"><\/span>\u00bfCu\u00e1les son las garant\u00edas del contrato ANTICIPA?<span class=\"ez-toc-section-end\"><\/span><\/h2>\n<div><\/div>\n<div>ANTICIPA es una oferta moderna y modular que se adaptar\u00e1 a su presupuesto y necesidades. Fue dise\u00f1ado para cubrir todos los costos de atenci\u00f3n m\u00e9dica y riesgos para la vida. ANTICIPA, est\u00e1 especialmente dise\u00f1ada para satisfacer las necesidades de los docentes y brindar cobertura de salud adaptada a cada uno.<\/div>\n<div><\/div>\n<div>Esto incluye las principales partidas habituales de salud y gastos, audiolog\u00eda, \u00f3ptica, odontolog\u00eda, hospitalizaciones, pero tambi\u00e9n cuidados m\u00e1s espec\u00edficos, como la medicina alternativa o el apoyo psicol\u00f3gico y la escucha.<\/div>\n<div><\/div>\n<div>Para las pensiones, el contrato le garantiza, entre otras cosas, un nivel de ingresos suficiente en caso de interrupci\u00f3n temporal del trabajo o invalidez y en caso de fallecimiento.<\/div>\n<div>Consultar el<a href=\"https:\/\/anticipa.cnp.fr\/?pk_campaign=article_OutilsTice&amp;pk_content=art_sept2022&amp;pk_source=OutilsTice&amp;pk_medium=article\" rev=\"en_rl_none\" target=\"_blank\">Todas las garant\u00edas de ANTICIPA aqu\u00ed<\/a>.<\/div>\n<div><\/div>\n<div>Agreguemos que esta soluci\u00f3n de protecci\u00f3n completa de CNP Assurances es una oferta 100 % digital. Todos los pasos se pueden hacer sin tener que mudarse, r\u00e1pidamente hacer un presupuesto en casa, simular sus reembolsos, pedir a un asesor que le recuerde \u2026<\/div>\n<div><\/div>\n<h2><span class=\"ez-toc-section\" id=\"A_vous_de_choisir_le_meilleur%E2%80%A6_pour_votre_sante\"><\/span>Depende de usted elegir el mejor \u2026 para su salud<span class=\"ez-toc-section-end\"><\/span><\/h2>\n<div>No hagas una elecci\u00f3n predeterminada. La reforma de la protecci\u00f3n social complementaria que se est\u00e1 llevando a cabo es una oportunidad para reflexionar sobre sus necesidades actuales, sus necesidades futuras y los riesgos de la vida.<\/div>\n<div>Naturaleza y calidad de las garant\u00edas, tarifas, acompa\u00f1amiento, vale la pena tomarse un tiempo para comparar y para \u2026choisir.<\/div>\n<\/div>\n<div><\/div>\n<div><img loading=\"lazy\" decoding=\"async\" class=\"aligncenter size-large wp-image-10722\" src=\"https:\/\/outilstice.com\/wp-content\/uploads\/2022\/10\/Anticipa_Cnp-1024x682.jpeg\" alt=\"Anticipa _CNP\" width=\"720\" height=\"480\" srcset=\"https:\/\/outilstice.com\/wp-content\/uploads\/2022\/10\/Anticipa_Cnp-1024x682.jpeg 1024w, https:\/\/outilstice.com\/wp-content\/uploads\/2022\/10\/Anticipa_Cnp-300x200.jpeg 300w, https:\/\/outilstice.com\/wp-content\/uploads\/2022\/10\/Anticipa_Cnp-768x512.jpeg 768w, https:\/\/outilstice.com\/wp-content\/uploads\/2022\/10\/Anticipa_Cnp-1536x1023.jpeg 1536w, https:\/\/outilstice.com\/wp-content\/uploads\/2022\/10\/Anticipa_Cnp.jpeg 1900w\" sizes=\"(max-width: 720px) 100vw, 720px\" \/><\/div>\n<div><\/div>\n<div>\n<div data-pm-slice=\"1 1 []\" data-en-clipboard=\"true\"><b>ANTICIPA de CNP Assurances se presenta como una alternativa seria para sus necesidades de salud y pensiones.<\/b><\/div>\n<div><\/div>\n<div>ANTICIPA fue dise\u00f1ado para el personal activo o jubilado y sus familias de los Ministerios de Educaci\u00f3n Nacional, Educaci\u00f3n Superior, Investigaci\u00f3n e Innovaci\u00f3n, Cultura, Juventud y Deportes. Averigua aqu\u00ed \ud83d\udc49 <b><a href=\"https:\/\/anticipa.cnp.fr\/?pk_campaign=article_OutilsTice&amp;pk_content=art_sept2022&amp;pk_source=OutilsTice&amp;pk_medium=article\" rev=\"en_rl_none\" target=\"_blank\">Toda la informaci\u00f3n sobre la licitaci\u00f3n ANTICIPA<\/a><\/b>.<\/div>\n<div><\/div>\n<\/div>\n<div><\/div>\n<div style=\"text-align: right;\"><em>Este art\u00edculo es el resultado de una asociaci\u00f3n con CNP Assurances<\/em><\/div>","protected":false},"excerpt":{"rendered":"<p>Esto se est\u00e1 moviendo en la direcci\u00f3n de la atenci\u00f3n m\u00e9dica complementaria para todo el personal nacional de educaci\u00f3n y educaci\u00f3n superior. El a\u00f1o escolar que comienza ser\u00e1 un a\u00f1o de transici\u00f3n con los primeros efectos reales de las reformas...<\/p>","protected":false},"author":1,"featured_media":10721,"comment_status":"open","ping_status":"open","sticky":false,"template":"","format":"standard","meta":{"content-type":"","_lmt_disableupdate":"no","_lmt_disable":"no","footnotes":""},"categories":[7182],"tags":[102],"yoast_head":"<!-- This site is optimized with the Yoast SEO Premium plugin v20.4 (Yoast SEO v23.4) - https:\/\/yoast.com\/wordpress\/plugins\/seo\/ -->\n<title>R\u00e9forme de la protection sociale compl\u00e9mentaire des agents de l&#039;\u00e9ducation nationale &#8211; Les Outils Tice<\/title>\n<meta name=\"description\" content=\"Cela bouge du c\u00f4t\u00e9 des compl\u00e9mentaires sant\u00e9 pour tous les agents de l&#039;\u00c9ducation Nationale et de l&#039;Enseignement Sup\u00e9rieur. Focus sur Anticipa de CNP assurances\" \/>\n<meta name=\"robots\" content=\"index, follow, max-snippet:-1, max-image-preview:large, max-video-preview:-1\" \/>\n<link rel=\"canonical\" href=\"https:\/\/outilstice.com\/es\/2022\/10\/anticipa-complementaire-sante-pour-les-agents-de-leducation-nationale\/\" \/>\n<meta property=\"og:locale\" content=\"es_ES\" \/>\n<meta property=\"og:type\" content=\"article\" \/>\n<meta property=\"og:title\" content=\"R\u00e9forme de la protection sociale compl\u00e9mentaire des agents de l&#039;\u00e9ducation nationale\" \/>\n<meta property=\"og:description\" content=\"Cela bouge du c\u00f4t\u00e9 des compl\u00e9mentaires sant\u00e9 pour tous les agents de l&#039;\u00c9ducation Nationale et de l&#039;Enseignement Sup\u00e9rieur. L&#039;ann\u00e9e scolaire qui commence\" \/>\n<meta property=\"og:url\" content=\"https:\/\/outilstice.com\/es\/2022\/10\/anticipa-complementaire-sante-pour-les-agents-de-leducation-nationale\/\" \/>\n<meta property=\"og:site_name\" content=\"Les Outils Tice\" \/>\n<meta property=\"article:publisher\" content=\"https:\/\/www.facebook.com\/lesoutilsweb\" \/>\n<meta property=\"article:author\" content=\"https:\/\/www.facebook.com\/lesoutilsweb\" \/>\n<meta property=\"article:published_time\" content=\"2022-10-05T12:02:04+00:00\" \/>\n<meta property=\"article:modified_time\" content=\"2024-06-26T11:43:14+00:00\" \/>\n<meta property=\"og:image\" content=\"https:\/\/outilstice.com\/wp-content\/uploads\/2022\/10\/cnp_assurances.jpeg\" \/>\n\t<meta property=\"og:image:width\" content=\"1011\" \/>\n\t<meta property=\"og:image:height\" content=\"509\" \/>\n\t<meta property=\"og:image:type\" content=\"image\/jpeg\" \/>\n<meta name=\"author\" content=\"Fidel Navamuel\" \/>\n<meta name=\"twitter:card\" content=\"summary_large_image\" \/>\n<meta name=\"twitter:creator\" content=\"@outilstice\" \/>\n<meta name=\"twitter:site\" content=\"@outilstice\" \/>\n<meta name=\"twitter:label1\" content=\"Escrito por\" \/>\n\t<meta name=\"twitter:data1\" content=\"Fidel Navamuel\" \/>\n\t<meta name=\"twitter:label2\" content=\"Tiempo de lectura\" \/>\n\t<meta name=\"twitter:data2\" content=\"5 minutos\" \/>\n<script type=\"application\/ld+json\" class=\"yoast-schema-graph\">{\"@context\":\"https:\/\/schema.org\",\"@graph\":[{\"@type\":[\"Article\",\"BlogPosting\"],\"@id\":\"https:\/\/outilstice.com\/2022\/10\/anticipa-complementaire-sante-pour-les-agents-de-leducation-nationale\/#article\",\"isPartOf\":{\"@id\":\"https:\/\/outilstice.com\/2022\/10\/anticipa-complementaire-sante-pour-les-agents-de-leducation-nationale\/\"},\"author\":{\"name\":\"Fidel Navamuel\",\"@id\":\"https:\/\/outilstice.com\/#\/schema\/person\/ec4809142ef009f96b5af2c906a48cd0\"},\"headline\":\"R\u00e9forme de la protection sociale compl\u00e9mentaire des agents de l&rsquo;\u00e9ducation nationale\",\"datePublished\":\"2022-10-05T12:02:04+00:00\",\"dateModified\":\"2024-06-26T11:43:14+00:00\",\"mainEntityOfPage\":{\"@id\":\"https:\/\/outilstice.com\/2022\/10\/anticipa-complementaire-sante-pour-les-agents-de-leducation-nationale\/\"},\"wordCount\":932,\"commentCount\":0,\"publisher\":{\"@id\":\"https:\/\/outilstice.com\/#\/schema\/person\/ec4809142ef009f96b5af2c906a48cd0\"},\"image\":{\"@id\":\"https:\/\/outilstice.com\/2022\/10\/anticipa-complementaire-sante-pour-les-agents-de-leducation-nationale\/#primaryimage\"},\"thumbnailUrl\":\"https:\/\/outilstice.com\/wp-content\/uploads\/2022\/10\/cnp_assurances.jpeg\",\"keywords\":[\"M\u00e9tier\"],\"articleSection\":[\"Communiqu\u00e9s\"],\"inLanguage\":\"es\",\"potentialAction\":[{\"@type\":\"CommentAction\",\"name\":\"Comment\",\"target\":[\"https:\/\/outilstice.com\/2022\/10\/anticipa-complementaire-sante-pour-les-agents-de-leducation-nationale\/#respond\"]}]},{\"@type\":\"WebPage\",\"@id\":\"https:\/\/outilstice.com\/2022\/10\/anticipa-complementaire-sante-pour-les-agents-de-leducation-nationale\/\",\"url\":\"https:\/\/outilstice.com\/2022\/10\/anticipa-complementaire-sante-pour-les-agents-de-leducation-nationale\/\",\"name\":\"R\u00e9forme de la protection sociale compl\u00e9mentaire des agents de l'\u00e9ducation nationale &#8211; Les Outils Tice\",\"isPartOf\":{\"@id\":\"https:\/\/outilstice.com\/#website\"},\"primaryImageOfPage\":{\"@id\":\"https:\/\/outilstice.com\/2022\/10\/anticipa-complementaire-sante-pour-les-agents-de-leducation-nationale\/#primaryimage\"},\"image\":{\"@id\":\"https:\/\/outilstice.com\/2022\/10\/anticipa-complementaire-sante-pour-les-agents-de-leducation-nationale\/#primaryimage\"},\"thumbnailUrl\":\"https:\/\/outilstice.com\/wp-content\/uploads\/2022\/10\/cnp_assurances.jpeg\",\"datePublished\":\"2022-10-05T12:02:04+00:00\",\"dateModified\":\"2024-06-26T11:43:14+00:00\",\"description\":\"Cela bouge du c\u00f4t\u00e9 des compl\u00e9mentaires sant\u00e9 pour tous les agents de l'\u00c9ducation Nationale et de l'Enseignement Sup\u00e9rieur. Focus sur Anticipa de CNP assurances\",\"breadcrumb\":{\"@id\":\"https:\/\/outilstice.com\/2022\/10\/anticipa-complementaire-sante-pour-les-agents-de-leducation-nationale\/#breadcrumb\"},\"inLanguage\":\"es\",\"potentialAction\":[{\"@type\":\"ReadAction\",\"target\":[\"https:\/\/outilstice.com\/2022\/10\/anticipa-complementaire-sante-pour-les-agents-de-leducation-nationale\/\"]}]},{\"@type\":\"ImageObject\",\"inLanguage\":\"es\",\"@id\":\"https:\/\/outilstice.com\/2022\/10\/anticipa-complementaire-sante-pour-les-agents-de-leducation-nationale\/#primaryimage\",\"url\":\"https:\/\/outilstice.com\/wp-content\/uploads\/2022\/10\/cnp_assurances.jpeg\",\"contentUrl\":\"https:\/\/outilstice.com\/wp-content\/uploads\/2022\/10\/cnp_assurances.jpeg\",\"width\":1011,\"height\":509,\"caption\":\"CNP assurances\"},{\"@type\":\"BreadcrumbList\",\"@id\":\"https:\/\/outilstice.com\/2022\/10\/anticipa-complementaire-sante-pour-les-agents-de-leducation-nationale\/#breadcrumb\",\"itemListElement\":[{\"@type\":\"ListItem\",\"position\":1,\"name\":\"Accueil\",\"item\":\"https:\/\/outilstice.com\/\"},{\"@type\":\"ListItem\",\"position\":2,\"name\":\"Communiqu\u00e9s\",\"item\":\"https:\/\/outilstice.com\/communiques\/\"},{\"@type\":\"ListItem\",\"position\":3,\"name\":\"R\u00e9forme de la protection sociale compl\u00e9mentaire des agents de l&#8217;\u00e9ducation nationale\"}]},{\"@type\":\"WebSite\",\"@id\":\"https:\/\/outilstice.com\/#website\",\"url\":\"https:\/\/outilstice.com\/\",\"name\":\"Les Outils Tice\",\"description\":\"L&#039;actualit\u00e9 des outils num\u00e9riques pour l&#039;\u00e9ducation\",\"publisher\":{\"@id\":\"https:\/\/outilstice.com\/#\/schema\/person\/ec4809142ef009f96b5af2c906a48cd0\"},\"potentialAction\":[{\"@type\":\"SearchAction\",\"target\":{\"@type\":\"EntryPoint\",\"urlTemplate\":\"https:\/\/outilstice.com\/?s={search_term_string}\"},\"query-input\":{\"@type\":\"PropertyValueSpecification\",\"valueRequired\":true,\"valueName\":\"search_term_string\"}}],\"inLanguage\":\"es\"},{\"@type\":[\"Person\",\"Organization\"],\"@id\":\"https:\/\/outilstice.com\/#\/schema\/person\/ec4809142ef009f96b5af2c906a48cd0\",\"name\":\"Fidel Navamuel\",\"image\":{\"@type\":\"ImageObject\",\"inLanguage\":\"es\",\"@id\":\"https:\/\/outilstice.com\/#\/schema\/person\/image\/\",\"url\":\"https:\/\/outilstice.com\/wp-content\/uploads\/2014\/11\/fidel.jpg\",\"contentUrl\":\"https:\/\/outilstice.com\/wp-content\/uploads\/2014\/11\/fidel.jpg\",\"width\":570,\"height\":428,\"caption\":\"Fidel Navamuel\"},\"logo\":{\"@id\":\"https:\/\/outilstice.com\/#\/schema\/person\/image\/\"},\"description\":\"Journaliste et responsable des sites \\\"Les Outils du Web\\\". Le r\u00e9seau \\\"Les Outils du Web\\\"regroupe sept sites d'information en ligne autour des nouvelles technologies, de la veille, des outils collaboratifs, des tice, de l'ia et du Web2. Responsable du d\u00e9veloppement de l'\u00e9cole des m\u00e9tiers de l'information \u00e0 Paris. Coop\u00e9rative de formation, l'\u00e9mi est reconnue pour ses formations qui accompagnent la mutation num\u00e9rique au c\u0153ur des m\u00e9tiers et des organisations.\",\"sameAs\":[\"https:\/\/outilstice.com\",\"https:\/\/www.facebook.com\/lesoutilsweb\",\"https:\/\/www.instagram.com\/outilstice\/\",\"http:\/\/fr.linkedin.com\/in\/navamuel\/\",\"http:\/\/www.pinterest.com\/fideln\/\",\"https:\/\/x.com\/outilstice\"],\"gender\":\"homme\",\"jobTitle\":\"Journaliste\"}]}<\/script>\n<!-- \/ Yoast SEO Premium plugin. -->","yoast_head_json":{"title":"R\u00e9forme de la protection sociale compl\u00e9mentaire des agents de l'\u00e9ducation nationale &#8211; Les Outils Tice","description":"Cela bouge du c\u00f4t\u00e9 des compl\u00e9mentaires sant\u00e9 pour tous les agents de l'\u00c9ducation Nationale et de l'Enseignement Sup\u00e9rieur. Focus sur Anticipa de CNP assurances","robots":{"index":"index","follow":"follow","max-snippet":"max-snippet:-1","max-image-preview":"max-image-preview:large","max-video-preview":"max-video-preview:-1"},"canonical":"https:\/\/outilstice.com\/es\/2022\/10\/anticipa-complementaire-sante-pour-les-agents-de-leducation-nationale\/","og_locale":"es_ES","og_type":"article","og_title":"R\u00e9forme de la protection sociale compl\u00e9mentaire des agents de l'\u00e9ducation nationale","og_description":"Cela bouge du c\u00f4t\u00e9 des compl\u00e9mentaires sant\u00e9 pour tous les agents de l'\u00c9ducation Nationale et de l'Enseignement Sup\u00e9rieur. L'ann\u00e9e scolaire qui commence","og_url":"https:\/\/outilstice.com\/es\/2022\/10\/anticipa-complementaire-sante-pour-les-agents-de-leducation-nationale\/","og_site_name":"Les Outils Tice","article_publisher":"https:\/\/www.facebook.com\/lesoutilsweb","article_author":"https:\/\/www.facebook.com\/lesoutilsweb","article_published_time":"2022-10-05T12:02:04+00:00","article_modified_time":"2024-06-26T11:43:14+00:00","og_image":[{"width":1011,"height":509,"url":"https:\/\/outilstice.com\/wp-content\/uploads\/2022\/10\/cnp_assurances.jpeg","type":"image\/jpeg"}],"author":"Fidel Navamuel","twitter_card":"summary_large_image","twitter_creator":"@outilstice","twitter_site":"@outilstice","twitter_misc":{"Escrito por":"Fidel Navamuel","Tiempo de lectura":"5 minutos"},"schema":{"@context":"https:\/\/schema.org","@graph":[{"@type":["Article","BlogPosting"],"@id":"https:\/\/outilstice.com\/2022\/10\/anticipa-complementaire-sante-pour-les-agents-de-leducation-nationale\/#article","isPartOf":{"@id":"https:\/\/outilstice.com\/2022\/10\/anticipa-complementaire-sante-pour-les-agents-de-leducation-nationale\/"},"author":{"name":"Fidel Navamuel","@id":"https:\/\/outilstice.com\/#\/schema\/person\/ec4809142ef009f96b5af2c906a48cd0"},"headline":"R\u00e9forme de la protection sociale compl\u00e9mentaire des agents de l&rsquo;\u00e9ducation nationale","datePublished":"2022-10-05T12:02:04+00:00","dateModified":"2024-06-26T11:43:14+00:00","mainEntityOfPage":{"@id":"https:\/\/outilstice.com\/2022\/10\/anticipa-complementaire-sante-pour-les-agents-de-leducation-nationale\/"},"wordCount":932,"commentCount":0,"publisher":{"@id":"https:\/\/outilstice.com\/#\/schema\/person\/ec4809142ef009f96b5af2c906a48cd0"},"image":{"@id":"https:\/\/outilstice.com\/2022\/10\/anticipa-complementaire-sante-pour-les-agents-de-leducation-nationale\/#primaryimage"},"thumbnailUrl":"https:\/\/outilstice.com\/wp-content\/uploads\/2022\/10\/cnp_assurances.jpeg","keywords":["M\u00e9tier"],"articleSection":["Communiqu\u00e9s"],"inLanguage":"es","potentialAction":[{"@type":"CommentAction","name":"Comment","target":["https:\/\/outilstice.com\/2022\/10\/anticipa-complementaire-sante-pour-les-agents-de-leducation-nationale\/#respond"]}]},{"@type":"WebPage","@id":"https:\/\/outilstice.com\/2022\/10\/anticipa-complementaire-sante-pour-les-agents-de-leducation-nationale\/","url":"https:\/\/outilstice.com\/2022\/10\/anticipa-complementaire-sante-pour-les-agents-de-leducation-nationale\/","name":"R\u00e9forme de la protection sociale compl\u00e9mentaire des agents de l'\u00e9ducation nationale &#8211; Les Outils Tice","isPartOf":{"@id":"https:\/\/outilstice.com\/#website"},"primaryImageOfPage":{"@id":"https:\/\/outilstice.com\/2022\/10\/anticipa-complementaire-sante-pour-les-agents-de-leducation-nationale\/#primaryimage"},"image":{"@id":"https:\/\/outilstice.com\/2022\/10\/anticipa-complementaire-sante-pour-les-agents-de-leducation-nationale\/#primaryimage"},"thumbnailUrl":"https:\/\/outilstice.com\/wp-content\/uploads\/2022\/10\/cnp_assurances.jpeg","datePublished":"2022-10-05T12:02:04+00:00","dateModified":"2024-06-26T11:43:14+00:00","description":"Cela bouge du c\u00f4t\u00e9 des compl\u00e9mentaires sant\u00e9 pour tous les agents de l'\u00c9ducation Nationale et de l'Enseignement Sup\u00e9rieur. Focus sur Anticipa de CNP assurances","breadcrumb":{"@id":"https:\/\/outilstice.com\/2022\/10\/anticipa-complementaire-sante-pour-les-agents-de-leducation-nationale\/#breadcrumb"},"inLanguage":"es","potentialAction":[{"@type":"ReadAction","target":["https:\/\/outilstice.com\/2022\/10\/anticipa-complementaire-sante-pour-les-agents-de-leducation-nationale\/"]}]},{"@type":"ImageObject","inLanguage":"es","@id":"https:\/\/outilstice.com\/2022\/10\/anticipa-complementaire-sante-pour-les-agents-de-leducation-nationale\/#primaryimage","url":"https:\/\/outilstice.com\/wp-content\/uploads\/2022\/10\/cnp_assurances.jpeg","contentUrl":"https:\/\/outilstice.com\/wp-content\/uploads\/2022\/10\/cnp_assurances.jpeg","width":1011,"height":509,"caption":"CNP assurances"},{"@type":"BreadcrumbList","@id":"https:\/\/outilstice.com\/2022\/10\/anticipa-complementaire-sante-pour-les-agents-de-leducation-nationale\/#breadcrumb","itemListElement":[{"@type":"ListItem","position":1,"name":"Accueil","item":"https:\/\/outilstice.com\/"},{"@type":"ListItem","position":2,"name":"Communiqu\u00e9s","item":"https:\/\/outilstice.com\/communiques\/"},{"@type":"ListItem","position":3,"name":"R\u00e9forme de la protection sociale compl\u00e9mentaire des agents de l&#8217;\u00e9ducation nationale"}]},{"@type":"WebSite","@id":"https:\/\/outilstice.com\/#website","url":"https:\/\/outilstice.com\/","name":"Les Outils Tice","description":"L&#039;actualit\u00e9 des outils num\u00e9riques pour l&#039;\u00e9ducation","publisher":{"@id":"https:\/\/outilstice.com\/#\/schema\/person\/ec4809142ef009f96b5af2c906a48cd0"},"potentialAction":[{"@type":"SearchAction","target":{"@type":"EntryPoint","urlTemplate":"https:\/\/outilstice.com\/?s={search_term_string}"},"query-input":{"@type":"PropertyValueSpecification","valueRequired":true,"valueName":"search_term_string"}}],"inLanguage":"es"},{"@type":["Person","Organization"],"@id":"https:\/\/outilstice.com\/#\/schema\/person\/ec4809142ef009f96b5af2c906a48cd0","name":"Fidel Navamuel","image":{"@type":"ImageObject","inLanguage":"es","@id":"https:\/\/outilstice.com\/#\/schema\/person\/image\/","url":"https:\/\/outilstice.com\/wp-content\/uploads\/2014\/11\/fidel.jpg","contentUrl":"https:\/\/outilstice.com\/wp-content\/uploads\/2014\/11\/fidel.jpg","width":570,"height":428,"caption":"Fidel Navamuel"},"logo":{"@id":"https:\/\/outilstice.com\/#\/schema\/person\/image\/"},"description":"Journaliste et responsable des sites \"Les Outils du Web\". Le r\u00e9seau \"Les Outils du Web\"regroupe sept sites d'information en ligne autour des nouvelles technologies, de la veille, des outils collaboratifs, des tice, de l'ia et du Web2. Responsable du d\u00e9veloppement de l'\u00e9cole des m\u00e9tiers de l'information \u00e0 Paris. Coop\u00e9rative de formation, l'\u00e9mi est reconnue pour ses formations qui accompagnent la mutation num\u00e9rique au c\u0153ur des m\u00e9tiers et des organisations.","sameAs":["https:\/\/outilstice.com","https:\/\/www.facebook.com\/lesoutilsweb","https:\/\/www.instagram.com\/outilstice\/","http:\/\/fr.linkedin.com\/in\/navamuel\/","http:\/\/www.pinterest.com\/fideln\/","https:\/\/x.com\/outilstice"],"gender":"homme","jobTitle":"Journaliste"}]}},"modified_by":"Fidel Navamuel","_links":{"self":[{"href":"https:\/\/outilstice.com\/es\/wp-json\/wp\/v2\/posts\/10719"}],"collection":[{"href":"https:\/\/outilstice.com\/es\/wp-json\/wp\/v2\/posts"}],"about":[{"href":"https:\/\/outilstice.com\/es\/wp-json\/wp\/v2\/types\/post"}],"author":[{"embeddable":true,"href":"https:\/\/outilstice.com\/es\/wp-json\/wp\/v2\/users\/1"}],"replies":[{"embeddable":true,"href":"https:\/\/outilstice.com\/es\/wp-json\/wp\/v2\/comments?post=10719"}],"version-history":[{"count":1,"href":"https:\/\/outilstice.com\/es\/wp-json\/wp\/v2\/posts\/10719\/revisions"}],"predecessor-version":[{"id":13090,"href":"https:\/\/outilstice.com\/es\/wp-json\/wp\/v2\/posts\/10719\/revisions\/13090"}],"wp:featuredmedia":[{"embeddable":true,"href":"https:\/\/outilstice.com\/es\/wp-json\/wp\/v2\/media\/10721"}],"wp:attachment":[{"href":"https:\/\/outilstice.com\/es\/wp-json\/wp\/v2\/media?parent=10719"}],"wp:term":[{"taxonomy":"category","embeddable":true,"href":"https:\/\/outilstice.com\/es\/wp-json\/wp\/v2\/categories?post=10719"},{"taxonomy":"post_tag","embeddable":true,"href":"https:\/\/outilstice.com\/es\/wp-json\/wp\/v2\/tags?post=10719"}],"curies":[{"name":"wp","href":"https:\/\/api.w.org\/{rel}","templated":true}]}}