{"id":14607,"date":"2025-05-14T07:42:17","date_gmt":"2025-05-14T05:42:17","guid":{"rendered":"https:\/\/outilstice.com\/?p=14607"},"modified":"2025-05-11T19:42:48","modified_gmt":"2025-05-11T17:42:48","slug":"nous-rentrerons-ensemble-webdocumentaire-ravensbruck","status":"publish","type":"post","link":"https:\/\/outilstice.com\/es\/2025\/05\/nous-rentrerons-ensemble-webdocumentaire-ravensbruck\/","title":{"rendered":"Iremos a casa juntos. Magn\u00edfico webdocumental para no olvidar nada"},"content":{"rendered":"<p data-pm-slice=\"1 1 []\"><strong>Volveremos juntos. Suzanne y Simone, una amistad en Ravensbr\u00fcck \u00bb<\/strong> France24 es un conmovedor documental web producido por France24 que arroja una luz \u00edntima y sin precedentes sobre la historia de dos mujeres francesas deportadas al campo de Ravensbr\u00fcck.<\/p>\n<p><a href=\"https:\/\/webdoc.france24.com\/nous-rentrerons-ensemble-suzanne-simone-camp-ravensbruck\/entretenir-memoire.html\" target=\"_blank\" rel=\"noopener\">Esta historia multimedia<\/a>, fruto de la notable labor de <strong><a href=\"https:\/\/www.france24.com\/fr\/auteur\/st%C3%A9phanie-trouillard\/\" target=\"_blank\" rel=\"noopener\">St\u00e9phanie Trouillard<\/a><\/strong> y Claire Paccalin, <strong>un recurso educativo inestimable.<\/strong><\/p>\n<p>A trav\u00e9s del destino cruzado de una joven bretona que ingres\u00f3 a la Resistencia por casualidad y una mujer parisina que estuvo comprometida desde los primeros d\u00edas de la Ocupaci\u00f3n, descubrimos m\u00e1s que el horror de un campo infame: somos testigos del fr\u00e1gil pero poderoso nacimiento de una amistad que permiti\u00f3 a estas dos j\u00f3venes resistir la deshumanizaci\u00f3n de la vida cotidiana.<\/p>\n<div id=\"attachment_14608\" style=\"width: 730px\" class=\"wp-caption aligncenter\"><img loading=\"lazy\" decoding=\"async\" aria-describedby=\"caption-attachment-14608\" class=\"size-large wp-image-14608\" src=\"https:\/\/outilstice.com\/wp-content\/uploads\/2025\/05\/webdoc-suzanne-simone-1024x679.jpeg\" alt=\"\" width=\"720\" height=\"477\" srcset=\"https:\/\/outilstice.com\/wp-content\/uploads\/2025\/05\/webdoc-suzanne-simone-1024x679.jpeg 1024w, https:\/\/outilstice.com\/wp-content\/uploads\/2025\/05\/webdoc-suzanne-simone-300x199.jpeg 300w, https:\/\/outilstice.com\/wp-content\/uploads\/2025\/05\/webdoc-suzanne-simone-768x509.jpeg 768w, https:\/\/outilstice.com\/wp-content\/uploads\/2025\/05\/webdoc-suzanne-simone-1536x1018.jpeg 1536w, https:\/\/outilstice.com\/wp-content\/uploads\/2025\/05\/webdoc-suzanne-simone.jpeg 1920w\" sizes=\"(max-width: 720px) 100vw, 720px\" \/><p id=\"caption-attachment-14608\" class=\"wp-caption-text\">webdoc suzanne y simone<\/p><\/div>\n<p>Este documental, enriquecido con archivos raros y el valioso y tard\u00edo testimonio de Suzanne, ofrece una mirada original, humanamente conmovedora y pedag\u00f3gicamente esencial a uno de los per\u00edodos m\u00e1s oscuros de nuestra historia contempor\u00e1nea.<\/p>\n<p>Oir\u00e1s la voz de Suzanne testificando y contando, dici\u00e9ndole a \u2026 de nuevo Ser\u00e1s absorbido por las im\u00e1genes y fotos de estas dos chicas, los documentos de la \u00e9poca, el regreso a los sitios conmemorativos.<\/p>\n<p>Un notable trabajo documental y narrativo. La realizaci\u00f3n t\u00e9cnica est\u00e1 en la parte superior. Felicitaciones a los autores.<\/p>\n<div id=\"ez-toc-container\" class=\"ez-toc-v2_0_77 counter-hierarchy ez-toc-counter ez-toc-light-blue ez-toc-container-direction\">\n<p class=\"ez-toc-title\" style=\"cursor:inherit\">Tabla de Contenidos<\/p>\n<label for=\"ez-toc-cssicon-toggle-item-69f522cf6ef8a\" class=\"ez-toc-cssicon-toggle-label\"><span class=\"\"><span class=\"eztoc-hide\" style=\"display:none;\">alternar<\/span><span class=\"ez-toc-icon-toggle-span\"><svg style=\"fill: #999;color:#999\" xmlns=\"http:\/\/www.w3.org\/2000\/svg\" class=\"list-377408\" width=\"20px\" height=\"20px\" viewbox=\"0 0 24 24\" fill=\"none\"><path d=\"M6 6H4v2h2V6zm14 0H8v2h12V6zM4 11h2v2H4v-2zm16 0H8v2h12v-2zM4 16h2v2H4v-2zm16 0H8v2h12v-2z\" fill=\"currentColor\"><\/path><\/svg><svg style=\"fill: #999;color:#999\" class=\"arrow-unsorted-368013\" xmlns=\"http:\/\/www.w3.org\/2000\/svg\" width=\"10px\" height=\"10px\" viewbox=\"0 0 24 24\" version=\"1.2\" baseprofile=\"tiny\"><path d=\"M18.2 9.3l-6.2-6.3-6.2 6.3c-.2.2-.3.4-.3.7s.1.5.3.7c.2.2.4.3.7.3h11c.3 0 .5-.1.7-.3.2-.2.3-.5.3-.7s-.1-.5-.3-.7zM5.8 14.7l6.2 6.3 6.2-6.3c.2-.2.3-.5.3-.7s-.1-.5-.3-.7c-.2-.2-.4-.3-.7-.3h-11c-.3 0-.5.1-.7.3-.2.2-.3.5-.3.7s.1.5.3.7z\"\/><\/svg><\/span><\/span><\/label><input type=\"checkbox\"  id=\"ez-toc-cssicon-toggle-item-69f522cf6ef8a\"  aria-label=\"Alternador\" \/><nav><ul class='ez-toc-list ez-toc-list-level-1' ><li class='ez-toc-page-1 ez-toc-heading-level-2'><a class=\"ez-toc-link ez-toc-heading-1\" href=\"https:\/\/outilstice.com\/es\/2025\/05\/nous-rentrerons-ensemble-webdocumentaire-ravensbruck\/#Une_histoire_de_combat_et_damitie_en_cinq_chapitres\" >Una historia de combate y amistad en cinco cap\u00edtulos<\/a><\/li><li class='ez-toc-page-1 ez-toc-heading-level-2'><a class=\"ez-toc-link ez-toc-heading-2\" href=\"https:\/\/outilstice.com\/es\/2025\/05\/nous-rentrerons-ensemble-webdocumentaire-ravensbruck\/#Pourquoi_lutiliser_en_classe\" >\u00bfPor qu\u00e9 usarlo en clase?<\/a><\/li><li class='ez-toc-page-1 ez-toc-heading-level-2'><a class=\"ez-toc-link ez-toc-heading-3\" href=\"https:\/\/outilstice.com\/es\/2025\/05\/nous-rentrerons-ensemble-webdocumentaire-ravensbruck\/#Un_outil_pedagogique_precieux\" >Una valiosa herramienta educativa<\/a><\/li><\/ul><\/nav><\/div>\n<h2 data-pm-slice=\"1 1 []\"><span class=\"ez-toc-section\" id=\"Une_histoire_de_combat_et_damitie_en_cinq_chapitres\"><\/span>Una historia de combate y amistad en cinco cap\u00edtulos<span class=\"ez-toc-section-end\"><\/span><\/h2>\n<p>Suzanne esper\u00f3 hasta los 73 a\u00f1os para compartir su experiencia durante la Segunda Guerra Mundial, un raro testimonio grabado en cassette en ese momento. Durante d\u00e9cadas, ha guardado silencio sobre este doloroso pasado.<\/p>\n<p>El documental web se divide en cinco cap\u00edtulos que ofrecen una visi\u00f3n global de estos dos viajes excepcionales.<\/p>\n<p><strong>Cap\u00edtulo 1: Una inmersi\u00f3n en la resistencia.<\/strong> La historia comienza con el compromiso de estas dos mujeres excepcionales. Suzanne Bouvard, una ni\u00f1a bretona de 20 a\u00f1os, se une a la Resistencia casi por casualidad, ayudando a liberar a los maquisards y paracaidistas de Francia. Simone S\u00e9ailles, una parisina culta, se involucr\u00f3 en redes de resistencia desde el comienzo de la ocupaci\u00f3n. Sus caminos, aunque diferentes, convergen hacia el mismo destino.<\/p>\n<p><img loading=\"lazy\" decoding=\"async\" class=\"aligncenter wp-image-14609\" src=\"https:\/\/outilstice.com\/wp-content\/uploads\/2025\/05\/suzanne-et-simone-2-1.jpg.webp\" alt=\"resistencia del documento\" width=\"570\" height=\"429\" srcset=\"https:\/\/outilstice.com\/wp-content\/uploads\/2025\/05\/suzanne-et-simone-2-1.jpg.webp 852w, https:\/\/outilstice.com\/wp-content\/uploads\/2025\/05\/suzanne-et-simone-2-1.jpg-300x226.webp 300w, https:\/\/outilstice.com\/wp-content\/uploads\/2025\/05\/suzanne-et-simone-2-1.jpg-768x578.webp 768w\" sizes=\"(max-width: 570px) 100vw, 570px\" \/><\/p>\n<p><strong>Cap\u00edtulo 2: De Breta\u00f1a a Ravensbr\u00fcck.<\/strong> Esta parte traza el terrible viaje a Ravensbr\u00fcck. De las 8.000 mujeres francesas deportadas a este campo, muchas no regresar\u00e1n. Los testimonios recogidos describen el horror de los vagones de ganado, la deshumanizaci\u00f3n a la llegada, la conmoci\u00f3n del descubrimiento del campo. Los archivos presentados, incluidos los documentos administrativos del campamento, dan una dimensi\u00f3n tangible a esta historia.<\/p>\n<p><img loading=\"lazy\" decoding=\"async\" class=\"aligncenter wp-image-14610\" src=\"https:\/\/outilstice.com\/wp-content\/uploads\/2025\/05\/BESNIEE.jpg\" alt=\"\" width=\"771\" height=\"602\" srcset=\"https:\/\/outilstice.com\/wp-content\/uploads\/2025\/05\/BESNIEE.jpg 1000w, https:\/\/outilstice.com\/wp-content\/uploads\/2025\/05\/BESNIEE-300x234.jpg 300w, https:\/\/outilstice.com\/wp-content\/uploads\/2025\/05\/BESNIEE-768x600.jpg 768w\" sizes=\"(max-width: 771px) 100vw, 771px\" \/><\/p>\n<p><strong>Cap\u00edtulo 3: Una amistad nacida en los campos.<\/strong> Es en este ambiente hostil que nace una amistad excepcional. Como dijo Suzanne: \"En el campamento, no pod\u00edas sobrevivir solo\". Las dos mujeres se hacen una promesa: \"Regresaremos juntas\". Esta solidaridad se convierte en su fuerza para resistir la deshumanizaci\u00f3n diaria.<\/p>\n<div class=\"video-container\"><iframe title=\"&quot;Regresaremos juntos&quot;: Jacqueline Fleury, sobreviviente de Ravensbr\u00fcck \u2022 FRANCIA 24\" width=\"720\" height=\"405\" src=\"https:\/\/www.youtube.com\/embed\/aWChmORGpLo?feature=oembed&#038;wmode=opaque\" frameborder=\"0\" allow=\"accelerometer; autoplay; clipboard-write; encrypted-media; gyroscope; picture-in-picture; web-share\" referrerpolicy=\"strict-origin-when-cross-origin\" allowfullscreen><\/iframe><\/div>\n<p><strong>Cap\u00edtulo 4: Un retorno a la Tierra.<\/strong> La liberaci\u00f3n del campo no marca el final de su historia. El documental web expone sensiblemente las dificultades de retorno, reconstrucci\u00f3n y especialmente la persistencia de su amistad. Las fotos de archivo muestran su reuni\u00f3n regular, testificando un v\u00ednculo inquebrantable forjado en la adversidad.<\/p>\n<p><strong>Cap\u00edtulo 5: Mantener la memoria.<\/strong> El \u00faltimo cap\u00edtulo resuena particularmente con la misi\u00f3n de ense\u00f1anza. Este documental web es una gran herramienta para esto.<\/p>\n<p><img loading=\"lazy\" decoding=\"async\" class=\"aligncenter wp-image-14612\" src=\"https:\/\/outilstice.com\/wp-content\/uploads\/2025\/05\/tombe-de-SImone-Seailles-1-1024x682.jpg\" alt=\"Tumba de Simone\" width=\"636\" height=\"424\" srcset=\"https:\/\/outilstice.com\/wp-content\/uploads\/2025\/05\/tombe-de-SImone-Seailles-1-1024x682.jpg 1024w, https:\/\/outilstice.com\/wp-content\/uploads\/2025\/05\/tombe-de-SImone-Seailles-1-300x200.jpg 300w, https:\/\/outilstice.com\/wp-content\/uploads\/2025\/05\/tombe-de-SImone-Seailles-1-768x512.jpg 768w, https:\/\/outilstice.com\/wp-content\/uploads\/2025\/05\/tombe-de-SImone-Seailles-1-1536x1024.jpg 1536w, https:\/\/outilstice.com\/wp-content\/uploads\/2025\/05\/tombe-de-SImone-Seailles-1.jpg 1700w\" sizes=\"(max-width: 636px) 100vw, 636px\" \/><\/p>\n<h2><span class=\"ez-toc-section\" id=\"Pourquoi_lutiliser_en_classe\"><\/span><strong>\u00bfPor qu\u00e9 usarlo en clase?<\/strong><span class=\"ez-toc-section-end\"><\/span><\/h2>\n<p>Este documental web se presta f\u00e1cilmente para su uso en el aula<\/p>\n<ul>\n<li>Una narraci\u00f3n en 5 cap\u00edtulos bien estructurados<\/li>\n<li>Un formato multimedia atractivo para los estudiantes<\/li>\n<li>Un medio ideal para abordar:\n<ul>\n<li>Compromiso con la Resistencia<\/li>\n<li>Deportaci\u00f3n<\/li>\n<li>El deber de la memoria<\/li>\n<li>Valores de solidaridad y amistad<\/li>\n<\/ul>\n<\/li>\n<\/ul>\n<p>Este documental web ayuda a humanizar la historia y hacerla m\u00e1s accesible a las nuevas generaciones. Puede servir como punto de partida para los debates sobre la participaci\u00f3n ciudadana, que son particularmente relevantes en los \u00faltimos tiempos, cuando se acumulan nubes oscuras.<\/p>\n<p>A medida que desaparecen los \u00faltimos testigos directos del per\u00edodo nazi, este tipo de documento se vuelve crucial para perpetuar la memoria y educar a los estudiantes sobre los peligros de la extrema derecha.<\/p>\n<h2><span class=\"ez-toc-section\" id=\"Un_outil_pedagogique_precieux\"><\/span>Una valiosa herramienta educativa<span class=\"ez-toc-section-end\"><\/span><\/h2>\n<p>Este webdocumental, como el <a href=\"https:\/\/outilstice.com\/2022\/02\/rallumons-la-lanterne-magique-des-enfants-dizieu\/\" target=\"_blank\" rel=\"noopener\">Pel\u00edcula animada sobre los ni\u00f1os de Izieu<\/a> que record\u00e1is, nos recuerda que la historia tiene que ver sobre todo con los viajes humanos, hechos de valent\u00eda y solidaridad.<\/p>\n<p>Le permite discutir con sus estudiantes temas clave: resistencia, deportaci\u00f3n, amistad y el deber de recordar. Un medio valioso para dar vida a la historia e involucrar a los estudiantes en una reflexi\u00f3n sobre los valores que sustentan nuestra sociedad.<\/p>\n<p><a href=\"https:\/\/webdoc.france24.com\/nous-rentrerons-ensemble-suzanne-simone-camp-ravensbruck\/entretenir-memoire.html\" target=\"_blank\" rel=\"noopener noreferrer nofollow\">Para descubrir y compartir<\/a> en clase, sin dudarlo.<\/p>\n<p>&nbsp;<\/p>\n<div id=\"attachment_14613\" style=\"width: 730px\" class=\"wp-caption aligncenter\"><img loading=\"lazy\" decoding=\"async\" aria-describedby=\"caption-attachment-14613\" class=\"size-large wp-image-14613\" src=\"https:\/\/outilstice.com\/wp-content\/uploads\/2025\/05\/SCR-20250511-rbcc-1024x334.png\" alt=\"\" width=\"720\" height=\"235\" srcset=\"https:\/\/outilstice.com\/wp-content\/uploads\/2025\/05\/SCR-20250511-rbcc-1024x334.png 1024w, https:\/\/outilstice.com\/wp-content\/uploads\/2025\/05\/SCR-20250511-rbcc-300x98.png 300w, https:\/\/outilstice.com\/wp-content\/uploads\/2025\/05\/SCR-20250511-rbcc-768x250.png 768w, https:\/\/outilstice.com\/wp-content\/uploads\/2025\/05\/SCR-20250511-rbcc-1536x500.png 1536w, https:\/\/outilstice.com\/wp-content\/uploads\/2025\/05\/SCR-20250511-rbcc-2048x667.png 2048w\" sizes=\"(max-width: 720px) 100vw, 720px\" \/><p id=\"caption-attachment-14613\" class=\"wp-caption-text\"><strong>Simone Bouvard<\/strong><\/p><\/div>","protected":false},"excerpt":{"rendered":"<p>Volveremos juntos. \u00abSuzanne and Simone, un amiti\u00e9 \u00e0 Ravensbr\u00fcck\u00bb es un conmovedor documental web producido por France24 que arroja luz sobre la historia de dos mujeres francesas deportadas a Francia desde una perspectiva \u00edntima y sin precedentes.<\/p>","protected":false},"author":1,"featured_media":14608,"comment_status":"open","ping_status":"closed","sticky":false,"template":"","format":"standard","meta":{"content-type":"","_lmt_disableupdate":"no","_lmt_disable":"no","footnotes":""},"categories":[11,64],"tags":[],"yoast_head":"<!-- This site is optimized with the Yoast SEO Premium plugin v20.4 (Yoast SEO v23.4) - https:\/\/yoast.com\/wordpress\/plugins\/seo\/ -->\n<title>Nous rentrerons ensemble. Un webdocumentaire pour ne rien oublier<\/title>\n<meta name=\"description\" content=\"Nous rentrerons ensemble \u00bb, un webdocumentaire p\u00e9dagogique poignant sur l\u2019amiti\u00e9 entre deux r\u00e9sistantes fran\u00e7aises \u00e0 Ravensbr\u00fcck. Ressource pr\u00e9cieuse pour enseigner la R\u00e9sistance, la d\u00e9portation et le devoir de m\u00e9moire.\" \/>\n<meta name=\"robots\" content=\"index, follow, max-snippet:-1, max-image-preview:large, max-video-preview:-1\" \/>\n<link rel=\"canonical\" href=\"https:\/\/outilstice.com\/es\/2025\/05\/nous-rentrerons-ensemble-webdocumentaire-ravensbruck\/\" \/>\n<meta property=\"og:locale\" content=\"es_ES\" \/>\n<meta property=\"og:type\" content=\"article\" \/>\n<meta property=\"og:title\" content=\"Nous rentrerons ensemble. Magnifique webdocumentaire pour ne rien oublier\" \/>\n<meta property=\"og:description\" content=\"\u00ab Nous rentrerons ensemble. Suzanne et Simone, une amiti\u00e9 \u00e0 Ravensbr\u00fcck \u00bb est un webdocumentaire \u00e9mouvant produit par France24 qui \u00e9claire sous un angle\" \/>\n<meta property=\"og:url\" content=\"https:\/\/outilstice.com\/es\/2025\/05\/nous-rentrerons-ensemble-webdocumentaire-ravensbruck\/\" \/>\n<meta property=\"og:site_name\" content=\"Les Outils Tice\" \/>\n<meta property=\"article:publisher\" content=\"https:\/\/www.facebook.com\/lesoutilsweb\" \/>\n<meta property=\"article:author\" content=\"https:\/\/www.facebook.com\/lesoutilsweb\" \/>\n<meta property=\"article:published_time\" content=\"2025-05-14T05:42:17+00:00\" \/>\n<meta property=\"article:modified_time\" content=\"2025-05-11T17:42:48+00:00\" \/>\n<meta property=\"og:image\" content=\"https:\/\/outilstice.com\/wp-content\/uploads\/2025\/05\/webdoc-suzanne-simone.jpeg\" \/>\n\t<meta property=\"og:image:width\" content=\"1920\" \/>\n\t<meta property=\"og:image:height\" content=\"1273\" \/>\n\t<meta property=\"og:image:type\" content=\"image\/jpeg\" \/>\n<meta name=\"author\" content=\"Fidel Navamuel\" \/>\n<meta name=\"twitter:card\" content=\"summary_large_image\" \/>\n<meta name=\"twitter:creator\" content=\"@outilstice\" \/>\n<meta name=\"twitter:site\" content=\"@outilstice\" \/>\n<meta name=\"twitter:label1\" content=\"Escrito por\" \/>\n\t<meta name=\"twitter:data1\" content=\"Fidel Navamuel\" \/>\n\t<meta name=\"twitter:label2\" content=\"Tiempo de lectura\" \/>\n\t<meta name=\"twitter:data2\" content=\"4 minutos\" \/>\n<script type=\"application\/ld+json\" class=\"yoast-schema-graph\">{\"@context\":\"https:\/\/schema.org\",\"@graph\":[{\"@type\":[\"Article\",\"BlogPosting\"],\"@id\":\"https:\/\/outilstice.com\/2025\/05\/nous-rentrerons-ensemble-webdocumentaire-ravensbruck\/#article\",\"isPartOf\":{\"@id\":\"https:\/\/outilstice.com\/2025\/05\/nous-rentrerons-ensemble-webdocumentaire-ravensbruck\/\"},\"author\":{\"name\":\"Fidel Navamuel\",\"@id\":\"https:\/\/outilstice.com\/#\/schema\/person\/ec4809142ef009f96b5af2c906a48cd0\"},\"headline\":\"Nous rentrerons ensemble. Magnifique webdocumentaire pour ne rien oublier\",\"datePublished\":\"2025-05-14T05:42:17+00:00\",\"dateModified\":\"2025-05-11T17:42:48+00:00\",\"mainEntityOfPage\":{\"@id\":\"https:\/\/outilstice.com\/2025\/05\/nous-rentrerons-ensemble-webdocumentaire-ravensbruck\/\"},\"wordCount\":830,\"commentCount\":0,\"publisher\":{\"@id\":\"https:\/\/outilstice.com\/#\/schema\/person\/ec4809142ef009f96b5af2c906a48cd0\"},\"image\":{\"@id\":\"https:\/\/outilstice.com\/2025\/05\/nous-rentrerons-ensemble-webdocumentaire-ravensbruck\/#primaryimage\"},\"thumbnailUrl\":\"https:\/\/outilstice.com\/wp-content\/uploads\/2025\/05\/webdoc-suzanne-simone.jpeg\",\"articleSection\":[\"Histoire\",\"Multimedia\"],\"inLanguage\":\"es\",\"potentialAction\":[{\"@type\":\"CommentAction\",\"name\":\"Comment\",\"target\":[\"https:\/\/outilstice.com\/2025\/05\/nous-rentrerons-ensemble-webdocumentaire-ravensbruck\/#respond\"]}]},{\"@type\":\"WebPage\",\"@id\":\"https:\/\/outilstice.com\/2025\/05\/nous-rentrerons-ensemble-webdocumentaire-ravensbruck\/\",\"url\":\"https:\/\/outilstice.com\/2025\/05\/nous-rentrerons-ensemble-webdocumentaire-ravensbruck\/\",\"name\":\"Nous rentrerons ensemble. Un webdocumentaire pour ne rien oublier\",\"isPartOf\":{\"@id\":\"https:\/\/outilstice.com\/#website\"},\"primaryImageOfPage\":{\"@id\":\"https:\/\/outilstice.com\/2025\/05\/nous-rentrerons-ensemble-webdocumentaire-ravensbruck\/#primaryimage\"},\"image\":{\"@id\":\"https:\/\/outilstice.com\/2025\/05\/nous-rentrerons-ensemble-webdocumentaire-ravensbruck\/#primaryimage\"},\"thumbnailUrl\":\"https:\/\/outilstice.com\/wp-content\/uploads\/2025\/05\/webdoc-suzanne-simone.jpeg\",\"datePublished\":\"2025-05-14T05:42:17+00:00\",\"dateModified\":\"2025-05-11T17:42:48+00:00\",\"description\":\"Nous rentrerons ensemble \u00bb, un webdocumentaire p\u00e9dagogique poignant sur l\u2019amiti\u00e9 entre deux r\u00e9sistantes fran\u00e7aises \u00e0 Ravensbr\u00fcck. Ressource pr\u00e9cieuse pour enseigner la R\u00e9sistance, la d\u00e9portation et le devoir de m\u00e9moire.\",\"breadcrumb\":{\"@id\":\"https:\/\/outilstice.com\/2025\/05\/nous-rentrerons-ensemble-webdocumentaire-ravensbruck\/#breadcrumb\"},\"inLanguage\":\"es\",\"potentialAction\":[{\"@type\":\"ReadAction\",\"target\":[\"https:\/\/outilstice.com\/2025\/05\/nous-rentrerons-ensemble-webdocumentaire-ravensbruck\/\"]}]},{\"@type\":\"ImageObject\",\"inLanguage\":\"es\",\"@id\":\"https:\/\/outilstice.com\/2025\/05\/nous-rentrerons-ensemble-webdocumentaire-ravensbruck\/#primaryimage\",\"url\":\"https:\/\/outilstice.com\/wp-content\/uploads\/2025\/05\/webdoc-suzanne-simone.jpeg\",\"contentUrl\":\"https:\/\/outilstice.com\/wp-content\/uploads\/2025\/05\/webdoc-suzanne-simone.jpeg\",\"width\":1920,\"height\":1273,\"caption\":\"webdoc suzanne et simone\"},{\"@type\":\"BreadcrumbList\",\"@id\":\"https:\/\/outilstice.com\/2025\/05\/nous-rentrerons-ensemble-webdocumentaire-ravensbruck\/#breadcrumb\",\"itemListElement\":[{\"@type\":\"ListItem\",\"position\":1,\"name\":\"Accueil\",\"item\":\"https:\/\/outilstice.com\/\"},{\"@type\":\"ListItem\",\"position\":2,\"name\":\"Histoire\",\"item\":\"https:\/\/outilstice.com\/histoire\/\"},{\"@type\":\"ListItem\",\"position\":3,\"name\":\"Nous rentrerons ensemble. Magnifique webdocumentaire pour ne rien oublier\"}]},{\"@type\":\"WebSite\",\"@id\":\"https:\/\/outilstice.com\/#website\",\"url\":\"https:\/\/outilstice.com\/\",\"name\":\"Les Outils Tice\",\"description\":\"L&#039;actualit\u00e9 des outils num\u00e9riques pour l&#039;\u00e9ducation\",\"publisher\":{\"@id\":\"https:\/\/outilstice.com\/#\/schema\/person\/ec4809142ef009f96b5af2c906a48cd0\"},\"potentialAction\":[{\"@type\":\"SearchAction\",\"target\":{\"@type\":\"EntryPoint\",\"urlTemplate\":\"https:\/\/outilstice.com\/?s={search_term_string}\"},\"query-input\":{\"@type\":\"PropertyValueSpecification\",\"valueRequired\":true,\"valueName\":\"search_term_string\"}}],\"inLanguage\":\"es\"},{\"@type\":[\"Person\",\"Organization\"],\"@id\":\"https:\/\/outilstice.com\/#\/schema\/person\/ec4809142ef009f96b5af2c906a48cd0\",\"name\":\"Fidel Navamuel\",\"image\":{\"@type\":\"ImageObject\",\"inLanguage\":\"es\",\"@id\":\"https:\/\/outilstice.com\/#\/schema\/person\/image\/\",\"url\":\"https:\/\/outilstice.com\/wp-content\/uploads\/2014\/11\/fidel.jpg\",\"contentUrl\":\"https:\/\/outilstice.com\/wp-content\/uploads\/2014\/11\/fidel.jpg\",\"width\":570,\"height\":428,\"caption\":\"Fidel Navamuel\"},\"logo\":{\"@id\":\"https:\/\/outilstice.com\/#\/schema\/person\/image\/\"},\"description\":\"Journaliste et responsable des sites \\\"Les Outils du Web\\\". Le r\u00e9seau \\\"Les Outils du Web\\\"regroupe sept sites d'information en ligne autour des nouvelles technologies, de la veille, des outils collaboratifs, des tice, de l'ia et du Web2. Responsable du d\u00e9veloppement de l'\u00e9cole des m\u00e9tiers de l'information \u00e0 Paris. Coop\u00e9rative de formation, l'\u00e9mi est reconnue pour ses formations qui accompagnent la mutation num\u00e9rique au c\u0153ur des m\u00e9tiers et des organisations.\",\"sameAs\":[\"https:\/\/outilstice.com\",\"https:\/\/www.facebook.com\/lesoutilsweb\",\"https:\/\/www.instagram.com\/outilstice\/\",\"http:\/\/fr.linkedin.com\/in\/navamuel\/\",\"http:\/\/www.pinterest.com\/fideln\/\",\"https:\/\/x.com\/outilstice\"],\"gender\":\"homme\",\"jobTitle\":\"Journaliste\"}]}<\/script>\n<!-- \/ Yoast SEO Premium plugin. -->","yoast_head_json":{"title":"Nous rentrerons ensemble. Un webdocumentaire pour ne rien oublier","description":"Nous rentrerons ensemble \u00bb, un webdocumentaire p\u00e9dagogique poignant sur l\u2019amiti\u00e9 entre deux r\u00e9sistantes fran\u00e7aises \u00e0 Ravensbr\u00fcck. Ressource pr\u00e9cieuse pour enseigner la R\u00e9sistance, la d\u00e9portation et le devoir de m\u00e9moire.","robots":{"index":"index","follow":"follow","max-snippet":"max-snippet:-1","max-image-preview":"max-image-preview:large","max-video-preview":"max-video-preview:-1"},"canonical":"https:\/\/outilstice.com\/es\/2025\/05\/nous-rentrerons-ensemble-webdocumentaire-ravensbruck\/","og_locale":"es_ES","og_type":"article","og_title":"Nous rentrerons ensemble. Magnifique webdocumentaire pour ne rien oublier","og_description":"\u00ab Nous rentrerons ensemble. Suzanne et Simone, une amiti\u00e9 \u00e0 Ravensbr\u00fcck \u00bb est un webdocumentaire \u00e9mouvant produit par France24 qui \u00e9claire sous un angle","og_url":"https:\/\/outilstice.com\/es\/2025\/05\/nous-rentrerons-ensemble-webdocumentaire-ravensbruck\/","og_site_name":"Les Outils Tice","article_publisher":"https:\/\/www.facebook.com\/lesoutilsweb","article_author":"https:\/\/www.facebook.com\/lesoutilsweb","article_published_time":"2025-05-14T05:42:17+00:00","article_modified_time":"2025-05-11T17:42:48+00:00","og_image":[{"width":1920,"height":1273,"url":"https:\/\/outilstice.com\/wp-content\/uploads\/2025\/05\/webdoc-suzanne-simone.jpeg","type":"image\/jpeg"}],"author":"Fidel Navamuel","twitter_card":"summary_large_image","twitter_creator":"@outilstice","twitter_site":"@outilstice","twitter_misc":{"Escrito por":"Fidel Navamuel","Tiempo de lectura":"4 minutos"},"schema":{"@context":"https:\/\/schema.org","@graph":[{"@type":["Article","BlogPosting"],"@id":"https:\/\/outilstice.com\/2025\/05\/nous-rentrerons-ensemble-webdocumentaire-ravensbruck\/#article","isPartOf":{"@id":"https:\/\/outilstice.com\/2025\/05\/nous-rentrerons-ensemble-webdocumentaire-ravensbruck\/"},"author":{"name":"Fidel Navamuel","@id":"https:\/\/outilstice.com\/#\/schema\/person\/ec4809142ef009f96b5af2c906a48cd0"},"headline":"Nous rentrerons ensemble. Magnifique webdocumentaire pour ne rien oublier","datePublished":"2025-05-14T05:42:17+00:00","dateModified":"2025-05-11T17:42:48+00:00","mainEntityOfPage":{"@id":"https:\/\/outilstice.com\/2025\/05\/nous-rentrerons-ensemble-webdocumentaire-ravensbruck\/"},"wordCount":830,"commentCount":0,"publisher":{"@id":"https:\/\/outilstice.com\/#\/schema\/person\/ec4809142ef009f96b5af2c906a48cd0"},"image":{"@id":"https:\/\/outilstice.com\/2025\/05\/nous-rentrerons-ensemble-webdocumentaire-ravensbruck\/#primaryimage"},"thumbnailUrl":"https:\/\/outilstice.com\/wp-content\/uploads\/2025\/05\/webdoc-suzanne-simone.jpeg","articleSection":["Histoire","Multimedia"],"inLanguage":"es","potentialAction":[{"@type":"CommentAction","name":"Comment","target":["https:\/\/outilstice.com\/2025\/05\/nous-rentrerons-ensemble-webdocumentaire-ravensbruck\/#respond"]}]},{"@type":"WebPage","@id":"https:\/\/outilstice.com\/2025\/05\/nous-rentrerons-ensemble-webdocumentaire-ravensbruck\/","url":"https:\/\/outilstice.com\/2025\/05\/nous-rentrerons-ensemble-webdocumentaire-ravensbruck\/","name":"Nous rentrerons ensemble. Un webdocumentaire pour ne rien oublier","isPartOf":{"@id":"https:\/\/outilstice.com\/#website"},"primaryImageOfPage":{"@id":"https:\/\/outilstice.com\/2025\/05\/nous-rentrerons-ensemble-webdocumentaire-ravensbruck\/#primaryimage"},"image":{"@id":"https:\/\/outilstice.com\/2025\/05\/nous-rentrerons-ensemble-webdocumentaire-ravensbruck\/#primaryimage"},"thumbnailUrl":"https:\/\/outilstice.com\/wp-content\/uploads\/2025\/05\/webdoc-suzanne-simone.jpeg","datePublished":"2025-05-14T05:42:17+00:00","dateModified":"2025-05-11T17:42:48+00:00","description":"Nous rentrerons ensemble \u00bb, un webdocumentaire p\u00e9dagogique poignant sur l\u2019amiti\u00e9 entre deux r\u00e9sistantes fran\u00e7aises \u00e0 Ravensbr\u00fcck. Ressource pr\u00e9cieuse pour enseigner la R\u00e9sistance, la d\u00e9portation et le devoir de m\u00e9moire.","breadcrumb":{"@id":"https:\/\/outilstice.com\/2025\/05\/nous-rentrerons-ensemble-webdocumentaire-ravensbruck\/#breadcrumb"},"inLanguage":"es","potentialAction":[{"@type":"ReadAction","target":["https:\/\/outilstice.com\/2025\/05\/nous-rentrerons-ensemble-webdocumentaire-ravensbruck\/"]}]},{"@type":"ImageObject","inLanguage":"es","@id":"https:\/\/outilstice.com\/2025\/05\/nous-rentrerons-ensemble-webdocumentaire-ravensbruck\/#primaryimage","url":"https:\/\/outilstice.com\/wp-content\/uploads\/2025\/05\/webdoc-suzanne-simone.jpeg","contentUrl":"https:\/\/outilstice.com\/wp-content\/uploads\/2025\/05\/webdoc-suzanne-simone.jpeg","width":1920,"height":1273,"caption":"webdoc suzanne et simone"},{"@type":"BreadcrumbList","@id":"https:\/\/outilstice.com\/2025\/05\/nous-rentrerons-ensemble-webdocumentaire-ravensbruck\/#breadcrumb","itemListElement":[{"@type":"ListItem","position":1,"name":"Accueil","item":"https:\/\/outilstice.com\/"},{"@type":"ListItem","position":2,"name":"Histoire","item":"https:\/\/outilstice.com\/histoire\/"},{"@type":"ListItem","position":3,"name":"Nous rentrerons ensemble. Magnifique webdocumentaire pour ne rien oublier"}]},{"@type":"WebSite","@id":"https:\/\/outilstice.com\/#website","url":"https:\/\/outilstice.com\/","name":"Les Outils Tice","description":"L&#039;actualit\u00e9 des outils num\u00e9riques pour l&#039;\u00e9ducation","publisher":{"@id":"https:\/\/outilstice.com\/#\/schema\/person\/ec4809142ef009f96b5af2c906a48cd0"},"potentialAction":[{"@type":"SearchAction","target":{"@type":"EntryPoint","urlTemplate":"https:\/\/outilstice.com\/?s={search_term_string}"},"query-input":{"@type":"PropertyValueSpecification","valueRequired":true,"valueName":"search_term_string"}}],"inLanguage":"es"},{"@type":["Person","Organization"],"@id":"https:\/\/outilstice.com\/#\/schema\/person\/ec4809142ef009f96b5af2c906a48cd0","name":"Fidel Navamuel","image":{"@type":"ImageObject","inLanguage":"es","@id":"https:\/\/outilstice.com\/#\/schema\/person\/image\/","url":"https:\/\/outilstice.com\/wp-content\/uploads\/2014\/11\/fidel.jpg","contentUrl":"https:\/\/outilstice.com\/wp-content\/uploads\/2014\/11\/fidel.jpg","width":570,"height":428,"caption":"Fidel Navamuel"},"logo":{"@id":"https:\/\/outilstice.com\/#\/schema\/person\/image\/"},"description":"Journaliste et responsable des sites \"Les Outils du Web\". Le r\u00e9seau \"Les Outils du Web\"regroupe sept sites d'information en ligne autour des nouvelles technologies, de la veille, des outils collaboratifs, des tice, de l'ia et du Web2. Responsable du d\u00e9veloppement de l'\u00e9cole des m\u00e9tiers de l'information \u00e0 Paris. Coop\u00e9rative de formation, l'\u00e9mi est reconnue pour ses formations qui accompagnent la mutation num\u00e9rique au c\u0153ur des m\u00e9tiers et des organisations.","sameAs":["https:\/\/outilstice.com","https:\/\/www.facebook.com\/lesoutilsweb","https:\/\/www.instagram.com\/outilstice\/","http:\/\/fr.linkedin.com\/in\/navamuel\/","http:\/\/www.pinterest.com\/fideln\/","https:\/\/x.com\/outilstice"],"gender":"homme","jobTitle":"Journaliste"}]}},"modified_by":"Fidel Navamuel","_links":{"self":[{"href":"https:\/\/outilstice.com\/es\/wp-json\/wp\/v2\/posts\/14607"}],"collection":[{"href":"https:\/\/outilstice.com\/es\/wp-json\/wp\/v2\/posts"}],"about":[{"href":"https:\/\/outilstice.com\/es\/wp-json\/wp\/v2\/types\/post"}],"author":[{"embeddable":true,"href":"https:\/\/outilstice.com\/es\/wp-json\/wp\/v2\/users\/1"}],"replies":[{"embeddable":true,"href":"https:\/\/outilstice.com\/es\/wp-json\/wp\/v2\/comments?post=14607"}],"version-history":[{"count":1,"href":"https:\/\/outilstice.com\/es\/wp-json\/wp\/v2\/posts\/14607\/revisions"}],"predecessor-version":[{"id":14614,"href":"https:\/\/outilstice.com\/es\/wp-json\/wp\/v2\/posts\/14607\/revisions\/14614"}],"wp:featuredmedia":[{"embeddable":true,"href":"https:\/\/outilstice.com\/es\/wp-json\/wp\/v2\/media\/14608"}],"wp:attachment":[{"href":"https:\/\/outilstice.com\/es\/wp-json\/wp\/v2\/media?parent=14607"}],"wp:term":[{"taxonomy":"category","embeddable":true,"href":"https:\/\/outilstice.com\/es\/wp-json\/wp\/v2\/categories?post=14607"},{"taxonomy":"post_tag","embeddable":true,"href":"https:\/\/outilstice.com\/es\/wp-json\/wp\/v2\/tags?post=14607"}],"curies":[{"name":"wp","href":"https:\/\/api.w.org\/{rel}","templated":true}]}}