{"id":2790,"date":"2015-12-31T11:12:52","date_gmt":"2015-12-31T09:12:52","guid":{"rendered":"http:\/\/outilstice.com\/?p=2790"},"modified":"2025-02-21T16:23:43","modified_gmt":"2025-02-21T14:23:43","slug":"la-revue-de-presse-des-journaux-scolaires-et-lyceens-2015","status":"publish","type":"post","link":"https:\/\/outilstice.com\/es\/2015\/12\/la-revue-de-presse-des-journaux-scolaires-et-lyceens-2015\/","title":{"rendered":"La revista de prensa de los peri\u00f3dicos de la escuela y la escuela secundaria 2015"},"content":{"rendered":"<p><strong>\u00bfC\u00f3mo podemos terminar este terrible a\u00f1o 2015 con un poco de esperanza?<\/strong> Tal vez leyendo el ahora tradicional Press Review de los peri\u00f3dicos de la escuela y la escuela secundaria que acaba de ser publicado por CLEMI.<\/p>\n<p><a href=\"https:\/\/outilstice.com\/wp-content\/uploads\/2015\/12\/clemi.jpg\" target=\"_blank\"><img loading=\"lazy\" decoding=\"async\" class=\"aligncenter size-full wp-image-2791\" src=\"https:\/\/outilstice.com\/wp-content\/uploads\/2015\/12\/clemi.jpg\" alt=\"Clemi\" width=\"660\" height=\"291\" srcset=\"https:\/\/outilstice.com\/wp-content\/uploads\/2015\/12\/clemi.jpg 660w, https:\/\/outilstice.com\/wp-content\/uploads\/2015\/12\/clemi-300x132.jpg 300w\" sizes=\"(max-width: 660px) 100vw, 660px\" \/><\/a><\/p>\n<p>CLEMI comenz\u00f3 hace alg\u00fan tiempo a crear un repositorio educativo para peri\u00f3dicos y medios escolares. <strong>Una excelente iniciativa para identificar y archivar una forma burbujeante de expresi\u00f3n juvenil.<\/strong> Si bien el Ministerio de Educaci\u00f3n acaba de lanzar un importante plan de alfabetizaci\u00f3n medi\u00e1tica e informativa, con el objetivo de crear un medio de comunicaci\u00f3n en cada escuela secundaria y universidad, la revisi\u00f3n anual de prensa que acaba de publicar el Clemi muestra el valor de esto.<\/p>\n<p><a href=\"https:\/\/outilstice.com\/wp-content\/uploads\/2015\/12\/IMG_30841.jpg\" target=\"_blank\"><img loading=\"lazy\" decoding=\"async\" class=\"aligncenter  wp-image-2793\" src=\"https:\/\/outilstice.com\/wp-content\/uploads\/2015\/12\/IMG_30841-768x1024.jpg\" alt=\"rese\u00f1a de prensa\" width=\"564\" height=\"752\" srcset=\"https:\/\/outilstice.com\/wp-content\/uploads\/2015\/12\/IMG_30841-768x1024.jpg 768w, https:\/\/outilstice.com\/wp-content\/uploads\/2015\/12\/IMG_30841-225x300.jpg 225w, https:\/\/outilstice.com\/wp-content\/uploads\/2015\/12\/IMG_30841.jpg 1512w\" sizes=\"(max-width: 564px) 100vw, 564px\" \/><\/a><\/p>\n<p>&nbsp;<\/p>\n<p><strong>Esta revisi\u00f3n de prensa de los peri\u00f3dicos de la escuela y la escuela secundaria 2015 est\u00e1 disponible en papel y digital y ofrece tres ediciones<\/strong>. Uno para las escuelas secundarias, otro para las universidades y un tercero para las escuelas. La selecci\u00f3n general se bas\u00f3 en 208 peri\u00f3dicos escolares, 330 t\u00edtulos en escuelas secundarias y 251 t\u00edtulos en escuelas secundarias.<\/p>\n<p><strong>El resultado es emocionante.<\/strong> Extractos de peri\u00f3dicos, fotos, art\u00edculos, enlaces a blogs, sitios, webradios e incluso webtv, esta revisi\u00f3n de prensa anual muestra la riqueza de estos medios no como los dem\u00e1s y el talento de estos cientos de periodistas en ciernes.<\/p>\n<p><strong>Todos los temas est\u00e1n cubiertos y podemos ver en las p\u00e1ginas de esta preciosa rese\u00f1a de prensa que 2015 ha sido un a\u00f1o tan dif\u00edcil para los j\u00f3venes.<\/strong> Ataques, Violencia, Libertad de Expresi\u00f3n, Laicismo, Refugiados, Ecolog\u00eda \u2026 Muchos temas serios sobre los que los j\u00f3venes se han expresado de manera contundente y franca. Su palabra est\u00e1 llena de esperanza. Los periodistas en estos medios escolares hablan y escriben con sus corazones. Muchos pol\u00edticos y editorialistas de la \u00abgran\u00bb prensa har\u00edan bien en inspirarse en ella. A pesar de los tiempos dif\u00edciles, los ni\u00f1os ponen en palabras las nociones de libertad, fraternidad, solidaridad \u2026<\/p>\n<p><a href=\"https:\/\/outilstice.com\/wp-content\/uploads\/2015\/12\/sexulaite.jpg\" target=\"_blank\"><img loading=\"lazy\" decoding=\"async\" class=\"aligncenter  wp-image-2794\" src=\"https:\/\/outilstice.com\/wp-content\/uploads\/2015\/12\/sexulaite.jpg\" alt=\"Rese\u00f1a de prensa de Lyceens\" width=\"535\" height=\"444\" srcset=\"https:\/\/outilstice.com\/wp-content\/uploads\/2015\/12\/sexulaite.jpg 733w, https:\/\/outilstice.com\/wp-content\/uploads\/2015\/12\/sexulaite-300x249.jpg 300w\" sizes=\"(max-width: 535px) 100vw, 535px\" \/><\/a><\/p>\n<p>Noticias internacionales, temas sociales, cultura, vida en la escuela secundaria o secundaria, temas serios y otros que son menos serios, pas\u00e9 por esta revisi\u00f3n de prensa no como los dem\u00e1s con verdadero placer. Las ilustraciones, a menudo dibujos humor\u00edsticos, fueron bien elegidas. Los autores de esta revisi\u00f3n de prensa tambi\u00e9n han deslizado muchos complementos multimedia con enlaces y c\u00f3digos QR para acceder a los medios originales en su totalidad a trav\u00e9s de la web.<\/p>\n<p><strong>Finaliza 2015 con la expresi\u00f3n de j\u00f3venes fuentes de esperanza. Gracias a CLEMI por esta rese\u00f1a de prensa.<\/strong><br \/>\nTomo este extracto de Bud INFO, el peri\u00f3dico de la escuela Pierre-Budin en el distrito 10 de Par\u00eds. \u00a0Son los minots del PC los que se pronuncian y env\u00edan un mensaje a los \u00abfuturos terroristas\u00bb.<\/p>\n<blockquote><p>\u00abHay que entender que en Francia tenemos derecho a re\u00edrnos de todo. Hacer bromas no es gran cosa. A los futuros terroristas no les importa que se burlen de \u00e9l, dejen sus armas y bombas. La vida es demasiado buena para arruinarla. No mates, ven a re\u00edrte con nosotros.<\/p><\/blockquote>\n<p>Enlace: <strong><a title=\"Rese\u00f1a de prensa Clemi\" href=\"https:\/\/clemi.fr\/fr\/productions-des-eleves\/journaux-scolaires\/revues-annuelles-de-la-presse-scolaire-et-lyceenne\/\" target=\"_blank\" rel=\"nofollow noopener\">La revisi\u00f3n de prensa de los peri\u00f3dicos de la escuela y la escuela secundaria para descargar en formato PDF.<\/a><\/strong><br \/>\n<a title=\"escuelas\" href=\"https:\/\/clemi.fr\/fichier\/plug_download\/74190\/download_fichier_fr_02.rpecole2015_num.4decbap.pdf\" target=\"_blank\" rel=\"nofollow noopener\">Cargar\u00a0<\/a><a title=\"escuelas\" href=\"https:\/\/clemi.fr\/fichier\/plug_download\/74190\/download_fichier_fr_02.rpecole2015_num.4decbap.pdf\" target=\"_blank\" rel=\"nofollow noopener\">Revista de Prensa Escolar<\/a><br \/>\n<a title=\"Colegios\" href=\"https:\/\/clemi.fr\/fichier\/plug_download\/74191\/download_fichier_fr_03.rp.college.num.4dec.bap.pdf\" target=\"_blank\" rel=\"nofollow noopener\">Descargar Revista de Prensa Universitaria<\/a><br \/>\n<a title=\"Liceos\" href=\"https:\/\/clemi.fr\/fichier\/plug_download\/74192\/download_fichier_fr_04.rp.lycees.num.4dec.bap.pdf\" target=\"_blank\" rel=\"nofollow noopener\">Descargar rese\u00f1a de prensa de la escuela secundaria<\/a><\/p>\n<p>&nbsp;<\/p>","protected":false},"excerpt":{"rendered":"<p>\u00bfC\u00f3mo podemos terminar este terrible a\u00f1o 2015 con un poco de esperanza? Tal vez leyendo el ahora tradicional Press Review de los peri\u00f3dicos de la escuela y la escuela secundaria que acaba de ser publicado por CLEMI. El CLEMI que lanz\u00f3...<\/p>","protected":false},"author":1,"featured_media":2791,"comment_status":"open","ping_status":"open","sticky":false,"template":"","format":"standard","meta":{"content-type":"","_lmt_disableupdate":"no","_lmt_disable":"no","footnotes":""},"categories":[26,71],"tags":[74,104,5,76,84],"yoast_head":"<!-- This site is optimized with the Yoast SEO Premium plugin v20.4 (Yoast SEO v23.4) - https:\/\/yoast.com\/wordpress\/plugins\/seo\/ -->\n<title>La revue de presse des journaux scolaires et lyc\u00e9ens 2015 &#8211; Les Outils Tice<\/title>\n<meta name=\"description\" content=\"Comment finir cette terrible ann\u00e9e\u00a02015 par un peu d\u2019espoir\u00a0? Peut-\u00eatre en lisant la d\u00e9sormais traditionnelle Revue de presse des journaux scolaires et\" \/>\n<meta name=\"robots\" content=\"index, follow, max-snippet:-1, max-image-preview:large, max-video-preview:-1\" \/>\n<link rel=\"canonical\" href=\"https:\/\/outilstice.com\/es\/2015\/12\/la-revue-de-presse-des-journaux-scolaires-et-lyceens-2015\/\" \/>\n<meta property=\"og:locale\" content=\"es_ES\" \/>\n<meta property=\"og:type\" content=\"article\" \/>\n<meta property=\"og:title\" content=\"La revue de presse des journaux scolaires et lyc\u00e9ens 2015\" \/>\n<meta property=\"og:description\" content=\"Comment finir cette terrible ann\u00e9e\u00a02015 par un peu d\u2019espoir\u00a0? Peut-\u00eatre en lisant la d\u00e9sormais traditionnelle Revue de presse des journaux scolaires et\" \/>\n<meta property=\"og:url\" content=\"https:\/\/outilstice.com\/es\/2015\/12\/la-revue-de-presse-des-journaux-scolaires-et-lyceens-2015\/\" \/>\n<meta property=\"og:site_name\" content=\"Les Outils Tice\" \/>\n<meta property=\"article:publisher\" content=\"https:\/\/www.facebook.com\/lesoutilsweb\" \/>\n<meta property=\"article:author\" content=\"https:\/\/www.facebook.com\/lesoutilsweb\" \/>\n<meta property=\"article:published_time\" content=\"2015-12-31T09:12:52+00:00\" \/>\n<meta property=\"article:modified_time\" content=\"2025-02-21T14:23:43+00:00\" \/>\n<meta property=\"og:image\" content=\"https:\/\/outilstice.com\/wp-content\/uploads\/2015\/12\/clemi.jpg\" \/>\n\t<meta property=\"og:image:width\" content=\"660\" \/>\n\t<meta property=\"og:image:height\" content=\"291\" \/>\n\t<meta property=\"og:image:type\" content=\"image\/jpeg\" \/>\n<meta name=\"author\" content=\"Fidel Navamuel\" \/>\n<meta name=\"twitter:card\" content=\"summary_large_image\" \/>\n<meta name=\"twitter:creator\" content=\"@outilstice\" \/>\n<meta name=\"twitter:site\" content=\"@outilstice\" \/>\n<meta name=\"twitter:label1\" content=\"Escrito por\" \/>\n\t<meta name=\"twitter:data1\" content=\"Fidel Navamuel\" \/>\n\t<meta name=\"twitter:label2\" content=\"Tiempo de lectura\" \/>\n\t<meta name=\"twitter:data2\" content=\"3 minutos\" \/>\n<script type=\"application\/ld+json\" class=\"yoast-schema-graph\">{\"@context\":\"https:\/\/schema.org\",\"@graph\":[{\"@type\":[\"Article\",\"BlogPosting\"],\"@id\":\"https:\/\/outilstice.com\/2015\/12\/la-revue-de-presse-des-journaux-scolaires-et-lyceens-2015\/#article\",\"isPartOf\":{\"@id\":\"https:\/\/outilstice.com\/2015\/12\/la-revue-de-presse-des-journaux-scolaires-et-lyceens-2015\/\"},\"author\":{\"name\":\"Fidel Navamuel\",\"@id\":\"https:\/\/outilstice.com\/#\/schema\/person\/ec4809142ef009f96b5af2c906a48cd0\"},\"headline\":\"La revue de presse des journaux scolaires et lyc\u00e9ens 2015\",\"datePublished\":\"2015-12-31T09:12:52+00:00\",\"dateModified\":\"2025-02-21T14:23:43+00:00\",\"mainEntityOfPage\":{\"@id\":\"https:\/\/outilstice.com\/2015\/12\/la-revue-de-presse-des-journaux-scolaires-et-lyceens-2015\/\"},\"wordCount\":631,\"commentCount\":0,\"publisher\":{\"@id\":\"https:\/\/outilstice.com\/#\/schema\/person\/ec4809142ef009f96b5af2c906a48cd0\"},\"image\":{\"@id\":\"https:\/\/outilstice.com\/2015\/12\/la-revue-de-presse-des-journaux-scolaires-et-lyceens-2015\/#primaryimage\"},\"thumbnailUrl\":\"https:\/\/outilstice.com\/wp-content\/uploads\/2015\/12\/clemi.jpg\",\"keywords\":[\"Clemi\",\"EMI\",\"Images\",\"Presse\",\"Ressources\"],\"articleSection\":[\"Education Civique\",\"EMI\"],\"inLanguage\":\"es\",\"potentialAction\":[{\"@type\":\"CommentAction\",\"name\":\"Comment\",\"target\":[\"https:\/\/outilstice.com\/2015\/12\/la-revue-de-presse-des-journaux-scolaires-et-lyceens-2015\/#respond\"]}]},{\"@type\":\"WebPage\",\"@id\":\"https:\/\/outilstice.com\/2015\/12\/la-revue-de-presse-des-journaux-scolaires-et-lyceens-2015\/\",\"url\":\"https:\/\/outilstice.com\/2015\/12\/la-revue-de-presse-des-journaux-scolaires-et-lyceens-2015\/\",\"name\":\"La revue de presse des journaux scolaires et lyc\u00e9ens 2015 &#8211; Les Outils Tice\",\"isPartOf\":{\"@id\":\"https:\/\/outilstice.com\/#website\"},\"primaryImageOfPage\":{\"@id\":\"https:\/\/outilstice.com\/2015\/12\/la-revue-de-presse-des-journaux-scolaires-et-lyceens-2015\/#primaryimage\"},\"image\":{\"@id\":\"https:\/\/outilstice.com\/2015\/12\/la-revue-de-presse-des-journaux-scolaires-et-lyceens-2015\/#primaryimage\"},\"thumbnailUrl\":\"https:\/\/outilstice.com\/wp-content\/uploads\/2015\/12\/clemi.jpg\",\"datePublished\":\"2015-12-31T09:12:52+00:00\",\"dateModified\":\"2025-02-21T14:23:43+00:00\",\"description\":\"Comment finir cette terrible ann\u00e9e\u00a02015 par un peu d\u2019espoir\u00a0? Peut-\u00eatre en lisant la d\u00e9sormais traditionnelle Revue de presse des journaux scolaires et\",\"breadcrumb\":{\"@id\":\"https:\/\/outilstice.com\/2015\/12\/la-revue-de-presse-des-journaux-scolaires-et-lyceens-2015\/#breadcrumb\"},\"inLanguage\":\"es\",\"potentialAction\":[{\"@type\":\"ReadAction\",\"target\":[\"https:\/\/outilstice.com\/2015\/12\/la-revue-de-presse-des-journaux-scolaires-et-lyceens-2015\/\"]}]},{\"@type\":\"ImageObject\",\"inLanguage\":\"es\",\"@id\":\"https:\/\/outilstice.com\/2015\/12\/la-revue-de-presse-des-journaux-scolaires-et-lyceens-2015\/#primaryimage\",\"url\":\"https:\/\/outilstice.com\/wp-content\/uploads\/2015\/12\/clemi.jpg\",\"contentUrl\":\"https:\/\/outilstice.com\/wp-content\/uploads\/2015\/12\/clemi.jpg\",\"width\":660,\"height\":291,\"caption\":\"Clemi\"},{\"@type\":\"BreadcrumbList\",\"@id\":\"https:\/\/outilstice.com\/2015\/12\/la-revue-de-presse-des-journaux-scolaires-et-lyceens-2015\/#breadcrumb\",\"itemListElement\":[{\"@type\":\"ListItem\",\"position\":1,\"name\":\"Accueil\",\"item\":\"https:\/\/outilstice.com\/\"},{\"@type\":\"ListItem\",\"position\":2,\"name\":\"Education Civique\",\"item\":\"https:\/\/outilstice.com\/education-civique\/\"},{\"@type\":\"ListItem\",\"position\":3,\"name\":\"La revue de presse des journaux scolaires et lyc\u00e9ens 2015\"}]},{\"@type\":\"WebSite\",\"@id\":\"https:\/\/outilstice.com\/#website\",\"url\":\"https:\/\/outilstice.com\/\",\"name\":\"Les Outils Tice\",\"description\":\"L&#039;actualit\u00e9 des outils num\u00e9riques pour l&#039;\u00e9ducation\",\"publisher\":{\"@id\":\"https:\/\/outilstice.com\/#\/schema\/person\/ec4809142ef009f96b5af2c906a48cd0\"},\"potentialAction\":[{\"@type\":\"SearchAction\",\"target\":{\"@type\":\"EntryPoint\",\"urlTemplate\":\"https:\/\/outilstice.com\/?s={search_term_string}\"},\"query-input\":{\"@type\":\"PropertyValueSpecification\",\"valueRequired\":true,\"valueName\":\"search_term_string\"}}],\"inLanguage\":\"es\"},{\"@type\":[\"Person\",\"Organization\"],\"@id\":\"https:\/\/outilstice.com\/#\/schema\/person\/ec4809142ef009f96b5af2c906a48cd0\",\"name\":\"Fidel Navamuel\",\"image\":{\"@type\":\"ImageObject\",\"inLanguage\":\"es\",\"@id\":\"https:\/\/outilstice.com\/#\/schema\/person\/image\/\",\"url\":\"https:\/\/outilstice.com\/wp-content\/uploads\/2014\/11\/fidel.jpg\",\"contentUrl\":\"https:\/\/outilstice.com\/wp-content\/uploads\/2014\/11\/fidel.jpg\",\"width\":570,\"height\":428,\"caption\":\"Fidel Navamuel\"},\"logo\":{\"@id\":\"https:\/\/outilstice.com\/#\/schema\/person\/image\/\"},\"description\":\"Journaliste et responsable des sites \\\"Les Outils du Web\\\". Le r\u00e9seau \\\"Les Outils du Web\\\"regroupe sept sites d'information en ligne autour des nouvelles technologies, de la veille, des outils collaboratifs, des tice, de l'ia et du Web2. Responsable du d\u00e9veloppement de l'\u00e9cole des m\u00e9tiers de l'information \u00e0 Paris. Coop\u00e9rative de formation, l'\u00e9mi est reconnue pour ses formations qui accompagnent la mutation num\u00e9rique au c\u0153ur des m\u00e9tiers et des organisations.\",\"sameAs\":[\"https:\/\/outilstice.com\",\"https:\/\/www.facebook.com\/lesoutilsweb\",\"https:\/\/www.instagram.com\/outilstice\/\",\"http:\/\/fr.linkedin.com\/in\/navamuel\/\",\"http:\/\/www.pinterest.com\/fideln\/\",\"https:\/\/x.com\/outilstice\"],\"gender\":\"homme\",\"jobTitle\":\"Journaliste\"}]}<\/script>\n<!-- \/ Yoast SEO Premium plugin. -->","yoast_head_json":{"title":"La revue de presse des journaux scolaires et lyc\u00e9ens 2015 &#8211; Les Outils Tice","description":"Comment finir cette terrible ann\u00e9e\u00a02015 par un peu d\u2019espoir\u00a0? Peut-\u00eatre en lisant la d\u00e9sormais traditionnelle Revue de presse des journaux scolaires et","robots":{"index":"index","follow":"follow","max-snippet":"max-snippet:-1","max-image-preview":"max-image-preview:large","max-video-preview":"max-video-preview:-1"},"canonical":"https:\/\/outilstice.com\/es\/2015\/12\/la-revue-de-presse-des-journaux-scolaires-et-lyceens-2015\/","og_locale":"es_ES","og_type":"article","og_title":"La revue de presse des journaux scolaires et lyc\u00e9ens 2015","og_description":"Comment finir cette terrible ann\u00e9e\u00a02015 par un peu d\u2019espoir\u00a0? Peut-\u00eatre en lisant la d\u00e9sormais traditionnelle Revue de presse des journaux scolaires et","og_url":"https:\/\/outilstice.com\/es\/2015\/12\/la-revue-de-presse-des-journaux-scolaires-et-lyceens-2015\/","og_site_name":"Les Outils Tice","article_publisher":"https:\/\/www.facebook.com\/lesoutilsweb","article_author":"https:\/\/www.facebook.com\/lesoutilsweb","article_published_time":"2015-12-31T09:12:52+00:00","article_modified_time":"2025-02-21T14:23:43+00:00","og_image":[{"width":660,"height":291,"url":"https:\/\/outilstice.com\/wp-content\/uploads\/2015\/12\/clemi.jpg","type":"image\/jpeg"}],"author":"Fidel Navamuel","twitter_card":"summary_large_image","twitter_creator":"@outilstice","twitter_site":"@outilstice","twitter_misc":{"Escrito por":"Fidel Navamuel","Tiempo de lectura":"3 minutos"},"schema":{"@context":"https:\/\/schema.org","@graph":[{"@type":["Article","BlogPosting"],"@id":"https:\/\/outilstice.com\/2015\/12\/la-revue-de-presse-des-journaux-scolaires-et-lyceens-2015\/#article","isPartOf":{"@id":"https:\/\/outilstice.com\/2015\/12\/la-revue-de-presse-des-journaux-scolaires-et-lyceens-2015\/"},"author":{"name":"Fidel Navamuel","@id":"https:\/\/outilstice.com\/#\/schema\/person\/ec4809142ef009f96b5af2c906a48cd0"},"headline":"La revue de presse des journaux scolaires et lyc\u00e9ens 2015","datePublished":"2015-12-31T09:12:52+00:00","dateModified":"2025-02-21T14:23:43+00:00","mainEntityOfPage":{"@id":"https:\/\/outilstice.com\/2015\/12\/la-revue-de-presse-des-journaux-scolaires-et-lyceens-2015\/"},"wordCount":631,"commentCount":0,"publisher":{"@id":"https:\/\/outilstice.com\/#\/schema\/person\/ec4809142ef009f96b5af2c906a48cd0"},"image":{"@id":"https:\/\/outilstice.com\/2015\/12\/la-revue-de-presse-des-journaux-scolaires-et-lyceens-2015\/#primaryimage"},"thumbnailUrl":"https:\/\/outilstice.com\/wp-content\/uploads\/2015\/12\/clemi.jpg","keywords":["Clemi","EMI","Images","Presse","Ressources"],"articleSection":["Education Civique","EMI"],"inLanguage":"es","potentialAction":[{"@type":"CommentAction","name":"Comment","target":["https:\/\/outilstice.com\/2015\/12\/la-revue-de-presse-des-journaux-scolaires-et-lyceens-2015\/#respond"]}]},{"@type":"WebPage","@id":"https:\/\/outilstice.com\/2015\/12\/la-revue-de-presse-des-journaux-scolaires-et-lyceens-2015\/","url":"https:\/\/outilstice.com\/2015\/12\/la-revue-de-presse-des-journaux-scolaires-et-lyceens-2015\/","name":"La revue de presse des journaux scolaires et lyc\u00e9ens 2015 &#8211; Les Outils Tice","isPartOf":{"@id":"https:\/\/outilstice.com\/#website"},"primaryImageOfPage":{"@id":"https:\/\/outilstice.com\/2015\/12\/la-revue-de-presse-des-journaux-scolaires-et-lyceens-2015\/#primaryimage"},"image":{"@id":"https:\/\/outilstice.com\/2015\/12\/la-revue-de-presse-des-journaux-scolaires-et-lyceens-2015\/#primaryimage"},"thumbnailUrl":"https:\/\/outilstice.com\/wp-content\/uploads\/2015\/12\/clemi.jpg","datePublished":"2015-12-31T09:12:52+00:00","dateModified":"2025-02-21T14:23:43+00:00","description":"Comment finir cette terrible ann\u00e9e\u00a02015 par un peu d\u2019espoir\u00a0? Peut-\u00eatre en lisant la d\u00e9sormais traditionnelle Revue de presse des journaux scolaires et","breadcrumb":{"@id":"https:\/\/outilstice.com\/2015\/12\/la-revue-de-presse-des-journaux-scolaires-et-lyceens-2015\/#breadcrumb"},"inLanguage":"es","potentialAction":[{"@type":"ReadAction","target":["https:\/\/outilstice.com\/2015\/12\/la-revue-de-presse-des-journaux-scolaires-et-lyceens-2015\/"]}]},{"@type":"ImageObject","inLanguage":"es","@id":"https:\/\/outilstice.com\/2015\/12\/la-revue-de-presse-des-journaux-scolaires-et-lyceens-2015\/#primaryimage","url":"https:\/\/outilstice.com\/wp-content\/uploads\/2015\/12\/clemi.jpg","contentUrl":"https:\/\/outilstice.com\/wp-content\/uploads\/2015\/12\/clemi.jpg","width":660,"height":291,"caption":"Clemi"},{"@type":"BreadcrumbList","@id":"https:\/\/outilstice.com\/2015\/12\/la-revue-de-presse-des-journaux-scolaires-et-lyceens-2015\/#breadcrumb","itemListElement":[{"@type":"ListItem","position":1,"name":"Accueil","item":"https:\/\/outilstice.com\/"},{"@type":"ListItem","position":2,"name":"Education Civique","item":"https:\/\/outilstice.com\/education-civique\/"},{"@type":"ListItem","position":3,"name":"La revue de presse des journaux scolaires et lyc\u00e9ens 2015"}]},{"@type":"WebSite","@id":"https:\/\/outilstice.com\/#website","url":"https:\/\/outilstice.com\/","name":"Les Outils Tice","description":"L&#039;actualit\u00e9 des outils num\u00e9riques pour l&#039;\u00e9ducation","publisher":{"@id":"https:\/\/outilstice.com\/#\/schema\/person\/ec4809142ef009f96b5af2c906a48cd0"},"potentialAction":[{"@type":"SearchAction","target":{"@type":"EntryPoint","urlTemplate":"https:\/\/outilstice.com\/?s={search_term_string}"},"query-input":{"@type":"PropertyValueSpecification","valueRequired":true,"valueName":"search_term_string"}}],"inLanguage":"es"},{"@type":["Person","Organization"],"@id":"https:\/\/outilstice.com\/#\/schema\/person\/ec4809142ef009f96b5af2c906a48cd0","name":"Fidel Navamuel","image":{"@type":"ImageObject","inLanguage":"es","@id":"https:\/\/outilstice.com\/#\/schema\/person\/image\/","url":"https:\/\/outilstice.com\/wp-content\/uploads\/2014\/11\/fidel.jpg","contentUrl":"https:\/\/outilstice.com\/wp-content\/uploads\/2014\/11\/fidel.jpg","width":570,"height":428,"caption":"Fidel Navamuel"},"logo":{"@id":"https:\/\/outilstice.com\/#\/schema\/person\/image\/"},"description":"Journaliste et responsable des sites \"Les Outils du Web\". Le r\u00e9seau \"Les Outils du Web\"regroupe sept sites d'information en ligne autour des nouvelles technologies, de la veille, des outils collaboratifs, des tice, de l'ia et du Web2. Responsable du d\u00e9veloppement de l'\u00e9cole des m\u00e9tiers de l'information \u00e0 Paris. Coop\u00e9rative de formation, l'\u00e9mi est reconnue pour ses formations qui accompagnent la mutation num\u00e9rique au c\u0153ur des m\u00e9tiers et des organisations.","sameAs":["https:\/\/outilstice.com","https:\/\/www.facebook.com\/lesoutilsweb","https:\/\/www.instagram.com\/outilstice\/","http:\/\/fr.linkedin.com\/in\/navamuel\/","http:\/\/www.pinterest.com\/fideln\/","https:\/\/x.com\/outilstice"],"gender":"homme","jobTitle":"Journaliste"}]}},"modified_by":"Fidel Navamuel","_links":{"self":[{"href":"https:\/\/outilstice.com\/es\/wp-json\/wp\/v2\/posts\/2790"}],"collection":[{"href":"https:\/\/outilstice.com\/es\/wp-json\/wp\/v2\/posts"}],"about":[{"href":"https:\/\/outilstice.com\/es\/wp-json\/wp\/v2\/types\/post"}],"author":[{"embeddable":true,"href":"https:\/\/outilstice.com\/es\/wp-json\/wp\/v2\/users\/1"}],"replies":[{"embeddable":true,"href":"https:\/\/outilstice.com\/es\/wp-json\/wp\/v2\/comments?post=2790"}],"version-history":[{"count":1,"href":"https:\/\/outilstice.com\/es\/wp-json\/wp\/v2\/posts\/2790\/revisions"}],"predecessor-version":[{"id":14275,"href":"https:\/\/outilstice.com\/es\/wp-json\/wp\/v2\/posts\/2790\/revisions\/14275"}],"wp:featuredmedia":[{"embeddable":true,"href":"https:\/\/outilstice.com\/es\/wp-json\/wp\/v2\/media\/2791"}],"wp:attachment":[{"href":"https:\/\/outilstice.com\/es\/wp-json\/wp\/v2\/media?parent=2790"}],"wp:term":[{"taxonomy":"category","embeddable":true,"href":"https:\/\/outilstice.com\/es\/wp-json\/wp\/v2\/categories?post=2790"},{"taxonomy":"post_tag","embeddable":true,"href":"https:\/\/outilstice.com\/es\/wp-json\/wp\/v2\/tags?post=2790"}],"curies":[{"name":"wp","href":"https:\/\/api.w.org\/{rel}","templated":true}]}}