{"id":6982,"date":"2019-11-07T12:58:56","date_gmt":"2019-11-07T10:58:56","guid":{"rendered":"https:\/\/outilstice.com\/?p=6982"},"modified":"2020-06-20T14:21:53","modified_gmt":"2020-06-20T12:21:53","slug":"adobe-education-ateliers-numeriques-educatec-educatice","status":"publish","type":"post","link":"https:\/\/outilstice.com\/es\/2019\/11\/adobe-education-ateliers-numeriques-educatec-educatice\/","title":{"rendered":"Del 20 al 22 de noviembre, Adobe Education te invita a participar en talleres digitales en Educatec-Educatice"},"content":{"rendered":"<p><strong>Comunicado de Adobe Education.<\/strong><\/p>\n<p><strong>Adobe Educaci\u00f3n<\/strong>\u00a0ser\u00e1 de\u00a0<strong>20-22 de noviembre en Educatec-Educatice <\/strong>en la Porte de Versailles de Par\u00eds. \u00a1Esperamos conocerte all\u00ed!<\/p>\n<p><strong>Ven a vernos Stand H28 y Sala J42.<\/strong><\/p>\n<h2>Talleres digitales con estudiantes de secundaria y primaria<\/h2>\n<p>Este a\u00f1o, podr\u00e1s descubrir en nuestro stand (H28) c\u00f3mo<strong>\u00a0Estudiantes de ense\u00f1anza media y primaria<\/strong>, ayudado por un profesor, utilizar nuestras aplicaciones creativas para llevar a cabo un proyecto creativo.<\/p>\n<h2>Talleres digitales de acceso abierto<\/h2>\n<p><img loading=\"lazy\" decoding=\"async\" class=\"aligncenter size-full wp-image-6983\" src=\"https:\/\/outilstice.com\/wp-content\/uploads\/2019\/11\/ADOBE_banniere_01_v3.gif\" alt=\"\" width=\"728\" height=\"91\" \/><\/p>\n<p>A continuaci\u00f3n encontrar\u00e1 el programa completo de nuestros talleres digitales de acceso abierto. Se mantendr\u00e1n de pie <strong>todos los d\u00edas de las 10.00 a las 17.00 horas en la sala J42<\/strong>. Usted ser\u00e1 capaz de descubrir c\u00f3mo utilizar nuestras aplicaciones creativas con sus estudiantes.<\/p>\n<ul>\n<li>10:00-10:45: Aprende a hacer una c\u00e1psula de video en clase con Spark Video.<\/li>\n<li>10:45-11:30: Aprende a crear un p\u00f3ster con Spark Post.<\/li>\n<li>11:30-12:15: Descubre c\u00f3mo hacer un reportaje fotogr\u00e1fico sobre la ciudad con Lightroom.<\/li>\n<li>12:15-13:00: Descubre c\u00f3mo hacer una presentaci\u00f3n sobre el color en la naturaleza en forma de blog con Spark Page.<\/li>\n<li>13:00-13:45: Descubra c\u00f3mo hacer el video de una entrevista filmada con Premiere Rush.<\/li>\n<li>1:45 p.m. a 2:30 p.m.: Aprenda c\u00f3mo hacer una c\u00e1psula de video en clase con Spark Video.<\/li>\n<li>2:30-15:15 pm: Aprenda c\u00f3mo crear una publicaci\u00f3n de blog sobre el simbolismo del color con Spark Page.<\/li>\n<li>15:15-16:00: Descubre c\u00f3mo hacer el video de una entrevista filmada con Premiere Rush.<\/li>\n<li>16:00-16:45: Aprende a crear una c\u00e1psula de v\u00eddeo en clase con Spark Video.<\/li>\n<li>16:45-17:30: Descubre c\u00f3mo crear un reportaje fotogr\u00e1fico en la ciudad con Lightroom.<\/li>\n<\/ul>\n<p><a href=\"https:\/\/outilstice.com\/wp-content\/uploads\/2019\/11\/Programme-Educatice-2019-1.pdf\" target=\"_blank\"><strong>El programa completo se puede descargar aqu\u00ed.<\/strong><\/a><\/p>\n<p>No dudes en visitar nuestra web para m\u00e1s informaci\u00f3n sobre nuestras ofertas dedicadas a profesores e instituciones educativas \u2026<\/p>\n<p style=\"text-align: center;\"><strong><a href=\"https:\/\/www.adobe.com\/fr\/education\/schools.html?sdid=GHMVYHJ1&amp;mv=other\" target=\"_blank\">Ofrecer establecimientos<\/a> &#8211; <a href=\"http:\/\/www.adobe.com\/fr\/creativecloud\/buy\/students.html\" target=\"_blank\">Oferta de profesores<\/a><\/strong><\/p>\n<p>\u00a1Nos vemos pronto!<\/p>\n<p><strong>El equipo de Adobe Education<\/strong><\/p>","protected":false},"excerpt":{"rendered":"<p>Comunicado de Adobe Education. Adobe Education estar\u00e1 del 20 al 22 de noviembre en la feria Educatec-Educatice en la Porte de Versailles de Par\u00eds. \u00a1Esperamos conocerte all\u00ed! Ven a vernos Stand H28 y Sala J42....<\/p>","protected":false},"author":1,"featured_media":6984,"comment_status":"open","ping_status":"open","sticky":false,"template":"","format":"standard","meta":{"content-type":"","_lmt_disableupdate":"","_lmt_disable":"","footnotes":""},"categories":[7182,6305],"tags":[135,132,6069],"yoast_head":"<!-- This site is optimized with the Yoast SEO Premium plugin v20.4 (Yoast SEO v23.4) - https:\/\/yoast.com\/wordpress\/plugins\/seo\/ -->\n<title>Du 20 au 22 novembre, Adobe Education vous invite \u00e0 participer \u00e0 des ateliers num\u00e9riques \u00e0 Educatec-Educatice &#8211; Les Outils Tice<\/title>\n<meta name=\"description\" content=\"Adobe Education\u00a0sera du\u00a020 au 22 novembre au salon Educatec-Educatice. Au programme des ateliers num\u00e9riques en acc\u00e8s libre pour tous les enseignants.\" \/>\n<meta name=\"robots\" content=\"index, follow, max-snippet:-1, max-image-preview:large, max-video-preview:-1\" \/>\n<link rel=\"canonical\" href=\"https:\/\/outilstice.com\/es\/2019\/11\/adobe-education-ateliers-numeriques-educatec-educatice\/\" \/>\n<meta property=\"og:locale\" content=\"es_ES\" \/>\n<meta property=\"og:type\" content=\"article\" \/>\n<meta property=\"og:title\" content=\"Du 20 au 22 novembre, Adobe Education vous invite \u00e0 participer \u00e0 des ateliers num\u00e9riques \u00e0 Educatec-Educatice\" \/>\n<meta property=\"og:description\" content=\"Adobe Education sera du 20 au 22 novembre au salon Educatec-Educatice \u00e0 la Porte de Versailles \u00e0 Paris. Au programme des ateliers num\u00e9riques en acc\u00e8s libre pour tous les enseignants.\" \/>\n<meta property=\"og:url\" content=\"https:\/\/outilstice.com\/es\/2019\/11\/adobe-education-ateliers-numeriques-educatec-educatice\/\" \/>\n<meta property=\"og:site_name\" content=\"Les Outils Tice\" \/>\n<meta property=\"article:publisher\" content=\"https:\/\/www.facebook.com\/lesoutilsweb\" \/>\n<meta property=\"article:author\" content=\"https:\/\/www.facebook.com\/lesoutilsweb\" \/>\n<meta property=\"article:published_time\" content=\"2019-11-07T10:58:56+00:00\" \/>\n<meta property=\"article:modified_time\" content=\"2020-06-20T12:21:53+00:00\" \/>\n<meta property=\"og:image\" content=\"https:\/\/outilstice.com\/wp-content\/uploads\/2019\/11\/CleanShot-2019-11-07-at-11.45.38@2x.jpg\" \/>\n\t<meta property=\"og:image:width\" content=\"1741\" \/>\n\t<meta property=\"og:image:height\" content=\"924\" \/>\n\t<meta property=\"og:image:type\" content=\"image\/jpeg\" \/>\n<meta name=\"author\" content=\"Fidel Navamuel\" \/>\n<meta name=\"twitter:card\" content=\"summary_large_image\" \/>\n<meta name=\"twitter:description\" content=\"Communiqu\u00e9 d&#039;Adobe \u00c9ducation. Adobe Education\u00a0sera du\u00a020 au 22 novembre au salon Educatec-Educatice \u00e0 la Porte de Versailles \u00e0 Paris. Nous esp\u00e9rons\" \/>\n<meta name=\"twitter:creator\" content=\"@outilstice\" \/>\n<meta name=\"twitter:site\" content=\"@outilstice\" \/>\n<meta name=\"twitter:label1\" content=\"Escrito por\" \/>\n\t<meta name=\"twitter:data1\" content=\"Fidel Navamuel\" \/>\n\t<meta name=\"twitter:label2\" content=\"Tiempo de lectura\" \/>\n\t<meta name=\"twitter:data2\" content=\"2 minutos\" \/>\n<script type=\"application\/ld+json\" class=\"yoast-schema-graph\">{\"@context\":\"https:\/\/schema.org\",\"@graph\":[{\"@type\":[\"Article\",\"BlogPosting\"],\"@id\":\"https:\/\/outilstice.com\/2019\/11\/adobe-education-ateliers-numeriques-educatec-educatice\/#article\",\"isPartOf\":{\"@id\":\"https:\/\/outilstice.com\/2019\/11\/adobe-education-ateliers-numeriques-educatec-educatice\/\"},\"author\":{\"name\":\"Fidel Navamuel\",\"@id\":\"https:\/\/outilstice.com\/#\/schema\/person\/ec4809142ef009f96b5af2c906a48cd0\"},\"headline\":\"Du 20 au 22 novembre, Adobe Education vous invite \u00e0 participer \u00e0 des ateliers num\u00e9riques \u00e0 Educatec-Educatice\",\"datePublished\":\"2019-11-07T10:58:56+00:00\",\"dateModified\":\"2020-06-20T12:21:53+00:00\",\"mainEntityOfPage\":{\"@id\":\"https:\/\/outilstice.com\/2019\/11\/adobe-education-ateliers-numeriques-educatec-educatice\/\"},\"wordCount\":372,\"commentCount\":0,\"publisher\":{\"@id\":\"https:\/\/outilstice.com\/#\/schema\/person\/ec4809142ef009f96b5af2c906a48cd0\"},\"image\":{\"@id\":\"https:\/\/outilstice.com\/2019\/11\/adobe-education-ateliers-numeriques-educatec-educatice\/#primaryimage\"},\"thumbnailUrl\":\"https:\/\/outilstice.com\/wp-content\/uploads\/2019\/11\/CleanShot-2019-11-07-at-11.45.38@2x.jpg\",\"keywords\":[\"Adobe\",\"Communiqu\u00e9s\",\"Salons\"],\"articleSection\":[\"Communiqu\u00e9s\",\"\u00c9v\u00e8nements\"],\"inLanguage\":\"es\",\"potentialAction\":[{\"@type\":\"CommentAction\",\"name\":\"Comment\",\"target\":[\"https:\/\/outilstice.com\/2019\/11\/adobe-education-ateliers-numeriques-educatec-educatice\/#respond\"]}]},{\"@type\":\"WebPage\",\"@id\":\"https:\/\/outilstice.com\/2019\/11\/adobe-education-ateliers-numeriques-educatec-educatice\/\",\"url\":\"https:\/\/outilstice.com\/2019\/11\/adobe-education-ateliers-numeriques-educatec-educatice\/\",\"name\":\"Du 20 au 22 novembre, Adobe Education vous invite \u00e0 participer \u00e0 des ateliers num\u00e9riques \u00e0 Educatec-Educatice &#8211; Les Outils Tice\",\"isPartOf\":{\"@id\":\"https:\/\/outilstice.com\/#website\"},\"primaryImageOfPage\":{\"@id\":\"https:\/\/outilstice.com\/2019\/11\/adobe-education-ateliers-numeriques-educatec-educatice\/#primaryimage\"},\"image\":{\"@id\":\"https:\/\/outilstice.com\/2019\/11\/adobe-education-ateliers-numeriques-educatec-educatice\/#primaryimage\"},\"thumbnailUrl\":\"https:\/\/outilstice.com\/wp-content\/uploads\/2019\/11\/CleanShot-2019-11-07-at-11.45.38@2x.jpg\",\"datePublished\":\"2019-11-07T10:58:56+00:00\",\"dateModified\":\"2020-06-20T12:21:53+00:00\",\"description\":\"Adobe Education\u00a0sera du\u00a020 au 22 novembre au salon Educatec-Educatice. Au programme des ateliers num\u00e9riques en acc\u00e8s libre pour tous les enseignants.\",\"breadcrumb\":{\"@id\":\"https:\/\/outilstice.com\/2019\/11\/adobe-education-ateliers-numeriques-educatec-educatice\/#breadcrumb\"},\"inLanguage\":\"es\",\"potentialAction\":[{\"@type\":\"ReadAction\",\"target\":[\"https:\/\/outilstice.com\/2019\/11\/adobe-education-ateliers-numeriques-educatec-educatice\/\"]}]},{\"@type\":\"ImageObject\",\"inLanguage\":\"es\",\"@id\":\"https:\/\/outilstice.com\/2019\/11\/adobe-education-ateliers-numeriques-educatec-educatice\/#primaryimage\",\"url\":\"https:\/\/outilstice.com\/wp-content\/uploads\/2019\/11\/CleanShot-2019-11-07-at-11.45.38@2x.jpg\",\"contentUrl\":\"https:\/\/outilstice.com\/wp-content\/uploads\/2019\/11\/CleanShot-2019-11-07-at-11.45.38@2x.jpg\",\"width\":1741,\"height\":924},{\"@type\":\"BreadcrumbList\",\"@id\":\"https:\/\/outilstice.com\/2019\/11\/adobe-education-ateliers-numeriques-educatec-educatice\/#breadcrumb\",\"itemListElement\":[{\"@type\":\"ListItem\",\"position\":1,\"name\":\"Accueil\",\"item\":\"https:\/\/outilstice.com\/\"},{\"@type\":\"ListItem\",\"position\":2,\"name\":\"Communiqu\u00e9s\",\"item\":\"https:\/\/outilstice.com\/communiques\/\"},{\"@type\":\"ListItem\",\"position\":3,\"name\":\"Du 20 au 22 novembre, Adobe Education vous invite \u00e0 participer \u00e0 des ateliers num\u00e9riques \u00e0 Educatec-Educatice\"}]},{\"@type\":\"WebSite\",\"@id\":\"https:\/\/outilstice.com\/#website\",\"url\":\"https:\/\/outilstice.com\/\",\"name\":\"Les Outils Tice\",\"description\":\"L&#039;actualit\u00e9 des outils num\u00e9riques pour l&#039;\u00e9ducation\",\"publisher\":{\"@id\":\"https:\/\/outilstice.com\/#\/schema\/person\/ec4809142ef009f96b5af2c906a48cd0\"},\"potentialAction\":[{\"@type\":\"SearchAction\",\"target\":{\"@type\":\"EntryPoint\",\"urlTemplate\":\"https:\/\/outilstice.com\/?s={search_term_string}\"},\"query-input\":{\"@type\":\"PropertyValueSpecification\",\"valueRequired\":true,\"valueName\":\"search_term_string\"}}],\"inLanguage\":\"es\"},{\"@type\":[\"Person\",\"Organization\"],\"@id\":\"https:\/\/outilstice.com\/#\/schema\/person\/ec4809142ef009f96b5af2c906a48cd0\",\"name\":\"Fidel Navamuel\",\"image\":{\"@type\":\"ImageObject\",\"inLanguage\":\"es\",\"@id\":\"https:\/\/outilstice.com\/#\/schema\/person\/image\/\",\"url\":\"https:\/\/outilstice.com\/wp-content\/uploads\/2014\/11\/fidel.jpg\",\"contentUrl\":\"https:\/\/outilstice.com\/wp-content\/uploads\/2014\/11\/fidel.jpg\",\"width\":570,\"height\":428,\"caption\":\"Fidel Navamuel\"},\"logo\":{\"@id\":\"https:\/\/outilstice.com\/#\/schema\/person\/image\/\"},\"description\":\"Journaliste et responsable des sites \\\"Les Outils du Web\\\". Le r\u00e9seau \\\"Les Outils du Web\\\"regroupe sept sites d'information en ligne autour des nouvelles technologies, de la veille, des outils collaboratifs, des tice, de l'ia et du Web2. Responsable du d\u00e9veloppement de l'\u00e9cole des m\u00e9tiers de l'information \u00e0 Paris. Coop\u00e9rative de formation, l'\u00e9mi est reconnue pour ses formations qui accompagnent la mutation num\u00e9rique au c\u0153ur des m\u00e9tiers et des organisations.\",\"sameAs\":[\"https:\/\/outilstice.com\",\"https:\/\/www.facebook.com\/lesoutilsweb\",\"https:\/\/www.instagram.com\/outilstice\/\",\"http:\/\/fr.linkedin.com\/in\/navamuel\/\",\"http:\/\/www.pinterest.com\/fideln\/\",\"https:\/\/x.com\/outilstice\"],\"gender\":\"homme\",\"jobTitle\":\"Journaliste\"}]}<\/script>\n<!-- \/ Yoast SEO Premium plugin. -->","yoast_head_json":{"title":"Du 20 au 22 novembre, Adobe Education vous invite \u00e0 participer \u00e0 des ateliers num\u00e9riques \u00e0 Educatec-Educatice &#8211; Les Outils Tice","description":"Adobe Education\u00a0sera du\u00a020 au 22 novembre au salon Educatec-Educatice. Au programme des ateliers num\u00e9riques en acc\u00e8s libre pour tous les enseignants.","robots":{"index":"index","follow":"follow","max-snippet":"max-snippet:-1","max-image-preview":"max-image-preview:large","max-video-preview":"max-video-preview:-1"},"canonical":"https:\/\/outilstice.com\/es\/2019\/11\/adobe-education-ateliers-numeriques-educatec-educatice\/","og_locale":"es_ES","og_type":"article","og_title":"Du 20 au 22 novembre, Adobe Education vous invite \u00e0 participer \u00e0 des ateliers num\u00e9riques \u00e0 Educatec-Educatice","og_description":"Adobe Education sera du 20 au 22 novembre au salon Educatec-Educatice \u00e0 la Porte de Versailles \u00e0 Paris. Au programme des ateliers num\u00e9riques en acc\u00e8s libre pour tous les enseignants.","og_url":"https:\/\/outilstice.com\/es\/2019\/11\/adobe-education-ateliers-numeriques-educatec-educatice\/","og_site_name":"Les Outils Tice","article_publisher":"https:\/\/www.facebook.com\/lesoutilsweb","article_author":"https:\/\/www.facebook.com\/lesoutilsweb","article_published_time":"2019-11-07T10:58:56+00:00","article_modified_time":"2020-06-20T12:21:53+00:00","og_image":[{"width":1741,"height":924,"url":"https:\/\/outilstice.com\/wp-content\/uploads\/2019\/11\/CleanShot-2019-11-07-at-11.45.38@2x.jpg","type":"image\/jpeg"}],"author":"Fidel Navamuel","twitter_card":"summary_large_image","twitter_description":"Communiqu\u00e9 d'Adobe \u00c9ducation. Adobe Education\u00a0sera du\u00a020 au 22 novembre au salon Educatec-Educatice \u00e0 la Porte de Versailles \u00e0 Paris. Nous esp\u00e9rons","twitter_creator":"@outilstice","twitter_site":"@outilstice","twitter_misc":{"Escrito por":"Fidel Navamuel","Tiempo de lectura":"2 minutos"},"schema":{"@context":"https:\/\/schema.org","@graph":[{"@type":["Article","BlogPosting"],"@id":"https:\/\/outilstice.com\/2019\/11\/adobe-education-ateliers-numeriques-educatec-educatice\/#article","isPartOf":{"@id":"https:\/\/outilstice.com\/2019\/11\/adobe-education-ateliers-numeriques-educatec-educatice\/"},"author":{"name":"Fidel Navamuel","@id":"https:\/\/outilstice.com\/#\/schema\/person\/ec4809142ef009f96b5af2c906a48cd0"},"headline":"Du 20 au 22 novembre, Adobe Education vous invite \u00e0 participer \u00e0 des ateliers num\u00e9riques \u00e0 Educatec-Educatice","datePublished":"2019-11-07T10:58:56+00:00","dateModified":"2020-06-20T12:21:53+00:00","mainEntityOfPage":{"@id":"https:\/\/outilstice.com\/2019\/11\/adobe-education-ateliers-numeriques-educatec-educatice\/"},"wordCount":372,"commentCount":0,"publisher":{"@id":"https:\/\/outilstice.com\/#\/schema\/person\/ec4809142ef009f96b5af2c906a48cd0"},"image":{"@id":"https:\/\/outilstice.com\/2019\/11\/adobe-education-ateliers-numeriques-educatec-educatice\/#primaryimage"},"thumbnailUrl":"https:\/\/outilstice.com\/wp-content\/uploads\/2019\/11\/CleanShot-2019-11-07-at-11.45.38@2x.jpg","keywords":["Adobe","Communiqu\u00e9s","Salons"],"articleSection":["Communiqu\u00e9s","\u00c9v\u00e8nements"],"inLanguage":"es","potentialAction":[{"@type":"CommentAction","name":"Comment","target":["https:\/\/outilstice.com\/2019\/11\/adobe-education-ateliers-numeriques-educatec-educatice\/#respond"]}]},{"@type":"WebPage","@id":"https:\/\/outilstice.com\/2019\/11\/adobe-education-ateliers-numeriques-educatec-educatice\/","url":"https:\/\/outilstice.com\/2019\/11\/adobe-education-ateliers-numeriques-educatec-educatice\/","name":"Du 20 au 22 novembre, Adobe Education vous invite \u00e0 participer \u00e0 des ateliers num\u00e9riques \u00e0 Educatec-Educatice &#8211; Les Outils Tice","isPartOf":{"@id":"https:\/\/outilstice.com\/#website"},"primaryImageOfPage":{"@id":"https:\/\/outilstice.com\/2019\/11\/adobe-education-ateliers-numeriques-educatec-educatice\/#primaryimage"},"image":{"@id":"https:\/\/outilstice.com\/2019\/11\/adobe-education-ateliers-numeriques-educatec-educatice\/#primaryimage"},"thumbnailUrl":"https:\/\/outilstice.com\/wp-content\/uploads\/2019\/11\/CleanShot-2019-11-07-at-11.45.38@2x.jpg","datePublished":"2019-11-07T10:58:56+00:00","dateModified":"2020-06-20T12:21:53+00:00","description":"Adobe Education\u00a0sera du\u00a020 au 22 novembre au salon Educatec-Educatice. Au programme des ateliers num\u00e9riques en acc\u00e8s libre pour tous les enseignants.","breadcrumb":{"@id":"https:\/\/outilstice.com\/2019\/11\/adobe-education-ateliers-numeriques-educatec-educatice\/#breadcrumb"},"inLanguage":"es","potentialAction":[{"@type":"ReadAction","target":["https:\/\/outilstice.com\/2019\/11\/adobe-education-ateliers-numeriques-educatec-educatice\/"]}]},{"@type":"ImageObject","inLanguage":"es","@id":"https:\/\/outilstice.com\/2019\/11\/adobe-education-ateliers-numeriques-educatec-educatice\/#primaryimage","url":"https:\/\/outilstice.com\/wp-content\/uploads\/2019\/11\/CleanShot-2019-11-07-at-11.45.38@2x.jpg","contentUrl":"https:\/\/outilstice.com\/wp-content\/uploads\/2019\/11\/CleanShot-2019-11-07-at-11.45.38@2x.jpg","width":1741,"height":924},{"@type":"BreadcrumbList","@id":"https:\/\/outilstice.com\/2019\/11\/adobe-education-ateliers-numeriques-educatec-educatice\/#breadcrumb","itemListElement":[{"@type":"ListItem","position":1,"name":"Accueil","item":"https:\/\/outilstice.com\/"},{"@type":"ListItem","position":2,"name":"Communiqu\u00e9s","item":"https:\/\/outilstice.com\/communiques\/"},{"@type":"ListItem","position":3,"name":"Du 20 au 22 novembre, Adobe Education vous invite \u00e0 participer \u00e0 des ateliers num\u00e9riques \u00e0 Educatec-Educatice"}]},{"@type":"WebSite","@id":"https:\/\/outilstice.com\/#website","url":"https:\/\/outilstice.com\/","name":"Les Outils Tice","description":"L&#039;actualit\u00e9 des outils num\u00e9riques pour l&#039;\u00e9ducation","publisher":{"@id":"https:\/\/outilstice.com\/#\/schema\/person\/ec4809142ef009f96b5af2c906a48cd0"},"potentialAction":[{"@type":"SearchAction","target":{"@type":"EntryPoint","urlTemplate":"https:\/\/outilstice.com\/?s={search_term_string}"},"query-input":{"@type":"PropertyValueSpecification","valueRequired":true,"valueName":"search_term_string"}}],"inLanguage":"es"},{"@type":["Person","Organization"],"@id":"https:\/\/outilstice.com\/#\/schema\/person\/ec4809142ef009f96b5af2c906a48cd0","name":"Fidel Navamuel","image":{"@type":"ImageObject","inLanguage":"es","@id":"https:\/\/outilstice.com\/#\/schema\/person\/image\/","url":"https:\/\/outilstice.com\/wp-content\/uploads\/2014\/11\/fidel.jpg","contentUrl":"https:\/\/outilstice.com\/wp-content\/uploads\/2014\/11\/fidel.jpg","width":570,"height":428,"caption":"Fidel Navamuel"},"logo":{"@id":"https:\/\/outilstice.com\/#\/schema\/person\/image\/"},"description":"Journaliste et responsable des sites \"Les Outils du Web\". Le r\u00e9seau \"Les Outils du Web\"regroupe sept sites d'information en ligne autour des nouvelles technologies, de la veille, des outils collaboratifs, des tice, de l'ia et du Web2. Responsable du d\u00e9veloppement de l'\u00e9cole des m\u00e9tiers de l'information \u00e0 Paris. Coop\u00e9rative de formation, l'\u00e9mi est reconnue pour ses formations qui accompagnent la mutation num\u00e9rique au c\u0153ur des m\u00e9tiers et des organisations.","sameAs":["https:\/\/outilstice.com","https:\/\/www.facebook.com\/lesoutilsweb","https:\/\/www.instagram.com\/outilstice\/","http:\/\/fr.linkedin.com\/in\/navamuel\/","http:\/\/www.pinterest.com\/fideln\/","https:\/\/x.com\/outilstice"],"gender":"homme","jobTitle":"Journaliste"}]}},"modified_by":"Fidel Navamuel","_links":{"self":[{"href":"https:\/\/outilstice.com\/es\/wp-json\/wp\/v2\/posts\/6982"}],"collection":[{"href":"https:\/\/outilstice.com\/es\/wp-json\/wp\/v2\/posts"}],"about":[{"href":"https:\/\/outilstice.com\/es\/wp-json\/wp\/v2\/types\/post"}],"author":[{"embeddable":true,"href":"https:\/\/outilstice.com\/es\/wp-json\/wp\/v2\/users\/1"}],"replies":[{"embeddable":true,"href":"https:\/\/outilstice.com\/es\/wp-json\/wp\/v2\/comments?post=6982"}],"version-history":[{"count":0,"href":"https:\/\/outilstice.com\/es\/wp-json\/wp\/v2\/posts\/6982\/revisions"}],"wp:featuredmedia":[{"embeddable":true,"href":"https:\/\/outilstice.com\/es\/wp-json\/wp\/v2\/media\/6984"}],"wp:attachment":[{"href":"https:\/\/outilstice.com\/es\/wp-json\/wp\/v2\/media?parent=6982"}],"wp:term":[{"taxonomy":"category","embeddable":true,"href":"https:\/\/outilstice.com\/es\/wp-json\/wp\/v2\/categories?post=6982"},{"taxonomy":"post_tag","embeddable":true,"href":"https:\/\/outilstice.com\/es\/wp-json\/wp\/v2\/tags?post=6982"}],"curies":[{"name":"wp","href":"https:\/\/api.w.org\/{rel}","templated":true}]}}