{"id":7943,"date":"2020-05-24T17:54:21","date_gmt":"2020-05-24T15:54:21","guid":{"rendered":"https:\/\/outilstice.com\/?p=7943"},"modified":"2025-02-12T13:55:40","modified_gmt":"2025-02-12T11:55:40","slug":"parler-du-coronavirus-aux-enfants","status":"publish","type":"post","link":"https:\/\/outilstice.com\/es\/2020\/05\/parler-du-coronavirus-aux-enfants\/","title":{"rendered":"Coco el virus. Un aliado para hablar con los ni\u00f1os sobre el Coronavirus."},"content":{"rendered":"<p><strong>\u00bfC\u00f3mo podemos hablar con los ni\u00f1os sobre la pandemia de Coronavoris?<\/strong> No es nada f\u00e1cil y sobre todo a la hora de abordar los diferentes aspectos de esta crisis sanitaria sin precedentes con los m\u00e1s peque\u00f1os. Paul y Margerite de Livron son hermanos. \u00c9l es ingeniero, ella es psicom\u00e9trica. Inventaron un personaje Coco Le Virus y una multitud de apoyos para explicar la crisis de Corona a los ni\u00f1os. Si <a title=\"Prensa juvenil\" href=\"https:\/\/outilstice.com\/2020\/03\/tous-les-titres-de-la-presse-jeunesse-gratuits-pendant-la-periode-de-confinement\/\" target=\"_blank\" rel=\"noopener noreferrer\">la Prensa Juvenil <\/a>Coco ha publicado muchos n\u00fameros especiales dedicados a la crisis sanitaria, ha logrado seguir la evoluci\u00f3n de la pandemia con nuevas historias publicadas cada d\u00eda. Todo gratis. Coco le Virus desafortunadamente sigue siendo relevante para este nuevo per\u00edodo de confinamiento con nuevas historias y <a href=\"https:\/\/amzn.to\/3kbZ9tn\" target=\"_blank\">Un libro publicado en verano por \u00c9ditions Larousse.<\/a><\/p>\n<p><img loading=\"lazy\" decoding=\"async\" class=\"aligncenter size-full wp-image-7945\" src=\"https:\/\/outilstice.com\/wp-content\/uploads\/2020\/05\/CleanShot-2020-05-23-at-10.50.41@2x.jpg\" alt=\"Coco el Virus\" width=\"1930\" height=\"1168\" srcset=\"https:\/\/outilstice.com\/wp-content\/uploads\/2020\/05\/CleanShot-2020-05-23-at-10.50.41@2x.jpg 1527w, https:\/\/outilstice.com\/wp-content\/uploads\/2020\/05\/CleanShot-2020-05-23-at-10.50.41@2x-300x182.jpg 300w, https:\/\/outilstice.com\/wp-content\/uploads\/2020\/05\/CleanShot-2020-05-23-at-10.50.41@2x-1024x620.jpg 1024w, https:\/\/outilstice.com\/wp-content\/uploads\/2020\/05\/CleanShot-2020-05-23-at-10.50.41@2x-768x465.jpg 768w, https:\/\/outilstice.com\/wp-content\/uploads\/2020\/05\/CleanShot-2020-05-23-at-10.50.41@2x-1536x930.jpg 1536w\" sizes=\"(max-width: 1930px) 100vw, 1930px\" \/><\/p>\n<p>El resultado es excelente y especialmente \u00fatil para padres y maestros.<\/p>\n<div id=\"ez-toc-container\" class=\"ez-toc-v2_0_77 counter-hierarchy ez-toc-counter ez-toc-light-blue ez-toc-container-direction\">\n<p class=\"ez-toc-title\" style=\"cursor:inherit\">Tabla de Contenidos<\/p>\n<label for=\"ez-toc-cssicon-toggle-item-69f2e50371df4\" class=\"ez-toc-cssicon-toggle-label\"><span class=\"\"><span class=\"eztoc-hide\" style=\"display:none;\">alternar<\/span><span class=\"ez-toc-icon-toggle-span\"><svg style=\"fill: #999;color:#999\" xmlns=\"http:\/\/www.w3.org\/2000\/svg\" class=\"list-377408\" width=\"20px\" height=\"20px\" viewbox=\"0 0 24 24\" fill=\"none\"><path d=\"M6 6H4v2h2V6zm14 0H8v2h12V6zM4 11h2v2H4v-2zm16 0H8v2h12v-2zM4 16h2v2H4v-2zm16 0H8v2h12v-2z\" fill=\"currentColor\"><\/path><\/svg><svg style=\"fill: #999;color:#999\" class=\"arrow-unsorted-368013\" xmlns=\"http:\/\/www.w3.org\/2000\/svg\" width=\"10px\" height=\"10px\" viewbox=\"0 0 24 24\" version=\"1.2\" baseprofile=\"tiny\"><path d=\"M18.2 9.3l-6.2-6.3-6.2 6.3c-.2.2-.3.4-.3.7s.1.5.3.7c.2.2.4.3.7.3h11c.3 0 .5-.1.7-.3.2-.2.3-.5.3-.7s-.1-.5-.3-.7zM5.8 14.7l6.2 6.3 6.2-6.3c.2-.2.3-.5.3-.7s-.1-.5-.3-.7c-.2-.2-.4-.3-.7-.3h-11c-.3 0-.5.1-.7.3-.2.2-.3.5-.3.7s.1.5.3.7z\"\/><\/svg><\/span><\/span><\/label><input type=\"checkbox\"  id=\"ez-toc-cssicon-toggle-item-69f2e50371df4\"  aria-label=\"Alternador\" \/><nav><ul class='ez-toc-list ez-toc-list-level-1' ><li class='ez-toc-page-1 ez-toc-heading-level-2'><a class=\"ez-toc-link ez-toc-heading-1\" href=\"https:\/\/outilstice.com\/es\/2020\/05\/parler-du-coronavirus-aux-enfants\/#Des_bandes_dessinees_et_des_histoires_sur_le_Corona_concues_pour_les_plus_petits\" >C\u00f3mics e historias sobre la Corona pensadas para los m\u00e1s peque\u00f1os<\/a><\/li><li class='ez-toc-page-1 ez-toc-heading-level-2'><a class=\"ez-toc-link ez-toc-heading-2\" href=\"https:\/\/outilstice.com\/es\/2020\/05\/parler-du-coronavirus-aux-enfants\/#Tous_les_sujets_pour_parler_du_Coronavirus_aux_enfants_sans_tabous_et_avec_un_ton_adapte\" >Todos los temas para hablar de Coronavirus a ni\u00f1os sin tab\u00faes y con un tono adecuado<\/a><\/li><li class='ez-toc-page-1 ez-toc-heading-level-2'><a class=\"ez-toc-link ez-toc-heading-3\" href=\"https:\/\/outilstice.com\/es\/2020\/05\/parler-du-coronavirus-aux-enfants\/#Des_histoires_pour_parler_du_Coronavirus_aux_plus_jeunes_en_plusieurs_langues\" >Historias para hablar sobre el Coronavirus a los m\u00e1s j\u00f3venes en varios idiomas.<\/a><\/li><li class='ez-toc-page-1 ez-toc-heading-level-2'><a class=\"ez-toc-link ez-toc-heading-4\" href=\"https:\/\/outilstice.com\/es\/2020\/05\/parler-du-coronavirus-aux-enfants\/#Du_site_a_lalbum_Le_Coronavirus_explique_aux_enfants\" >Del sitio al \u00e1lbum. Explicaci\u00f3n del coronavirus a los ni\u00f1os<\/a><\/li><\/ul><\/nav><\/div>\n<h2><span class=\"ez-toc-section\" id=\"Des_bandes_dessinees_et_des_histoires_sur_le_Corona_concues_pour_les_plus_petits\"><\/span>C\u00f3mics e historias sobre la Corona pensadas para los m\u00e1s peque\u00f1os<span class=\"ez-toc-section-end\"><\/span><\/h2>\n<p>Coco Le Virus toma la forma de un personaje verde peque\u00f1o, no muy amigable que los ni\u00f1os aprender\u00e1n a conocer mejor y tambi\u00e9n a luchar mejor. Estas son historias cortas en forma de tiras c\u00f3micas.<\/p>\n<p>Cada uno de ellos se puede descargar en formato PDF e imprimir libremente. M\u00e1s de cuarenta historias han sido publicadas desde el 15 de marzo. Los autores tambi\u00e9n hicieron grabaciones de audio de cada uno de ellos para que pudieran ser escuchados.<\/p>\n<p>Historias que ponen palabras detr\u00e1s de una realidad tan compleja y tan dif\u00edcil de explicar. Los dibujos son bonitos y las historias tranquilizadoras.<\/p>\n<p>\u00ab\u00a0<em>En cualquier caso, no olvides que un d\u00eda Coco y su banda de gente horrible nos dejar\u00e1n solos y la escuela podr\u00e1 empezar de nuevo como antes.<\/em>\u00a0\u00bb<\/p>\n<p><img loading=\"lazy\" decoding=\"async\" class=\"aligncenter size-full wp-image-7946\" src=\"https:\/\/outilstice.com\/wp-content\/uploads\/2020\/05\/CleanShot-2020-05-23-at-10.51.42@2x.jpg\" alt=\"Hablar con los ni\u00f1os sobre el coronavirus\" width=\"1868\" height=\"1142\" srcset=\"https:\/\/outilstice.com\/wp-content\/uploads\/2020\/05\/CleanShot-2020-05-23-at-10.51.42@2x.jpg 1511w, https:\/\/outilstice.com\/wp-content\/uploads\/2020\/05\/CleanShot-2020-05-23-at-10.51.42@2x-300x183.jpg 300w, https:\/\/outilstice.com\/wp-content\/uploads\/2020\/05\/CleanShot-2020-05-23-at-10.51.42@2x-1024x626.jpg 1024w, https:\/\/outilstice.com\/wp-content\/uploads\/2020\/05\/CleanShot-2020-05-23-at-10.51.42@2x-768x470.jpg 768w, https:\/\/outilstice.com\/wp-content\/uploads\/2020\/05\/CleanShot-2020-05-23-at-10.51.42@2x-1536x939.jpg 1536w\" sizes=\"(max-width: 1868px) 100vw, 1868px\" \/><\/p>\n<h2><span class=\"ez-toc-section\" id=\"Tous_les_sujets_pour_parler_du_Coronavirus_aux_enfants_sans_tabous_et_avec_un_ton_adapte\"><\/span>Todos los temas para hablar de Coronavirus a ni\u00f1os sin tab\u00faes y con un tono adecuado<span class=\"ez-toc-section-end\"><\/span><\/h2>\n<p><strong>Coco Le Virus aborda todos los temas, sin evitar los m\u00e1s dolorosos,<\/strong> como el luto o la separaci\u00f3n. Cada vez las historias creadas y moldeadas por los autores brillan por la correcci\u00f3n del tono y la elecci\u00f3n de las situaciones.<\/p>\n<p>Para ayudarlo a encontrar su camino, Coco the Virus ha clasificado sus hojas de historia en seis partes principales.<\/p>\n<ul>\n<li>La primera parte contiene unas 30 historias sobre el confinamiento.<br \/>\nEn resumen, Virus, sistema inmunol\u00f3gico, gestos de barrera, m\u00e1scaras protectoras, distanciamiento pero tambi\u00e9n melancol\u00eda, ira, teletrabajo o pantallas.<\/li>\n<li>Una segunda parte importante se refiere a la preparaci\u00f3n del regreso a las escuelas.<br \/>\nPara tratar de tranquilizarlos sobre el ambiente escolar modificado en el que debe reanudarse la clase, el equipo de CocoVirus, en colaboraci\u00f3n con especialistas del Centro Hospitalario Universitario de Burdeos y m\u00e9dicos liberales de la Regi\u00f3n de Nouvelle Aquitaine, ha preparado contenido para ni\u00f1os y maestros de escuela.<\/li>\n<li>La tercera parte en curso aborda la fase de desconfinamiento en curso.<br \/>\nAqu\u00ed de nuevo los autores solo escriben con, por ejemplo <a href=\"https:\/\/www.cocovirus.net\/post\/o%C3%B9-est-pass%C3%A9e-la-ma%C3%AEtresse\" target=\"_blank\"><strong>esta historia<\/strong><\/a> Esto explica por qu\u00e9 algunos ni\u00f1os que ya han regresado a la escuela o est\u00e1n a punto de ir a la escuela en un futuro pr\u00f3ximo pueden no ser capaces de encontrar a su maestro.<\/li>\n<li>Una cuarta parte est\u00e1 dirigida a los m\u00e1s grandes y desentra\u00f1a algunos rumores sobre virus, el uso de guantes o aire acondicionado.<\/li>\n<li>Finalmente, una \u00faltima parte iniciada hace unos d\u00edas ofrece nuevas historias e historias actualizadas para este segundo confinamiento en curso.<\/li>\n<\/ul>\n<h2><span class=\"ez-toc-section\" id=\"Des_histoires_pour_parler_du_Coronavirus_aux_plus_jeunes_en_plusieurs_langues\"><\/span>Historias para hablar sobre el Coronavirus a los m\u00e1s j\u00f3venes en varios idiomas.<span class=\"ez-toc-section-end\"><\/span><\/h2>\n<p><strong>Las aventuras de Coco le virus est\u00e1n disponibles en varios idiomas<\/strong> Gracias a un equipo de estudiantes del Departamento de Ling\u00fc\u00edstica de la Universidad de Ginebra que los traducen de forma voluntaria. Los archivos est\u00e1n en formato PDF, imprimibles en formato A4. Buen material para hablar con los ni\u00f1os sobre el coronavirus.<\/p>\n<p><img loading=\"lazy\" decoding=\"async\" class=\"aligncenter size-full wp-image-7944\" src=\"https:\/\/outilstice.com\/wp-content\/uploads\/2020\/05\/CleanShot-2020-05-23-at-10.38.41@2x.jpg\" alt=\"corona\" width=\"1844\" height=\"760\" srcset=\"https:\/\/outilstice.com\/wp-content\/uploads\/2020\/05\/CleanShot-2020-05-23-at-10.38.41@2x.jpg 1844w, https:\/\/outilstice.com\/wp-content\/uploads\/2020\/05\/CleanShot-2020-05-23-at-10.38.41@2x-300x124.jpg 300w, https:\/\/outilstice.com\/wp-content\/uploads\/2020\/05\/CleanShot-2020-05-23-at-10.38.41@2x-1024x422.jpg 1024w, https:\/\/outilstice.com\/wp-content\/uploads\/2020\/05\/CleanShot-2020-05-23-at-10.38.41@2x-768x317.jpg 768w, https:\/\/outilstice.com\/wp-content\/uploads\/2020\/05\/CleanShot-2020-05-23-at-10.38.41@2x-1536x633.jpg 1536w\" sizes=\"(max-width: 1844px) 100vw, 1844px\" \/><\/p>\n<p><strong>El sitio tambi\u00e9n ofrece una gama de juegos y actividades<\/strong> para hacer en casa o en la escuela.<\/p>\n<h2><span class=\"ez-toc-section\" id=\"Du_site_a_lalbum_Le_Coronavirus_explique_aux_enfants\"><\/span>Del sitio al \u00e1lbum. Explicaci\u00f3n del coronavirus a los ni\u00f1os<span class=\"ez-toc-section-end\"><\/span><\/h2>\n<p>Todo este trabajo editorial de alta calidad se realiza de forma voluntaria. Seis meses despu\u00e9s del inicio del confinamiento, los dos autores finalmente encontraron un socio. Larousse seleccion\u00f3 alrededor de 30 historias que tuvieron que ser reelaboradas para una publicaci\u00f3n en papel. Constituyen un hermoso libro que pretende ser un rastro de lo que los ni\u00f1os y las familias han vivido y contin\u00faan viviendo en 2020. Una huella te\u00f1ida de optimismo y suavidad. Gracias a los autores.<\/p>\n<p><img loading=\"lazy\" decoding=\"async\" class=\"aligncenter wp-image-8521\" src=\"https:\/\/outilstice.com\/wp-content\/uploads\/2020\/05\/cocovirus.jpg\" alt=\"cocovirus\" width=\"558\" height=\"392\" srcset=\"https:\/\/outilstice.com\/wp-content\/uploads\/2020\/05\/cocovirus.jpg 1149w, https:\/\/outilstice.com\/wp-content\/uploads\/2020\/05\/cocovirus-300x211.jpg 300w, https:\/\/outilstice.com\/wp-content\/uploads\/2020\/05\/cocovirus-1024x719.jpg 1024w, https:\/\/outilstice.com\/wp-content\/uploads\/2020\/05\/cocovirus-768x539.jpg 768w\" sizes=\"(max-width: 558px) 100vw, 558px\" \/><\/p>\n<p>El \u00e1lbum se vende en todas las librer\u00edas. Elige estos lugares de cultura. Incluso cuando est\u00e1n cerrados, muchos de ellos han configurado sistemas de clic y recolecci\u00f3n para recoger sus pedidos de libros.<\/p>\n<p>Si esto no es posible para usted, puede pedir el \u00e1lbum de un gran comerciante en l\u00ednea y <a href=\"https:\/\/amzn.to\/2TZQe3y\" target=\"_blank\">Este es el camino.<\/a><\/p>\n<p>Enlace en el sitio web con todas las historias a consultar en l\u00ednea: <a href=\"https:\/\/www.cocovirus.net\/?ref=outilstice.com\" target=\"_blank\"><strong>Coco El Virus.<\/strong><\/a><\/p>","protected":false},"excerpt":{"rendered":"<p>\u00bfC\u00f3mo podemos hablar con los ni\u00f1os sobre la pandemia de Coronavoris? No es nada f\u00e1cil y sobre todo a la hora de abordar los diferentes aspectos de esta crisis sanitaria sin precedentes con los m\u00e1s peque\u00f1os. Paul y Margerite...<\/p>","protected":false},"author":1,"featured_media":7945,"comment_status":"open","ping_status":"open","sticky":false,"template":"","format":"standard","meta":{"content-type":"","_lmt_disableupdate":"no","_lmt_disable":"no","footnotes":""},"categories":[7995,14],"tags":[],"yoast_head":"<!-- This site is optimized with the Yoast SEO Premium plugin v20.4 (Yoast SEO v23.4) - https:\/\/yoast.com\/wordpress\/plugins\/seo\/ -->\n<title>Coco le virus. Un alli\u00e9 pour parler du Coronavirus aux enfants. &#8211; Les Outils Tice<\/title>\n<meta name=\"description\" content=\"Comment parler du Coronavirus aux enfants ? Un personnage de bande dessin\u00e9e, Coco Le Virus, vous aide \u00e0 expliquer la crise Corona aux jeunes enfants.\u00a0\" \/>\n<meta name=\"robots\" content=\"index, follow, max-snippet:-1, max-image-preview:large, max-video-preview:-1\" \/>\n<link rel=\"canonical\" href=\"https:\/\/outilstice.com\/es\/2020\/05\/parler-du-coronavirus-aux-enfants\/\" \/>\n<meta property=\"og:locale\" content=\"es_ES\" \/>\n<meta property=\"og:type\" content=\"article\" \/>\n<meta property=\"og:title\" content=\"Coco le virus. Un alli\u00e9 pour parler du Coronavirus aux enfants.\" \/>\n<meta property=\"og:description\" content=\"Comment parler du Coronavirus aux enfants ? Un personnage de bande dessin\u00e9e, Coco Le Virus, vous aide \u00e0 expliquer la crise Corona aux jeunes enfants.\" \/>\n<meta property=\"og:url\" content=\"https:\/\/outilstice.com\/es\/2020\/05\/parler-du-coronavirus-aux-enfants\/\" \/>\n<meta property=\"og:site_name\" content=\"Les Outils Tice\" \/>\n<meta property=\"article:publisher\" content=\"https:\/\/www.facebook.com\/lesoutilsweb\" \/>\n<meta property=\"article:author\" content=\"https:\/\/www.facebook.com\/lesoutilsweb\" \/>\n<meta property=\"article:published_time\" content=\"2020-05-24T15:54:21+00:00\" \/>\n<meta property=\"article:modified_time\" content=\"2025-02-12T11:55:40+00:00\" \/>\n<meta property=\"og:image\" content=\"https:\/\/outilstice.com\/wp-content\/uploads\/2020\/05\/CleanShot-2020-05-23-at-10.50.41@2x.jpg\" \/>\n\t<meta property=\"og:image:width\" content=\"1527\" \/>\n\t<meta property=\"og:image:height\" content=\"924\" \/>\n\t<meta property=\"og:image:type\" content=\"image\/jpeg\" \/>\n<meta name=\"author\" content=\"Fidel Navamuel\" \/>\n<meta name=\"twitter:card\" content=\"summary_large_image\" \/>\n<meta name=\"twitter:description\" content=\"Comment parler du Coronavirus aux enfants ? Un personnage de bande dessin\u00e9e, Coco Le Virus, vous aide \u00e0 expliquer la crise Corona aux petits.\" \/>\n<meta name=\"twitter:creator\" content=\"@outilstice\" \/>\n<meta name=\"twitter:site\" content=\"@outilstice\" \/>\n<meta name=\"twitter:label1\" content=\"Escrito por\" \/>\n\t<meta name=\"twitter:data1\" content=\"Fidel Navamuel\" \/>\n\t<meta name=\"twitter:label2\" content=\"Tiempo de lectura\" \/>\n\t<meta name=\"twitter:data2\" content=\"4 minutos\" \/>\n<script type=\"application\/ld+json\" class=\"yoast-schema-graph\">{\"@context\":\"https:\/\/schema.org\",\"@graph\":[{\"@type\":[\"Article\",\"BlogPosting\"],\"@id\":\"https:\/\/outilstice.com\/2020\/05\/parler-du-coronavirus-aux-enfants\/#article\",\"isPartOf\":{\"@id\":\"https:\/\/outilstice.com\/2020\/05\/parler-du-coronavirus-aux-enfants\/\"},\"author\":{\"name\":\"Fidel Navamuel\",\"@id\":\"https:\/\/outilstice.com\/#\/schema\/person\/ec4809142ef009f96b5af2c906a48cd0\"},\"headline\":\"Coco le virus. Un alli\u00e9 pour parler du Coronavirus aux enfants.\",\"datePublished\":\"2020-05-24T15:54:21+00:00\",\"dateModified\":\"2025-02-12T11:55:40+00:00\",\"mainEntityOfPage\":{\"@id\":\"https:\/\/outilstice.com\/2020\/05\/parler-du-coronavirus-aux-enfants\/\"},\"wordCount\":871,\"commentCount\":3,\"publisher\":{\"@id\":\"https:\/\/outilstice.com\/#\/schema\/person\/ec4809142ef009f96b5af2c906a48cd0\"},\"image\":{\"@id\":\"https:\/\/outilstice.com\/2020\/05\/parler-du-coronavirus-aux-enfants\/#primaryimage\"},\"thumbnailUrl\":\"https:\/\/outilstice.com\/wp-content\/uploads\/2020\/05\/CleanShot-2020-05-23-at-10.50.41@2x.jpg\",\"articleSection\":[\"Coronavirus\",\"Ressources\"],\"inLanguage\":\"es\",\"potentialAction\":[{\"@type\":\"CommentAction\",\"name\":\"Comment\",\"target\":[\"https:\/\/outilstice.com\/2020\/05\/parler-du-coronavirus-aux-enfants\/#respond\"]}]},{\"@type\":\"WebPage\",\"@id\":\"https:\/\/outilstice.com\/2020\/05\/parler-du-coronavirus-aux-enfants\/\",\"url\":\"https:\/\/outilstice.com\/2020\/05\/parler-du-coronavirus-aux-enfants\/\",\"name\":\"Coco le virus. Un alli\u00e9 pour parler du Coronavirus aux enfants. &#8211; Les Outils Tice\",\"isPartOf\":{\"@id\":\"https:\/\/outilstice.com\/#website\"},\"primaryImageOfPage\":{\"@id\":\"https:\/\/outilstice.com\/2020\/05\/parler-du-coronavirus-aux-enfants\/#primaryimage\"},\"image\":{\"@id\":\"https:\/\/outilstice.com\/2020\/05\/parler-du-coronavirus-aux-enfants\/#primaryimage\"},\"thumbnailUrl\":\"https:\/\/outilstice.com\/wp-content\/uploads\/2020\/05\/CleanShot-2020-05-23-at-10.50.41@2x.jpg\",\"datePublished\":\"2020-05-24T15:54:21+00:00\",\"dateModified\":\"2025-02-12T11:55:40+00:00\",\"description\":\"Comment parler du Coronavirus aux enfants ? Un personnage de bande dessin\u00e9e, Coco Le Virus, vous aide \u00e0 expliquer la crise Corona aux jeunes enfants.\u00a0\",\"breadcrumb\":{\"@id\":\"https:\/\/outilstice.com\/2020\/05\/parler-du-coronavirus-aux-enfants\/#breadcrumb\"},\"inLanguage\":\"es\",\"potentialAction\":[{\"@type\":\"ReadAction\",\"target\":[\"https:\/\/outilstice.com\/2020\/05\/parler-du-coronavirus-aux-enfants\/\"]}]},{\"@type\":\"ImageObject\",\"inLanguage\":\"es\",\"@id\":\"https:\/\/outilstice.com\/2020\/05\/parler-du-coronavirus-aux-enfants\/#primaryimage\",\"url\":\"https:\/\/outilstice.com\/wp-content\/uploads\/2020\/05\/CleanShot-2020-05-23-at-10.50.41@2x.jpg\",\"contentUrl\":\"https:\/\/outilstice.com\/wp-content\/uploads\/2020\/05\/CleanShot-2020-05-23-at-10.50.41@2x.jpg\",\"width\":1527,\"height\":924,\"caption\":\"Coco le virus\"},{\"@type\":\"BreadcrumbList\",\"@id\":\"https:\/\/outilstice.com\/2020\/05\/parler-du-coronavirus-aux-enfants\/#breadcrumb\",\"itemListElement\":[{\"@type\":\"ListItem\",\"position\":1,\"name\":\"Accueil\",\"item\":\"https:\/\/outilstice.com\/\"},{\"@type\":\"ListItem\",\"position\":2,\"name\":\"Coronavirus\",\"item\":\"https:\/\/outilstice.com\/coronavirus\/\"},{\"@type\":\"ListItem\",\"position\":3,\"name\":\"Coco le virus. Un alli\u00e9 pour parler du Coronavirus aux enfants.\"}]},{\"@type\":\"WebSite\",\"@id\":\"https:\/\/outilstice.com\/#website\",\"url\":\"https:\/\/outilstice.com\/\",\"name\":\"Les Outils Tice\",\"description\":\"L&#039;actualit\u00e9 des outils num\u00e9riques pour l&#039;\u00e9ducation\",\"publisher\":{\"@id\":\"https:\/\/outilstice.com\/#\/schema\/person\/ec4809142ef009f96b5af2c906a48cd0\"},\"potentialAction\":[{\"@type\":\"SearchAction\",\"target\":{\"@type\":\"EntryPoint\",\"urlTemplate\":\"https:\/\/outilstice.com\/?s={search_term_string}\"},\"query-input\":{\"@type\":\"PropertyValueSpecification\",\"valueRequired\":true,\"valueName\":\"search_term_string\"}}],\"inLanguage\":\"es\"},{\"@type\":[\"Person\",\"Organization\"],\"@id\":\"https:\/\/outilstice.com\/#\/schema\/person\/ec4809142ef009f96b5af2c906a48cd0\",\"name\":\"Fidel Navamuel\",\"image\":{\"@type\":\"ImageObject\",\"inLanguage\":\"es\",\"@id\":\"https:\/\/outilstice.com\/#\/schema\/person\/image\/\",\"url\":\"https:\/\/outilstice.com\/wp-content\/uploads\/2014\/11\/fidel.jpg\",\"contentUrl\":\"https:\/\/outilstice.com\/wp-content\/uploads\/2014\/11\/fidel.jpg\",\"width\":570,\"height\":428,\"caption\":\"Fidel Navamuel\"},\"logo\":{\"@id\":\"https:\/\/outilstice.com\/#\/schema\/person\/image\/\"},\"description\":\"Journaliste et responsable des sites \\\"Les Outils du Web\\\". Le r\u00e9seau \\\"Les Outils du Web\\\"regroupe sept sites d'information en ligne autour des nouvelles technologies, de la veille, des outils collaboratifs, des tice, de l'ia et du Web2. Responsable du d\u00e9veloppement de l'\u00e9cole des m\u00e9tiers de l'information \u00e0 Paris. Coop\u00e9rative de formation, l'\u00e9mi est reconnue pour ses formations qui accompagnent la mutation num\u00e9rique au c\u0153ur des m\u00e9tiers et des organisations.\",\"sameAs\":[\"https:\/\/outilstice.com\",\"https:\/\/www.facebook.com\/lesoutilsweb\",\"https:\/\/www.instagram.com\/outilstice\/\",\"http:\/\/fr.linkedin.com\/in\/navamuel\/\",\"http:\/\/www.pinterest.com\/fideln\/\",\"https:\/\/x.com\/outilstice\"],\"gender\":\"homme\",\"jobTitle\":\"Journaliste\"}]}<\/script>\n<!-- \/ Yoast SEO Premium plugin. -->","yoast_head_json":{"title":"Coco le virus. Un alli\u00e9 pour parler du Coronavirus aux enfants. &#8211; Les Outils Tice","description":"Comment parler du Coronavirus aux enfants ? Un personnage de bande dessin\u00e9e, Coco Le Virus, vous aide \u00e0 expliquer la crise Corona aux jeunes enfants.\u00a0","robots":{"index":"index","follow":"follow","max-snippet":"max-snippet:-1","max-image-preview":"max-image-preview:large","max-video-preview":"max-video-preview:-1"},"canonical":"https:\/\/outilstice.com\/es\/2020\/05\/parler-du-coronavirus-aux-enfants\/","og_locale":"es_ES","og_type":"article","og_title":"Coco le virus. Un alli\u00e9 pour parler du Coronavirus aux enfants.","og_description":"Comment parler du Coronavirus aux enfants ? Un personnage de bande dessin\u00e9e, Coco Le Virus, vous aide \u00e0 expliquer la crise Corona aux jeunes enfants.","og_url":"https:\/\/outilstice.com\/es\/2020\/05\/parler-du-coronavirus-aux-enfants\/","og_site_name":"Les Outils Tice","article_publisher":"https:\/\/www.facebook.com\/lesoutilsweb","article_author":"https:\/\/www.facebook.com\/lesoutilsweb","article_published_time":"2020-05-24T15:54:21+00:00","article_modified_time":"2025-02-12T11:55:40+00:00","og_image":[{"width":1527,"height":924,"url":"https:\/\/outilstice.com\/wp-content\/uploads\/2020\/05\/CleanShot-2020-05-23-at-10.50.41@2x.jpg","type":"image\/jpeg"}],"author":"Fidel Navamuel","twitter_card":"summary_large_image","twitter_description":"Comment parler du Coronavirus aux enfants ? Un personnage de bande dessin\u00e9e, Coco Le Virus, vous aide \u00e0 expliquer la crise Corona aux petits.","twitter_creator":"@outilstice","twitter_site":"@outilstice","twitter_misc":{"Escrito por":"Fidel Navamuel","Tiempo de lectura":"4 minutos"},"schema":{"@context":"https:\/\/schema.org","@graph":[{"@type":["Article","BlogPosting"],"@id":"https:\/\/outilstice.com\/2020\/05\/parler-du-coronavirus-aux-enfants\/#article","isPartOf":{"@id":"https:\/\/outilstice.com\/2020\/05\/parler-du-coronavirus-aux-enfants\/"},"author":{"name":"Fidel Navamuel","@id":"https:\/\/outilstice.com\/#\/schema\/person\/ec4809142ef009f96b5af2c906a48cd0"},"headline":"Coco le virus. Un alli\u00e9 pour parler du Coronavirus aux enfants.","datePublished":"2020-05-24T15:54:21+00:00","dateModified":"2025-02-12T11:55:40+00:00","mainEntityOfPage":{"@id":"https:\/\/outilstice.com\/2020\/05\/parler-du-coronavirus-aux-enfants\/"},"wordCount":871,"commentCount":3,"publisher":{"@id":"https:\/\/outilstice.com\/#\/schema\/person\/ec4809142ef009f96b5af2c906a48cd0"},"image":{"@id":"https:\/\/outilstice.com\/2020\/05\/parler-du-coronavirus-aux-enfants\/#primaryimage"},"thumbnailUrl":"https:\/\/outilstice.com\/wp-content\/uploads\/2020\/05\/CleanShot-2020-05-23-at-10.50.41@2x.jpg","articleSection":["Coronavirus","Ressources"],"inLanguage":"es","potentialAction":[{"@type":"CommentAction","name":"Comment","target":["https:\/\/outilstice.com\/2020\/05\/parler-du-coronavirus-aux-enfants\/#respond"]}]},{"@type":"WebPage","@id":"https:\/\/outilstice.com\/2020\/05\/parler-du-coronavirus-aux-enfants\/","url":"https:\/\/outilstice.com\/2020\/05\/parler-du-coronavirus-aux-enfants\/","name":"Coco le virus. Un alli\u00e9 pour parler du Coronavirus aux enfants. &#8211; Les Outils Tice","isPartOf":{"@id":"https:\/\/outilstice.com\/#website"},"primaryImageOfPage":{"@id":"https:\/\/outilstice.com\/2020\/05\/parler-du-coronavirus-aux-enfants\/#primaryimage"},"image":{"@id":"https:\/\/outilstice.com\/2020\/05\/parler-du-coronavirus-aux-enfants\/#primaryimage"},"thumbnailUrl":"https:\/\/outilstice.com\/wp-content\/uploads\/2020\/05\/CleanShot-2020-05-23-at-10.50.41@2x.jpg","datePublished":"2020-05-24T15:54:21+00:00","dateModified":"2025-02-12T11:55:40+00:00","description":"Comment parler du Coronavirus aux enfants ? Un personnage de bande dessin\u00e9e, Coco Le Virus, vous aide \u00e0 expliquer la crise Corona aux jeunes enfants.\u00a0","breadcrumb":{"@id":"https:\/\/outilstice.com\/2020\/05\/parler-du-coronavirus-aux-enfants\/#breadcrumb"},"inLanguage":"es","potentialAction":[{"@type":"ReadAction","target":["https:\/\/outilstice.com\/2020\/05\/parler-du-coronavirus-aux-enfants\/"]}]},{"@type":"ImageObject","inLanguage":"es","@id":"https:\/\/outilstice.com\/2020\/05\/parler-du-coronavirus-aux-enfants\/#primaryimage","url":"https:\/\/outilstice.com\/wp-content\/uploads\/2020\/05\/CleanShot-2020-05-23-at-10.50.41@2x.jpg","contentUrl":"https:\/\/outilstice.com\/wp-content\/uploads\/2020\/05\/CleanShot-2020-05-23-at-10.50.41@2x.jpg","width":1527,"height":924,"caption":"Coco le virus"},{"@type":"BreadcrumbList","@id":"https:\/\/outilstice.com\/2020\/05\/parler-du-coronavirus-aux-enfants\/#breadcrumb","itemListElement":[{"@type":"ListItem","position":1,"name":"Accueil","item":"https:\/\/outilstice.com\/"},{"@type":"ListItem","position":2,"name":"Coronavirus","item":"https:\/\/outilstice.com\/coronavirus\/"},{"@type":"ListItem","position":3,"name":"Coco le virus. Un alli\u00e9 pour parler du Coronavirus aux enfants."}]},{"@type":"WebSite","@id":"https:\/\/outilstice.com\/#website","url":"https:\/\/outilstice.com\/","name":"Les Outils Tice","description":"L&#039;actualit\u00e9 des outils num\u00e9riques pour l&#039;\u00e9ducation","publisher":{"@id":"https:\/\/outilstice.com\/#\/schema\/person\/ec4809142ef009f96b5af2c906a48cd0"},"potentialAction":[{"@type":"SearchAction","target":{"@type":"EntryPoint","urlTemplate":"https:\/\/outilstice.com\/?s={search_term_string}"},"query-input":{"@type":"PropertyValueSpecification","valueRequired":true,"valueName":"search_term_string"}}],"inLanguage":"es"},{"@type":["Person","Organization"],"@id":"https:\/\/outilstice.com\/#\/schema\/person\/ec4809142ef009f96b5af2c906a48cd0","name":"Fidel Navamuel","image":{"@type":"ImageObject","inLanguage":"es","@id":"https:\/\/outilstice.com\/#\/schema\/person\/image\/","url":"https:\/\/outilstice.com\/wp-content\/uploads\/2014\/11\/fidel.jpg","contentUrl":"https:\/\/outilstice.com\/wp-content\/uploads\/2014\/11\/fidel.jpg","width":570,"height":428,"caption":"Fidel Navamuel"},"logo":{"@id":"https:\/\/outilstice.com\/#\/schema\/person\/image\/"},"description":"Journaliste et responsable des sites \"Les Outils du Web\". Le r\u00e9seau \"Les Outils du Web\"regroupe sept sites d'information en ligne autour des nouvelles technologies, de la veille, des outils collaboratifs, des tice, de l'ia et du Web2. Responsable du d\u00e9veloppement de l'\u00e9cole des m\u00e9tiers de l'information \u00e0 Paris. Coop\u00e9rative de formation, l'\u00e9mi est reconnue pour ses formations qui accompagnent la mutation num\u00e9rique au c\u0153ur des m\u00e9tiers et des organisations.","sameAs":["https:\/\/outilstice.com","https:\/\/www.facebook.com\/lesoutilsweb","https:\/\/www.instagram.com\/outilstice\/","http:\/\/fr.linkedin.com\/in\/navamuel\/","http:\/\/www.pinterest.com\/fideln\/","https:\/\/x.com\/outilstice"],"gender":"homme","jobTitle":"Journaliste"}]}},"modified_by":"Fidel Navamuel","_links":{"self":[{"href":"https:\/\/outilstice.com\/es\/wp-json\/wp\/v2\/posts\/7943"}],"collection":[{"href":"https:\/\/outilstice.com\/es\/wp-json\/wp\/v2\/posts"}],"about":[{"href":"https:\/\/outilstice.com\/es\/wp-json\/wp\/v2\/types\/post"}],"author":[{"embeddable":true,"href":"https:\/\/outilstice.com\/es\/wp-json\/wp\/v2\/users\/1"}],"replies":[{"embeddable":true,"href":"https:\/\/outilstice.com\/es\/wp-json\/wp\/v2\/comments?post=7943"}],"version-history":[{"count":1,"href":"https:\/\/outilstice.com\/es\/wp-json\/wp\/v2\/posts\/7943\/revisions"}],"predecessor-version":[{"id":14026,"href":"https:\/\/outilstice.com\/es\/wp-json\/wp\/v2\/posts\/7943\/revisions\/14026"}],"wp:featuredmedia":[{"embeddable":true,"href":"https:\/\/outilstice.com\/es\/wp-json\/wp\/v2\/media\/7945"}],"wp:attachment":[{"href":"https:\/\/outilstice.com\/es\/wp-json\/wp\/v2\/media?parent=7943"}],"wp:term":[{"taxonomy":"category","embeddable":true,"href":"https:\/\/outilstice.com\/es\/wp-json\/wp\/v2\/categories?post=7943"},{"taxonomy":"post_tag","embeddable":true,"href":"https:\/\/outilstice.com\/es\/wp-json\/wp\/v2\/tags?post=7943"}],"curies":[{"name":"wp","href":"https:\/\/api.w.org\/{rel}","templated":true}]}}