{"id":8770,"date":"2021-02-22T09:10:12","date_gmt":"2021-02-22T07:10:12","guid":{"rendered":"https:\/\/outilstice.com\/2021\/02\/ecriplus-ameliorer-lexpression-ecrite-des-etudiants\/"},"modified":"2024-07-01T11:09:01","modified_gmt":"2024-07-01T09:09:01","slug":"ecriplus-ameliorer-lexpression-ecrite-des-etudiants","status":"publish","type":"post","link":"https:\/\/outilstice.com\/es\/2021\/02\/ecriplus-ameliorer-lexpression-ecrite-des-etudiants\/","title":{"rendered":"WritePlus (en ingl\u00e9s). Mejora de la expresi\u00f3n escrita de los estudiantes"},"content":{"rendered":"<p>\u00bfC\u00f3mo ayudar a los estudiantes de pregrado a mejorar la expresi\u00f3n escrita y el franc\u00e9s en general? Esta ambiciosa tarea est\u00e1 siendo abordada por una nueva plataforma desarrollada por la comunidad universitaria: <strong><a href=\"https:\/\/ecriplus.fr\/\" target=\"_blank\" rel=\"noopener\">escribir+<\/a><\/strong><\/p>\n<p>Una gran plataforma que poco a poco abre sus puertas. Desl\u00edzate a tus favoritos. Es particularmente exitoso y completamente gratuito y debe ser de inter\u00e9s para muchos estudiantes y profesores y no solo para la universidad.<\/p>\n<figure class=\"image regular\"><picture><source srcset=\"https:\/\/outilstice.com\/wp-content\/uploads\/2021\/02\/Screenshot2021-02-17at09_35_12_adb1bada633c91412fa8d8074a2ef59d_800.jpg 1x\" media=\"(max-width: 768px)\" \/><source srcset=\"https:\/\/outilstice.com\/wp-content\/uploads\/2021\/02\/Screenshot2021-02-17at09_35_12_adb1bada633c91412fa8d8074a2ef59d_800.jpg 1x\" media=\"(min-width: 769px)\" \/><img decoding=\"async\" src=\"https:\/\/outilstice.com\/wp-content\/uploads\/2021\/02\/Screenshot2021-02-17at09_35_12_adb1bada633c91412fa8d8074a2ef59d_800.jpg\" alt=\"\" \/><\/picture><\/figure>\n<p>write+ le permite evaluar sus habilidades acad\u00e9micas en franc\u00e9s a trav\u00e9s de una plataforma en l\u00ednea particularmente exitosa abierta a todos. Acaba de ser lanzado. Ahora ofrece una herramienta de evaluaci\u00f3n basada en un sistema de preguntas y ejercicios sobre puntos que cubren todas las competencias del franc\u00e9s escrito. Estas competencias se derivan de un marco de referencia preciso. Sin embargo, la plataforma no tiene la intenci\u00f3n de detenerse all\u00ed y eventualmente deber\u00eda ofrecer capacitaci\u00f3n y certificaci\u00f3n nacional.<\/p>\n<h2 id=\"76kut\">Identifica tus puntos d\u00e9biles en franc\u00e9s para poder trabajarlos<\/h2>\n<p>write+ se utiliza con plena autonom\u00eda bajo demanda. La herramienta se basa en un sistema de evaluaci\u00f3n con preguntas y ejercicios sobre puntos que cubren todas las habilidades del franc\u00e9s escrito. Diecis\u00e9is habilidades principales se abordan con un sistema de puntos que permite visualizar su progreso.<\/p>\n<blockquote><p>Cada uno puede evaluar su propio nivel y desarrollar sus habilidades de acuerdo a sus necesidades.<\/p><\/blockquote>\n<p>La plataforma se abri\u00f3 hace unos d\u00edas y ofrece m\u00e1s de 2000 preguntas desarrolladas por profesores. El objetivo es enriquecer el Pilar con alrededor de mil nuevas preguntas cada a\u00f1o.<\/p>\n<figure class=\"image regular\"><picture><source srcset=\"https:\/\/outilstice.com\/wp-content\/uploads\/2021\/02\/Screenshot2021-02-17at08_32_38_ce68c23403c71e5b6582796cbe5bd32a_800.jpg 1x\" media=\"(max-width: 768px)\" \/><source srcset=\"https:\/\/outilstice.com\/wp-content\/uploads\/2021\/02\/Screenshot2021-02-17at08_32_38_ce68c23403c71e5b6582796cbe5bd32a_800.jpg 1x\" media=\"(min-width: 769px)\" \/><img decoding=\"async\" src=\"https:\/\/outilstice.com\/wp-content\/uploads\/2021\/02\/Screenshot2021-02-17at08_32_38_ce68c23403c71e5b6582796cbe5bd32a_800.jpg\" alt=\"\" \/><\/picture><\/figure>\n<p>Cuestionario: <a href=\"https:\/\/outilstice.com\/2021\/01\/dictaly-dictees-en-ligne-gratuites\/\" target=\"_blank\" rel=\"noopener\">tipo dictado en l\u00ednea dictaly<\/a> y textos con agujeros punt\u00faan los ejercicios en una interfaz con una cuidadosa ergonom\u00eda. Cada secuencia de ejercicios da lugar a una autocorrecci\u00f3n. En caso de error, EcriPlus ofrece explicaciones claras y recursos para ir m\u00e1s all\u00e1.<\/p>\n<figure class=\"image regular\"><picture><source srcset=\"https:\/\/outilstice.com\/wp-content\/uploads\/2021\/02\/Screenshot2021-02-17at08_34_06_dbab8ac738c2e6f032a6764d4de609ea_800.jpg 1x\" media=\"(max-width: 768px)\" \/><source srcset=\"https:\/\/outilstice.com\/wp-content\/uploads\/2021\/02\/Screenshot2021-02-17at08_34_06_dbab8ac738c2e6f032a6764d4de609ea_800.jpg 1x\" media=\"(min-width: 769px)\" \/><img decoding=\"async\" src=\"https:\/\/outilstice.com\/wp-content\/uploads\/2021\/02\/Screenshot2021-02-17at08_34_06_dbab8ac738c2e6f032a6764d4de609ea_800.jpg\" alt=\"\" \/><\/picture><\/figure>\n<h2 id=\"bm0ad\">Ofrecer formaci\u00f3n para mejorar la expresi\u00f3n escrita de los estudiantes<\/h2>\n<p>Este es otro de los objetivos de la escritura +, despu\u00e9s de la evaluaci\u00f3n, se trata de centralizar los recursos que se pueden movilizar para capacitar a los estudiantes y permitirles progresar.<\/p>\n<p>La plataforma writing+ permite identificar sus puntos d\u00e9biles tanto en t\u00e9rminos de comprensi\u00f3n como de expresi\u00f3n escrita (ortograf\u00eda, gram\u00e1tica, sintaxis, vocabulario \u2026). El siguiente paso es tratar de mejorarlos con los recursos de capacitaci\u00f3n disponibles.<\/p>\n<p>Hasta la fecha, un MOOC completo est\u00e1 disponible, as\u00ed como cursos con m\u00e1s de 50 m\u00f3dulos. Eventualmente, un portal deber\u00eda proporcionar acceso a otros recursos. El sitio tambi\u00e9n pretende ser un lugar para el intercambio y el intercambio de experiencias para los maestros, que eventualmente deber\u00edan encontrar foros y herramientas para la comunicaci\u00f3n entre pares.<\/p>\n<p>El proyecto est\u00e1 en desarrollo. Queda por construir el tercer pilar, despu\u00e9s de la evaluaci\u00f3n y la formaci\u00f3n. Esto es certificaci\u00f3n. Una certificaci\u00f3n nacional, un seguimiento bastante l\u00f3gico de los itinerarios de evaluaci\u00f3n y formaci\u00f3n.<\/p>\n<figure class=\"video regular\">\n<div class=\"embed-container\">\n<div style=\"max-width: 100%; position: relative; padding-top: 56.338%;\"><iframe style=\"position: absolute; top: 0px; left: 0px; width: 100%; height: 100%;\" title=\"escribir+\" src=\"https:\/\/player.vimeo.com\/video\/456451999?app_id=122963\" width=\"426\" height=\"240\" frameborder=\"0\" allowfullscreen=\"allowfullscreen\"><\/iframe><\/div>\n<\/div>\n<\/figure>\n<p>Buen trabajo. Predigo un futuro brillante para esta plataforma que se dirige a los estudiantes de pregrado en primer lugar, pero que interesar\u00e1 mucho m\u00e1s all\u00e1 de los profesores, estudiantes y estudiantes en Francia y en todos los pa\u00edses de la Francofon\u00eda. La herramienta tambi\u00e9n debe llegar a un p\u00fablico empresarial o ciudadanos comunes que deseen mejorar su nivel de franc\u00e9s.<\/p>\n<p>En resumen, una utilidad p\u00fablica. Un servicio de calidad, gratuito y abierto. Esto es en honor a lo que el servicio p\u00fablico de educaci\u00f3n puede ofrecer a todos.<\/p>\n<p><strong>El proyecto write+ tiene gente hermosa alrededor de su cuna. <\/strong>Dirigido por la Universidad Abierta de Humanidades organizada en la Universidad de Estrasburgo, el proyecto re\u00fane a un consorcio de 24 socios (instituciones de educaci\u00f3n superior e investigaci\u00f3n y socios t\u00e9cnicos). Los primeros resultados dependen de estos prestigiosos patrocinadores.<\/p>\n<p>Escribir + es parte de mi <a href=\"https:\/\/outilstice.com\/2021\/12\/les-meilleurs-outils-numeriques-pour-leducation-edition-2021\/\" target=\"_blank\">Lista 2021 de las mejores herramientas y servicios para la educaci\u00f3n.<\/a><!-- End strchf script --><\/p>","protected":false},"excerpt":{"rendered":"<p>Una plataforma completamente gratuita para ayudar a los estudiantes a mejorar su expresi\u00f3n escrita y el franc\u00e9s. Eso es genial.<\/p>","protected":false},"author":1,"featured_media":8771,"comment_status":"open","ping_status":"open","sticky":false,"template":"","format":"standard","meta":{"content-type":"","_lmt_disableupdate":"no","_lmt_disable":"no","footnotes":""},"categories":[37],"tags":[9141,107],"yoast_head":"<!-- This site is optimized with the Yoast SEO Premium plugin v20.4 (Yoast SEO v23.4) - https:\/\/yoast.com\/wordpress\/plugins\/seo\/ -->\n<title>EcriPlus. Ameliorer l\u2019expression \u00e9crite des \u00e9tudiants<\/title>\n<meta name=\"description\" content=\"Une plateforme entierement gratuite destin\u00e9e \u00e0 aider les \u00e9tudiants \u00e0 am\u00e9liorer leur expression \u00e9crite et leur fran\u00e7ais. Formidable.\" \/>\n<meta name=\"robots\" content=\"index, follow, max-snippet:-1, max-image-preview:large, max-video-preview:-1\" \/>\n<link rel=\"canonical\" href=\"https:\/\/outilstice.com\/es\/2021\/02\/ecriplus-ameliorer-lexpression-ecrite-des-etudiants\/\" \/>\n<meta property=\"og:locale\" content=\"es_ES\" \/>\n<meta property=\"og:type\" content=\"article\" \/>\n<meta property=\"og:title\" content=\"EcriPlus. Am\u00e9liorer l\u2019expression \u00e9crite des \u00e9tudiants\" \/>\n<meta property=\"og:description\" content=\"Une plateforme entierement gratuite destin\u00e9e \u00e0 aider les \u00e9tudiants \u00e0 am\u00e9liorer leur expression \u00e9crite et leur fran\u00e7ais. Formidable.\" \/>\n<meta property=\"og:url\" content=\"https:\/\/outilstice.com\/es\/2021\/02\/ecriplus-ameliorer-lexpression-ecrite-des-etudiants\/\" \/>\n<meta property=\"og:site_name\" content=\"Les Outils Tice\" \/>\n<meta property=\"article:publisher\" content=\"https:\/\/www.facebook.com\/lesoutilsweb\" \/>\n<meta property=\"article:author\" content=\"https:\/\/www.facebook.com\/lesoutilsweb\" \/>\n<meta property=\"article:published_time\" content=\"2021-02-22T07:10:12+00:00\" \/>\n<meta property=\"article:modified_time\" content=\"2024-07-01T09:09:01+00:00\" \/>\n<meta property=\"og:image\" content=\"https:\/\/outilstice.com\/wp-content\/uploads\/2021\/02\/Screenshot2021-02-17at09_35_12_adb1bada633c91412fa8d8074a2ef59d_2000.jpg\" \/>\n\t<meta property=\"og:image:width\" content=\"828\" \/>\n\t<meta property=\"og:image:height\" content=\"531\" \/>\n\t<meta property=\"og:image:type\" content=\"image\/jpeg\" \/>\n<meta name=\"author\" content=\"Fidel Navamuel\" \/>\n<meta name=\"twitter:card\" content=\"summary_large_image\" \/>\n<meta name=\"twitter:creator\" content=\"@outilstice\" \/>\n<meta name=\"twitter:site\" content=\"@outilstice\" \/>\n<meta name=\"twitter:label1\" content=\"Escrito por\" \/>\n\t<meta name=\"twitter:data1\" content=\"Fidel Navamuel\" \/>\n\t<meta name=\"twitter:label2\" content=\"Tiempo de lectura\" \/>\n\t<meta name=\"twitter:data2\" content=\"3 minutos\" \/>\n<script type=\"application\/ld+json\" class=\"yoast-schema-graph\">{\"@context\":\"https:\/\/schema.org\",\"@graph\":[{\"@type\":[\"Article\",\"BlogPosting\"],\"@id\":\"https:\/\/outilstice.com\/2021\/02\/ecriplus-ameliorer-lexpression-ecrite-des-etudiants\/#article\",\"isPartOf\":{\"@id\":\"https:\/\/outilstice.com\/2021\/02\/ecriplus-ameliorer-lexpression-ecrite-des-etudiants\/\"},\"author\":{\"name\":\"Fidel Navamuel\",\"@id\":\"https:\/\/outilstice.com\/#\/schema\/person\/ec4809142ef009f96b5af2c906a48cd0\"},\"headline\":\"EcriPlus. Am\u00e9liorer l\u2019expression \u00e9crite des \u00e9tudiants\",\"datePublished\":\"2021-02-22T07:10:12+00:00\",\"dateModified\":\"2024-07-01T09:09:01+00:00\",\"mainEntityOfPage\":{\"@id\":\"https:\/\/outilstice.com\/2021\/02\/ecriplus-ameliorer-lexpression-ecrite-des-etudiants\/\"},\"wordCount\":702,\"commentCount\":2,\"publisher\":{\"@id\":\"https:\/\/outilstice.com\/#\/schema\/person\/ec4809142ef009f96b5af2c906a48cd0\"},\"image\":{\"@id\":\"https:\/\/outilstice.com\/2021\/02\/ecriplus-ameliorer-lexpression-ecrite-des-etudiants\/#primaryimage\"},\"thumbnailUrl\":\"https:\/\/outilstice.com\/wp-content\/uploads\/2021\/02\/Screenshot2021-02-17at09_35_12_adb1bada633c91412fa8d8074a2ef59d_2000.jpg\",\"keywords\":[\"Orthographe\",\"P\u00e9dagogie\"],\"articleSection\":[\"Fran\u00e7ais\"],\"inLanguage\":\"es\",\"potentialAction\":[{\"@type\":\"CommentAction\",\"name\":\"Comment\",\"target\":[\"https:\/\/outilstice.com\/2021\/02\/ecriplus-ameliorer-lexpression-ecrite-des-etudiants\/#respond\"]}]},{\"@type\":\"WebPage\",\"@id\":\"https:\/\/outilstice.com\/2021\/02\/ecriplus-ameliorer-lexpression-ecrite-des-etudiants\/\",\"url\":\"https:\/\/outilstice.com\/2021\/02\/ecriplus-ameliorer-lexpression-ecrite-des-etudiants\/\",\"name\":\"EcriPlus. Ameliorer l\u2019expression \u00e9crite des \u00e9tudiants\",\"isPartOf\":{\"@id\":\"https:\/\/outilstice.com\/#website\"},\"primaryImageOfPage\":{\"@id\":\"https:\/\/outilstice.com\/2021\/02\/ecriplus-ameliorer-lexpression-ecrite-des-etudiants\/#primaryimage\"},\"image\":{\"@id\":\"https:\/\/outilstice.com\/2021\/02\/ecriplus-ameliorer-lexpression-ecrite-des-etudiants\/#primaryimage\"},\"thumbnailUrl\":\"https:\/\/outilstice.com\/wp-content\/uploads\/2021\/02\/Screenshot2021-02-17at09_35_12_adb1bada633c91412fa8d8074a2ef59d_2000.jpg\",\"datePublished\":\"2021-02-22T07:10:12+00:00\",\"dateModified\":\"2024-07-01T09:09:01+00:00\",\"description\":\"Une plateforme entierement gratuite destin\u00e9e \u00e0 aider les \u00e9tudiants \u00e0 am\u00e9liorer leur expression \u00e9crite et leur fran\u00e7ais. Formidable.\",\"breadcrumb\":{\"@id\":\"https:\/\/outilstice.com\/2021\/02\/ecriplus-ameliorer-lexpression-ecrite-des-etudiants\/#breadcrumb\"},\"inLanguage\":\"es\",\"potentialAction\":[{\"@type\":\"ReadAction\",\"target\":[\"https:\/\/outilstice.com\/2021\/02\/ecriplus-ameliorer-lexpression-ecrite-des-etudiants\/\"]}]},{\"@type\":\"ImageObject\",\"inLanguage\":\"es\",\"@id\":\"https:\/\/outilstice.com\/2021\/02\/ecriplus-ameliorer-lexpression-ecrite-des-etudiants\/#primaryimage\",\"url\":\"https:\/\/outilstice.com\/wp-content\/uploads\/2021\/02\/Screenshot2021-02-17at09_35_12_adb1bada633c91412fa8d8074a2ef59d_2000.jpg\",\"contentUrl\":\"https:\/\/outilstice.com\/wp-content\/uploads\/2021\/02\/Screenshot2021-02-17at09_35_12_adb1bada633c91412fa8d8074a2ef59d_2000.jpg\",\"width\":828,\"height\":531,\"caption\":\"EcriPlus. Ameliorer l\u2019expression \u00e9crite des \u00e9tudiants\"},{\"@type\":\"BreadcrumbList\",\"@id\":\"https:\/\/outilstice.com\/2021\/02\/ecriplus-ameliorer-lexpression-ecrite-des-etudiants\/#breadcrumb\",\"itemListElement\":[{\"@type\":\"ListItem\",\"position\":1,\"name\":\"Accueil\",\"item\":\"https:\/\/outilstice.com\/\"},{\"@type\":\"ListItem\",\"position\":2,\"name\":\"Fran\u00e7ais\",\"item\":\"https:\/\/outilstice.com\/francais\/\"},{\"@type\":\"ListItem\",\"position\":3,\"name\":\"EcriPlus. Am\u00e9liorer l\u2019expression \u00e9crite des \u00e9tudiants\"}]},{\"@type\":\"WebSite\",\"@id\":\"https:\/\/outilstice.com\/#website\",\"url\":\"https:\/\/outilstice.com\/\",\"name\":\"Les Outils Tice\",\"description\":\"L&#039;actualit\u00e9 des outils num\u00e9riques pour l&#039;\u00e9ducation\",\"publisher\":{\"@id\":\"https:\/\/outilstice.com\/#\/schema\/person\/ec4809142ef009f96b5af2c906a48cd0\"},\"potentialAction\":[{\"@type\":\"SearchAction\",\"target\":{\"@type\":\"EntryPoint\",\"urlTemplate\":\"https:\/\/outilstice.com\/?s={search_term_string}\"},\"query-input\":{\"@type\":\"PropertyValueSpecification\",\"valueRequired\":true,\"valueName\":\"search_term_string\"}}],\"inLanguage\":\"es\"},{\"@type\":[\"Person\",\"Organization\"],\"@id\":\"https:\/\/outilstice.com\/#\/schema\/person\/ec4809142ef009f96b5af2c906a48cd0\",\"name\":\"Fidel Navamuel\",\"image\":{\"@type\":\"ImageObject\",\"inLanguage\":\"es\",\"@id\":\"https:\/\/outilstice.com\/#\/schema\/person\/image\/\",\"url\":\"https:\/\/outilstice.com\/wp-content\/uploads\/2014\/11\/fidel.jpg\",\"contentUrl\":\"https:\/\/outilstice.com\/wp-content\/uploads\/2014\/11\/fidel.jpg\",\"width\":570,\"height\":428,\"caption\":\"Fidel Navamuel\"},\"logo\":{\"@id\":\"https:\/\/outilstice.com\/#\/schema\/person\/image\/\"},\"description\":\"Journaliste et responsable des sites \\\"Les Outils du Web\\\". Le r\u00e9seau \\\"Les Outils du Web\\\"regroupe sept sites d'information en ligne autour des nouvelles technologies, de la veille, des outils collaboratifs, des tice, de l'ia et du Web2. Responsable du d\u00e9veloppement de l'\u00e9cole des m\u00e9tiers de l'information \u00e0 Paris. Coop\u00e9rative de formation, l'\u00e9mi est reconnue pour ses formations qui accompagnent la mutation num\u00e9rique au c\u0153ur des m\u00e9tiers et des organisations.\",\"sameAs\":[\"https:\/\/outilstice.com\",\"https:\/\/www.facebook.com\/lesoutilsweb\",\"https:\/\/www.instagram.com\/outilstice\/\",\"http:\/\/fr.linkedin.com\/in\/navamuel\/\",\"http:\/\/www.pinterest.com\/fideln\/\",\"https:\/\/x.com\/outilstice\"],\"gender\":\"homme\",\"jobTitle\":\"Journaliste\"}]}<\/script>\n<!-- \/ Yoast SEO Premium plugin. -->","yoast_head_json":{"title":"EcriPlus. Ameliorer l\u2019expression \u00e9crite des \u00e9tudiants","description":"Une plateforme entierement gratuite destin\u00e9e \u00e0 aider les \u00e9tudiants \u00e0 am\u00e9liorer leur expression \u00e9crite et leur fran\u00e7ais. Formidable.","robots":{"index":"index","follow":"follow","max-snippet":"max-snippet:-1","max-image-preview":"max-image-preview:large","max-video-preview":"max-video-preview:-1"},"canonical":"https:\/\/outilstice.com\/es\/2021\/02\/ecriplus-ameliorer-lexpression-ecrite-des-etudiants\/","og_locale":"es_ES","og_type":"article","og_title":"EcriPlus. Am\u00e9liorer l\u2019expression \u00e9crite des \u00e9tudiants","og_description":"Une plateforme entierement gratuite destin\u00e9e \u00e0 aider les \u00e9tudiants \u00e0 am\u00e9liorer leur expression \u00e9crite et leur fran\u00e7ais. Formidable.","og_url":"https:\/\/outilstice.com\/es\/2021\/02\/ecriplus-ameliorer-lexpression-ecrite-des-etudiants\/","og_site_name":"Les Outils Tice","article_publisher":"https:\/\/www.facebook.com\/lesoutilsweb","article_author":"https:\/\/www.facebook.com\/lesoutilsweb","article_published_time":"2021-02-22T07:10:12+00:00","article_modified_time":"2024-07-01T09:09:01+00:00","og_image":[{"width":828,"height":531,"url":"https:\/\/outilstice.com\/wp-content\/uploads\/2021\/02\/Screenshot2021-02-17at09_35_12_adb1bada633c91412fa8d8074a2ef59d_2000.jpg","type":"image\/jpeg"}],"author":"Fidel Navamuel","twitter_card":"summary_large_image","twitter_creator":"@outilstice","twitter_site":"@outilstice","twitter_misc":{"Escrito por":"Fidel Navamuel","Tiempo de lectura":"3 minutos"},"schema":{"@context":"https:\/\/schema.org","@graph":[{"@type":["Article","BlogPosting"],"@id":"https:\/\/outilstice.com\/2021\/02\/ecriplus-ameliorer-lexpression-ecrite-des-etudiants\/#article","isPartOf":{"@id":"https:\/\/outilstice.com\/2021\/02\/ecriplus-ameliorer-lexpression-ecrite-des-etudiants\/"},"author":{"name":"Fidel Navamuel","@id":"https:\/\/outilstice.com\/#\/schema\/person\/ec4809142ef009f96b5af2c906a48cd0"},"headline":"EcriPlus. Am\u00e9liorer l\u2019expression \u00e9crite des \u00e9tudiants","datePublished":"2021-02-22T07:10:12+00:00","dateModified":"2024-07-01T09:09:01+00:00","mainEntityOfPage":{"@id":"https:\/\/outilstice.com\/2021\/02\/ecriplus-ameliorer-lexpression-ecrite-des-etudiants\/"},"wordCount":702,"commentCount":2,"publisher":{"@id":"https:\/\/outilstice.com\/#\/schema\/person\/ec4809142ef009f96b5af2c906a48cd0"},"image":{"@id":"https:\/\/outilstice.com\/2021\/02\/ecriplus-ameliorer-lexpression-ecrite-des-etudiants\/#primaryimage"},"thumbnailUrl":"https:\/\/outilstice.com\/wp-content\/uploads\/2021\/02\/Screenshot2021-02-17at09_35_12_adb1bada633c91412fa8d8074a2ef59d_2000.jpg","keywords":["Orthographe","P\u00e9dagogie"],"articleSection":["Fran\u00e7ais"],"inLanguage":"es","potentialAction":[{"@type":"CommentAction","name":"Comment","target":["https:\/\/outilstice.com\/2021\/02\/ecriplus-ameliorer-lexpression-ecrite-des-etudiants\/#respond"]}]},{"@type":"WebPage","@id":"https:\/\/outilstice.com\/2021\/02\/ecriplus-ameliorer-lexpression-ecrite-des-etudiants\/","url":"https:\/\/outilstice.com\/2021\/02\/ecriplus-ameliorer-lexpression-ecrite-des-etudiants\/","name":"EcriPlus. Ameliorer l\u2019expression \u00e9crite des \u00e9tudiants","isPartOf":{"@id":"https:\/\/outilstice.com\/#website"},"primaryImageOfPage":{"@id":"https:\/\/outilstice.com\/2021\/02\/ecriplus-ameliorer-lexpression-ecrite-des-etudiants\/#primaryimage"},"image":{"@id":"https:\/\/outilstice.com\/2021\/02\/ecriplus-ameliorer-lexpression-ecrite-des-etudiants\/#primaryimage"},"thumbnailUrl":"https:\/\/outilstice.com\/wp-content\/uploads\/2021\/02\/Screenshot2021-02-17at09_35_12_adb1bada633c91412fa8d8074a2ef59d_2000.jpg","datePublished":"2021-02-22T07:10:12+00:00","dateModified":"2024-07-01T09:09:01+00:00","description":"Une plateforme entierement gratuite destin\u00e9e \u00e0 aider les \u00e9tudiants \u00e0 am\u00e9liorer leur expression \u00e9crite et leur fran\u00e7ais. Formidable.","breadcrumb":{"@id":"https:\/\/outilstice.com\/2021\/02\/ecriplus-ameliorer-lexpression-ecrite-des-etudiants\/#breadcrumb"},"inLanguage":"es","potentialAction":[{"@type":"ReadAction","target":["https:\/\/outilstice.com\/2021\/02\/ecriplus-ameliorer-lexpression-ecrite-des-etudiants\/"]}]},{"@type":"ImageObject","inLanguage":"es","@id":"https:\/\/outilstice.com\/2021\/02\/ecriplus-ameliorer-lexpression-ecrite-des-etudiants\/#primaryimage","url":"https:\/\/outilstice.com\/wp-content\/uploads\/2021\/02\/Screenshot2021-02-17at09_35_12_adb1bada633c91412fa8d8074a2ef59d_2000.jpg","contentUrl":"https:\/\/outilstice.com\/wp-content\/uploads\/2021\/02\/Screenshot2021-02-17at09_35_12_adb1bada633c91412fa8d8074a2ef59d_2000.jpg","width":828,"height":531,"caption":"EcriPlus. Ameliorer l\u2019expression \u00e9crite des \u00e9tudiants"},{"@type":"BreadcrumbList","@id":"https:\/\/outilstice.com\/2021\/02\/ecriplus-ameliorer-lexpression-ecrite-des-etudiants\/#breadcrumb","itemListElement":[{"@type":"ListItem","position":1,"name":"Accueil","item":"https:\/\/outilstice.com\/"},{"@type":"ListItem","position":2,"name":"Fran\u00e7ais","item":"https:\/\/outilstice.com\/francais\/"},{"@type":"ListItem","position":3,"name":"EcriPlus. Am\u00e9liorer l\u2019expression \u00e9crite des \u00e9tudiants"}]},{"@type":"WebSite","@id":"https:\/\/outilstice.com\/#website","url":"https:\/\/outilstice.com\/","name":"Les Outils Tice","description":"L&#039;actualit\u00e9 des outils num\u00e9riques pour l&#039;\u00e9ducation","publisher":{"@id":"https:\/\/outilstice.com\/#\/schema\/person\/ec4809142ef009f96b5af2c906a48cd0"},"potentialAction":[{"@type":"SearchAction","target":{"@type":"EntryPoint","urlTemplate":"https:\/\/outilstice.com\/?s={search_term_string}"},"query-input":{"@type":"PropertyValueSpecification","valueRequired":true,"valueName":"search_term_string"}}],"inLanguage":"es"},{"@type":["Person","Organization"],"@id":"https:\/\/outilstice.com\/#\/schema\/person\/ec4809142ef009f96b5af2c906a48cd0","name":"Fidel Navamuel","image":{"@type":"ImageObject","inLanguage":"es","@id":"https:\/\/outilstice.com\/#\/schema\/person\/image\/","url":"https:\/\/outilstice.com\/wp-content\/uploads\/2014\/11\/fidel.jpg","contentUrl":"https:\/\/outilstice.com\/wp-content\/uploads\/2014\/11\/fidel.jpg","width":570,"height":428,"caption":"Fidel Navamuel"},"logo":{"@id":"https:\/\/outilstice.com\/#\/schema\/person\/image\/"},"description":"Journaliste et responsable des sites \"Les Outils du Web\". Le r\u00e9seau \"Les Outils du Web\"regroupe sept sites d'information en ligne autour des nouvelles technologies, de la veille, des outils collaboratifs, des tice, de l'ia et du Web2. Responsable du d\u00e9veloppement de l'\u00e9cole des m\u00e9tiers de l'information \u00e0 Paris. Coop\u00e9rative de formation, l'\u00e9mi est reconnue pour ses formations qui accompagnent la mutation num\u00e9rique au c\u0153ur des m\u00e9tiers et des organisations.","sameAs":["https:\/\/outilstice.com","https:\/\/www.facebook.com\/lesoutilsweb","https:\/\/www.instagram.com\/outilstice\/","http:\/\/fr.linkedin.com\/in\/navamuel\/","http:\/\/www.pinterest.com\/fideln\/","https:\/\/x.com\/outilstice"],"gender":"homme","jobTitle":"Journaliste"}]}},"modified_by":"Fidel Navamuel","_links":{"self":[{"href":"https:\/\/outilstice.com\/es\/wp-json\/wp\/v2\/posts\/8770"}],"collection":[{"href":"https:\/\/outilstice.com\/es\/wp-json\/wp\/v2\/posts"}],"about":[{"href":"https:\/\/outilstice.com\/es\/wp-json\/wp\/v2\/types\/post"}],"author":[{"embeddable":true,"href":"https:\/\/outilstice.com\/es\/wp-json\/wp\/v2\/users\/1"}],"replies":[{"embeddable":true,"href":"https:\/\/outilstice.com\/es\/wp-json\/wp\/v2\/comments?post=8770"}],"version-history":[{"count":1,"href":"https:\/\/outilstice.com\/es\/wp-json\/wp\/v2\/posts\/8770\/revisions"}],"predecessor-version":[{"id":13114,"href":"https:\/\/outilstice.com\/es\/wp-json\/wp\/v2\/posts\/8770\/revisions\/13114"}],"wp:featuredmedia":[{"embeddable":true,"href":"https:\/\/outilstice.com\/es\/wp-json\/wp\/v2\/media\/8771"}],"wp:attachment":[{"href":"https:\/\/outilstice.com\/es\/wp-json\/wp\/v2\/media?parent=8770"}],"wp:term":[{"taxonomy":"category","embeddable":true,"href":"https:\/\/outilstice.com\/es\/wp-json\/wp\/v2\/categories?post=8770"},{"taxonomy":"post_tag","embeddable":true,"href":"https:\/\/outilstice.com\/es\/wp-json\/wp\/v2\/tags?post=8770"}],"curies":[{"name":"wp","href":"https:\/\/api.w.org\/{rel}","templated":true}]}}