{"id":8873,"date":"2021-03-09T08:52:13","date_gmt":"2021-03-09T06:52:13","guid":{"rendered":"https:\/\/outilstice.com\/2021\/03\/les-eco-delegues-mis-a-lhonneur\/"},"modified":"2023-03-02T13:40:35","modified_gmt":"2023-03-02T11:40:35","slug":"les-eco-delegues-mis-a-lhonneur","status":"publish","type":"post","link":"https:\/\/outilstice.com\/es\/2021\/03\/les-eco-delegues-mis-a-lhonneur\/","title":{"rendered":"Los ecodelegados en el centro de atenci\u00f3n."},"content":{"rendered":"<p><strong>Cinco a\u00f1os despu\u00e9s de los Acuerdos de Par\u00eds, las cuestiones medioambientales siguen ocupando un lugar central en el debate.<\/strong> Y eso es mucho mejor. Queda mucho por hacer para marcar la diferencia, aunque existe una conciencia y un compromiso colectivos cada vez mayores entre los ciudadanos. Los j\u00f3venes son especialmente sensibles a este problema.<\/p>\n<p>Las cosas van progresando poco a poco. Como saben, por ejemplo, los ecodelegados son elegidos en cada clase al comienzo del a\u00f1o en las escuelas y escuelas. Esto representa a m\u00e1s de 250.000 estudiantes.<\/p>\n<figure class=\"image regular\"><picture><source srcset=\"https:\/\/outilstice.com\/wp-content\/uploads\/2021\/03\/ecodelegue-1280x720_1a3c84c2e95cb03208cf06268efb9273_800.jpg 1x, https:\/\/images.storychief.com\/account_26157\/ecodelegue-1280x720_1a3c84c2e95cb03208cf06268efb9273_1600.jpg 2x\" media=\"(max-width: 768px)\" \/><source srcset=\"https:\/\/outilstice.com\/wp-content\/uploads\/2021\/03\/ecodelegue-1280x720_1a3c84c2e95cb03208cf06268efb9273_800.jpg 1x, https:\/\/images.storychief.com\/account_26157\/ecodelegue-1280x720_1a3c84c2e95cb03208cf06268efb9273_1600.jpg 2x\" media=\"(min-width: 769px)\" \/><img decoding=\"async\" src=\"https:\/\/outilstice.com\/wp-content\/uploads\/2021\/03\/ecodelegue-1280x720_1a3c84c2e95cb03208cf06268efb9273_800.jpg\" alt=\"ecodelegados\" \/><\/picture><\/figure>\n<p>Establecieron proyectos de desarrollo sostenible destinados a mejorar la situaci\u00f3n existente, reducir los residuos, proteger el medio ambiente, sensibilizar e informar a sus hom\u00f3logos. Todos ellos desempe\u00f1an un papel clave en la transici\u00f3n ecol\u00f3gica y ayudan a preparar el mundo del ma\u00f1ana.<\/p>\n<p><strong>Dos eventos en las pr\u00f3ximas semanas<\/strong> promover\u00e1 el enfoque y el compromiso de estos ecodelegados. Eso es merecido.<\/p>\n<div id=\"ez-toc-container\" class=\"ez-toc-v2_0_77 counter-hierarchy ez-toc-counter ez-toc-light-blue ez-toc-container-direction\">\n<p class=\"ez-toc-title\" style=\"cursor:inherit\">Tabla de Contenidos<\/p>\n<label for=\"ez-toc-cssicon-toggle-item-69f401e09b3cd\" class=\"ez-toc-cssicon-toggle-label\"><span class=\"\"><span class=\"eztoc-hide\" style=\"display:none;\">alternar<\/span><span class=\"ez-toc-icon-toggle-span\"><svg style=\"fill: #999;color:#999\" xmlns=\"http:\/\/www.w3.org\/2000\/svg\" class=\"list-377408\" width=\"20px\" height=\"20px\" viewbox=\"0 0 24 24\" fill=\"none\"><path d=\"M6 6H4v2h2V6zm14 0H8v2h12V6zM4 11h2v2H4v-2zm16 0H8v2h12v-2zM4 16h2v2H4v-2zm16 0H8v2h12v-2z\" fill=\"currentColor\"><\/path><\/svg><svg style=\"fill: #999;color:#999\" class=\"arrow-unsorted-368013\" xmlns=\"http:\/\/www.w3.org\/2000\/svg\" width=\"10px\" height=\"10px\" viewbox=\"0 0 24 24\" version=\"1.2\" baseprofile=\"tiny\"><path d=\"M18.2 9.3l-6.2-6.3-6.2 6.3c-.2.2-.3.4-.3.7s.1.5.3.7c.2.2.4.3.7.3h11c.3 0 .5-.1.7-.3.2-.2.3-.5.3-.7s-.1-.5-.3-.7zM5.8 14.7l6.2 6.3 6.2-6.3c.2-.2.3-.5.3-.7s-.1-.5-.3-.7c-.2-.2-.4-.3-.7-.3h-11c-.3 0-.5.1-.7.3-.2.2-.3.5-.3.7s.1.5.3.7z\"\/><\/svg><\/span><\/span><\/label><input type=\"checkbox\"  id=\"ez-toc-cssicon-toggle-item-69f401e09b3cd\"  aria-label=\"Alternador\" \/><nav><ul class='ez-toc-list ez-toc-list-level-1' ><li class='ez-toc-page-1 ez-toc-heading-level-2'><a class=\"ez-toc-link ez-toc-heading-1\" href=\"https:\/\/outilstice.com\/es\/2021\/03\/les-eco-delegues-mis-a-lhonneur\/#Le_Club_Citeo_Des_outils_et_ressources_pour_initier_les_enfants_a_lecocitoyennete\" >Club de Citeo. Herramientas y recursos para introducir a los ni\u00f1os en la ecociudadan\u00eda<\/a><\/li><li class='ez-toc-page-1 ez-toc-heading-level-2'><a class=\"ez-toc-link ez-toc-heading-2\" href=\"https:\/\/outilstice.com\/es\/2021\/03\/les-eco-delegues-mis-a-lhonneur\/#Forum_en_ligne_%C2%AB_Grandir_dans_un_monde_durable_%C2%BB\" >Foro en l\u00ednea \"\u00a1Crecer en un mundo sostenible!\"<\/a><\/li><li class='ez-toc-page-1 ez-toc-heading-level-2'><a class=\"ez-toc-link ez-toc-heading-3\" href=\"https:\/\/outilstice.com\/es\/2021\/03\/les-eco-delegues-mis-a-lhonneur\/#Prix_de_laction_eco-deleguee_de_lannee\" >Premio a la acci\u00f3n ecodelegada del a\u00f1o:<\/a><\/li><\/ul><\/nav><\/div>\n<h2 id=\"bbfq2\"><span class=\"ez-toc-section\" id=\"Le_Club_Citeo_Des_outils_et_ressources_pour_initier_les_enfants_a_lecocitoyennete\"><\/span>Club de Citeo. Herramientas y recursos para introducir a los ni\u00f1os en la ecociudadan\u00eda<span class=\"ez-toc-section-end\"><\/span><\/h2>\n<p>El Club Citeo ofrece herramientas para que los maestros puedan apoyar a los ni\u00f1os de 6 a 12 a\u00f1os para que comprendan los desaf\u00edos del desarrollo sostenible y act\u00faen como ciudadanos responsables.<\/p>\n<p>Muchos recursos, divertidos y educativos, est\u00e1n disponibles de forma gratuita. Para los j\u00f3venes ecodelegados, pero tambi\u00e9n para todos. Estos recursos est\u00e1n particularmente bien desarrollados para adaptarse a las necesidades de maestros y padres. Al igual que la revista EcoJunior, a la que puede suscribirse a su clase de forma gratuita directamente en <a href=\"https:\/\/www.clubciteo.com\/\" target=\"_blank\" rel=\"noopener\">el Sitio de Citeo<\/a><\/p>\n<figure class=\"image regular\"><picture><source srcset=\"https:\/\/outilstice.com\/wp-content\/uploads\/2021\/03\/Club_CITEO_40699bfbea37b00ed97533fa10d080d3_800.jpg 1x, https:\/\/images.storychief.com\/account_26157\/Club_CITEO_40699bfbea37b00ed97533fa10d080d3_1600.jpg 2x\" media=\"(max-width: 768px)\" \/><source srcset=\"https:\/\/outilstice.com\/wp-content\/uploads\/2021\/03\/Club_CITEO_40699bfbea37b00ed97533fa10d080d3_800.jpg 1x, https:\/\/images.storychief.com\/account_26157\/Club_CITEO_40699bfbea37b00ed97533fa10d080d3_1600.jpg 2x\" media=\"(min-width: 769px)\" \/><img decoding=\"async\" src=\"https:\/\/outilstice.com\/wp-content\/uploads\/2021\/03\/Club_CITEO_40699bfbea37b00ed97533fa10d080d3_800.jpg\" alt=\"\" \/><\/picture><\/figure>\n<p><a href=\"https:\/\/www.clubciteo.com\/\" target=\"_blank\" rel=\"noopener\">El Club Citeo<\/a> te invita a participar en dos grandes eventos para promover a los ecodelegados y su enfoque.<\/p>\n<h2 id=\"b635d\"><span class=\"ez-toc-section\" id=\"Forum_en_ligne_%C2%AB_Grandir_dans_un_monde_durable_%C2%BB\"><\/span><strong>Foro en l\u00ednea \"\u00a1Crecer en un mundo sostenible!\"<\/strong><span class=\"ez-toc-section-end\"><\/span><\/h2>\n<p>El E3D-21 din\u00e1mico, una red de partes interesadas involucradas en la Educaci\u00f3n para el Desarrollo Sostenible (EDS), est\u00e1 organizando el tercer foro para la transici\u00f3n ecol\u00f3gica el 17 de marzo. Honrar\u00e1 a los j\u00f3venes ecodelegados.<\/p>\n<p>La oportunidad de conocer socios, informarse, compartir buenas pr\u00e1cticas, escuchar testimonios y fomentar din\u00e1micas territoriales.<\/p>\n<figure class=\"video regular\">\n<div class=\"embed-container\">\n<div style=\"max-width: 100%; position: relative; padding-top: 56.5%;\"><iframe style=\"position: absolute; top: 0px; left: 0px; width: 100%; height: 100%;\" src=\"https:\/\/www.youtube.com\/embed\/5J-VdrgWk98?feature=oembed\" width=\"200\" height=\"113\" frameborder=\"0\" allowfullscreen=\"allowfullscreen\"><\/iframe><\/div>\n<\/div>\n<\/figure>\n<p>Con las intervenciones excepcionales de Jean Jouzel y Nicolas Hulot. <a href=\"https:\/\/www.e3d-21.org\/images\/programme_forum\/forum-e3d-21-programme-FINAL-2.jpg\" target=\"_blank\" rel=\"noopener\">Pregunte por el programa.<\/a><\/p>\n<p><strong>&gt;&gt;&gt; Informaci\u00f3n y registro<\/strong><\/p>\n<figure class=\"image regular\"><picture><source srcset=\"https:\/\/outilstice.com\/wp-content\/uploads\/2021\/03\/168062bcdee693ef42c5def354f3fb94_c29c1dc3e2af851f44cf942e5ce62ac4_800.jpg 1x, https:\/\/images.storychief.com\/account_26157\/168062bcdee693ef42c5def354f3fb94_c29c1dc3e2af851f44cf942e5ce62ac4_1600.jpg 2x\" media=\"(max-width: 768px)\" \/><source srcset=\"https:\/\/outilstice.com\/wp-content\/uploads\/2021\/03\/168062bcdee693ef42c5def354f3fb94_c29c1dc3e2af851f44cf942e5ce62ac4_800.jpg 1x, https:\/\/images.storychief.com\/account_26157\/168062bcdee693ef42c5def354f3fb94_c29c1dc3e2af851f44cf942e5ce62ac4_1600.jpg 2x\" media=\"(min-width: 769px)\" \/><img decoding=\"async\" src=\"https:\/\/outilstice.com\/wp-content\/uploads\/2021\/03\/168062bcdee693ef42c5def354f3fb94_c29c1dc3e2af851f44cf942e5ce62ac4_800.jpg\" alt=\"Citeo\" \/><\/picture><\/figure>\n<h2 id=\"1no2f\"><span class=\"ez-toc-section\" id=\"Prix_de_laction_eco-deleguee_de_lannee\"><\/span><strong>Premio a la acci\u00f3n ecodelegada del a\u00f1o:<\/strong><span class=\"ez-toc-section-end\"><\/span><\/h2>\n<p>Para premiar los proyectos m\u00e1s inspiradores y sorprendentes de los ecodelegados a favor del desarrollo sostenible, la revista <a href=\"https:\/\/www.wedemain.fr\/\" target=\"_blank\" rel=\"noopener\">NOSOTROS MA\u00d1ANA<\/a> en colaboraci\u00f3n con el Ministerio de Educaci\u00f3n, Bayard, <a href=\"https:\/\/www.clubciteo.com\/\" target=\"_blank\" rel=\"noopener\">Citeo<\/a> y el Ad\u00e8me, lanza la primera edici\u00f3n del premio a la acci\u00f3n ecodelegada del a\u00f1o. Los ganadores tendr\u00e1n la oportunidad de reunirse con el ministro de Educaci\u00f3n Nacional y personalidades en torno a la educaci\u00f3n para el desarrollo sostenible en una importante ceremonia de entrega de premios el 5 de junio de 2021.<\/p>\n<p>La competencia se organiza en tres categor\u00edas: escuela, escuela secundaria y escuela secundaria. Est\u00e1 abierto a alumnos de escuelas generales, tecnol\u00f3gicas, profesionales o agr\u00edcolas, colegios y liceos de Francia continental y departamentos de ultramar, as\u00ed como a colegios y liceos franceses en el extranjero.<\/p>\n<p><strong>&gt;&gt;&gt; <a href=\"https:\/\/www.clubciteo.com\/prix-de-laction-eco-deleguee-de-lannee\/\" target=\"_blank\" rel=\"noopener\">Obtenga m\u00e1s informaci\u00f3n sobre este premio. <\/a><\/strong><\/p>\n<figure class=\"image regular\"><picture><source srcset=\"https:\/\/outilstice.com\/wp-content\/uploads\/2021\/03\/prix-action-ED-1_f1ebe2e75d6206f96d97e3a0e35f625e_800.jpg 1x, https:\/\/images.storychief.com\/account_26157\/prix-action-ED-1_f1ebe2e75d6206f96d97e3a0e35f625e_1600.jpg 2x\" media=\"(max-width: 768px)\" \/><source srcset=\"https:\/\/outilstice.com\/wp-content\/uploads\/2021\/03\/prix-action-ED-1_f1ebe2e75d6206f96d97e3a0e35f625e_800.jpg 1x, https:\/\/images.storychief.com\/account_26157\/prix-action-ED-1_f1ebe2e75d6206f96d97e3a0e35f625e_1600.jpg 2x\" media=\"(min-width: 769px)\" \/><img decoding=\"async\" src=\"https:\/\/outilstice.com\/wp-content\/uploads\/2021\/03\/prix-action-ED-1_f1ebe2e75d6206f96d97e3a0e35f625e_800.jpg\" alt=\"\" \/><\/picture><\/figure>\n<p><!-- strchf script --><script>if(window.strchfSettings === undefined) window.strchfSettings = {};window.strchfSettings.stats = {url: \"https:\/\/lesoutilsweb.storychief.io\/fr\/les-eco-delegues-mis-a-lhonneur?id=54994051&type=2\",title: \"Les \u00e9co-d\u00e9l\u00e9gu\u00e9s mis \u00e0 l\u2019honneur.\",id: \"83a34751-ec71-4345-9477-3d113a235bd4\"};(function(d, s, id) {var js, sjs = d.getElementsByTagName(s)[0];if (d.getElementById(id)) {window.strchf.update(); return;}js = d.createElement(s); js.id = id;js.src = \"https:\/\/d37oebn0w9ir6a.cloudfront.net\/scripts\/v0\/strchf.js\";js.async = true;sjs.parentNode.insertBefore(js, sjs);}(document, 'script', 'storychief-jssdk'))<\/script><!-- End strchf script --><\/p>","protected":false},"excerpt":{"rendered":"<p>\ud83c\udf31 Con el club Citeo, dos eventos en las pr\u00f3ximas semanas destacar\u00e1n el enfoque y compromiso de los ecodelegados con la transici\u00f3n ecol\u00f3gica \u2026<\/p>","protected":false},"author":7,"featured_media":8875,"comment_status":"open","ping_status":"open","sticky":false,"template":"","format":"standard","meta":{"content-type":"","_lmt_disableupdate":"no","_lmt_disable":"no","footnotes":""},"categories":[7182],"tags":[],"yoast_head":"<!-- This site is optimized with the Yoast SEO Premium plugin v20.4 (Yoast SEO v23.4) - https:\/\/yoast.com\/wordpress\/plugins\/seo\/ -->\n<title>Les \u00e9co-d\u00e9l\u00e9gu\u00e9s mis \u00e0 l\u2019honneur.<\/title>\n<meta name=\"description\" content=\"\ud83c\udf31 Avec le club Citeo, deux \u00e9v\u00e9nements, ces prochaines semaines, vont valoriser la d\u00e9marche et l\u2019engagement des \u00e9co-d\u00e9l\u00e9gu\u00e9s pour la transition \u00e9cologique...\" \/>\n<meta name=\"robots\" content=\"index, follow, max-snippet:-1, max-image-preview:large, max-video-preview:-1\" \/>\n<link rel=\"canonical\" href=\"https:\/\/outilstice.com\/es\/2021\/03\/les-eco-delegues-mis-a-lhonneur\/\" \/>\n<meta property=\"og:locale\" content=\"es_ES\" \/>\n<meta property=\"og:type\" content=\"article\" \/>\n<meta property=\"og:title\" content=\"Les \u00e9co-d\u00e9l\u00e9gu\u00e9s mis \u00e0 l\u2019honneur.\" \/>\n<meta property=\"og:description\" content=\"\ud83c\udf31 Avec le club Citeo, deux \u00e9v\u00e9nements, ces prochaines semaines, vont valoriser la d\u00e9marche et l\u2019engagement des \u00e9co-d\u00e9l\u00e9gu\u00e9s pour la transition \u00e9cologique...\" \/>\n<meta property=\"og:url\" content=\"https:\/\/outilstice.com\/es\/2021\/03\/les-eco-delegues-mis-a-lhonneur\/\" \/>\n<meta property=\"og:site_name\" content=\"Les Outils Tice\" \/>\n<meta property=\"article:publisher\" content=\"https:\/\/www.facebook.com\/lesoutilsweb\" \/>\n<meta property=\"article:published_time\" content=\"2021-03-09T06:52:13+00:00\" \/>\n<meta property=\"article:modified_time\" content=\"2023-03-02T11:40:35+00:00\" \/>\n<meta property=\"og:image\" content=\"https:\/\/outilstice.com\/wp-content\/uploads\/2021\/03\/ecodelegue-1280x720_1a3c84c2e95cb03208cf06268efb9273_2000.jpg\" \/>\n\t<meta property=\"og:image:width\" content=\"1280\" \/>\n\t<meta property=\"og:image:height\" content=\"720\" \/>\n\t<meta property=\"og:image:type\" content=\"image\/jpeg\" \/>\n<meta name=\"author\" content=\"Fidel Navamuel\" \/>\n<meta name=\"twitter:card\" content=\"summary_large_image\" \/>\n<meta name=\"twitter:creator\" content=\"@outilstice\" \/>\n<meta name=\"twitter:site\" content=\"@outilstice\" \/>\n<meta name=\"twitter:label1\" content=\"Escrito por\" \/>\n\t<meta name=\"twitter:data1\" content=\"Fidel Navamuel\" \/>\n\t<meta name=\"twitter:label2\" content=\"Tiempo de lectura\" \/>\n\t<meta name=\"twitter:data2\" content=\"3 minutos\" \/>\n<script type=\"application\/ld+json\" class=\"yoast-schema-graph\">{\"@context\":\"https:\/\/schema.org\",\"@graph\":[{\"@type\":[\"Article\",\"BlogPosting\"],\"@id\":\"https:\/\/outilstice.com\/2021\/03\/les-eco-delegues-mis-a-lhonneur\/#article\",\"isPartOf\":{\"@id\":\"https:\/\/outilstice.com\/2021\/03\/les-eco-delegues-mis-a-lhonneur\/\"},\"author\":{\"name\":\"Fidel Navamuel\",\"@id\":\"https:\/\/outilstice.com\/#\/schema\/person\/df9e23e727bf7a4c9107ee1ce69c0a42\"},\"headline\":\"Les \u00e9co-d\u00e9l\u00e9gu\u00e9s mis \u00e0 l\u2019honneur.\",\"datePublished\":\"2021-03-09T06:52:13+00:00\",\"dateModified\":\"2023-03-02T11:40:35+00:00\",\"mainEntityOfPage\":{\"@id\":\"https:\/\/outilstice.com\/2021\/03\/les-eco-delegues-mis-a-lhonneur\/\"},\"wordCount\":570,\"commentCount\":1,\"publisher\":{\"@id\":\"https:\/\/outilstice.com\/#\/schema\/person\/ec4809142ef009f96b5af2c906a48cd0\"},\"image\":{\"@id\":\"https:\/\/outilstice.com\/2021\/03\/les-eco-delegues-mis-a-lhonneur\/#primaryimage\"},\"thumbnailUrl\":\"https:\/\/outilstice.com\/wp-content\/uploads\/2021\/03\/ecodelegue-1280x720_1a3c84c2e95cb03208cf06268efb9273_2000.jpg\",\"articleSection\":[\"Communiqu\u00e9s\"],\"inLanguage\":\"es\",\"potentialAction\":[{\"@type\":\"CommentAction\",\"name\":\"Comment\",\"target\":[\"https:\/\/outilstice.com\/2021\/03\/les-eco-delegues-mis-a-lhonneur\/#respond\"]}]},{\"@type\":\"WebPage\",\"@id\":\"https:\/\/outilstice.com\/2021\/03\/les-eco-delegues-mis-a-lhonneur\/\",\"url\":\"https:\/\/outilstice.com\/2021\/03\/les-eco-delegues-mis-a-lhonneur\/\",\"name\":\"Les \u00e9co-d\u00e9l\u00e9gu\u00e9s mis \u00e0 l\u2019honneur.\",\"isPartOf\":{\"@id\":\"https:\/\/outilstice.com\/#website\"},\"primaryImageOfPage\":{\"@id\":\"https:\/\/outilstice.com\/2021\/03\/les-eco-delegues-mis-a-lhonneur\/#primaryimage\"},\"image\":{\"@id\":\"https:\/\/outilstice.com\/2021\/03\/les-eco-delegues-mis-a-lhonneur\/#primaryimage\"},\"thumbnailUrl\":\"https:\/\/outilstice.com\/wp-content\/uploads\/2021\/03\/ecodelegue-1280x720_1a3c84c2e95cb03208cf06268efb9273_2000.jpg\",\"datePublished\":\"2021-03-09T06:52:13+00:00\",\"dateModified\":\"2023-03-02T11:40:35+00:00\",\"description\":\"\ud83c\udf31 Avec le club Citeo, deux \u00e9v\u00e9nements, ces prochaines semaines, vont valoriser la d\u00e9marche et l\u2019engagement des \u00e9co-d\u00e9l\u00e9gu\u00e9s pour la transition \u00e9cologique...\",\"breadcrumb\":{\"@id\":\"https:\/\/outilstice.com\/2021\/03\/les-eco-delegues-mis-a-lhonneur\/#breadcrumb\"},\"inLanguage\":\"es\",\"potentialAction\":[{\"@type\":\"ReadAction\",\"target\":[\"https:\/\/outilstice.com\/2021\/03\/les-eco-delegues-mis-a-lhonneur\/\"]}]},{\"@type\":\"ImageObject\",\"inLanguage\":\"es\",\"@id\":\"https:\/\/outilstice.com\/2021\/03\/les-eco-delegues-mis-a-lhonneur\/#primaryimage\",\"url\":\"https:\/\/outilstice.com\/wp-content\/uploads\/2021\/03\/ecodelegue-1280x720_1a3c84c2e95cb03208cf06268efb9273_2000.jpg\",\"contentUrl\":\"https:\/\/outilstice.com\/wp-content\/uploads\/2021\/03\/ecodelegue-1280x720_1a3c84c2e95cb03208cf06268efb9273_2000.jpg\",\"width\":1280,\"height\":720,\"caption\":\"Les \u00e9co-d\u00e9l\u00e9gu\u00e9s mis \u00e0 l\u2019honneur.\"},{\"@type\":\"BreadcrumbList\",\"@id\":\"https:\/\/outilstice.com\/2021\/03\/les-eco-delegues-mis-a-lhonneur\/#breadcrumb\",\"itemListElement\":[{\"@type\":\"ListItem\",\"position\":1,\"name\":\"Accueil\",\"item\":\"https:\/\/outilstice.com\/\"},{\"@type\":\"ListItem\",\"position\":2,\"name\":\"Communiqu\u00e9s\",\"item\":\"https:\/\/outilstice.com\/communiques\/\"},{\"@type\":\"ListItem\",\"position\":3,\"name\":\"Les \u00e9co-d\u00e9l\u00e9gu\u00e9s mis \u00e0 l\u2019honneur.\"}]},{\"@type\":\"WebSite\",\"@id\":\"https:\/\/outilstice.com\/#website\",\"url\":\"https:\/\/outilstice.com\/\",\"name\":\"Les Outils Tice\",\"description\":\"L&#039;actualit\u00e9 des outils num\u00e9riques pour l&#039;\u00e9ducation\",\"publisher\":{\"@id\":\"https:\/\/outilstice.com\/#\/schema\/person\/ec4809142ef009f96b5af2c906a48cd0\"},\"potentialAction\":[{\"@type\":\"SearchAction\",\"target\":{\"@type\":\"EntryPoint\",\"urlTemplate\":\"https:\/\/outilstice.com\/?s={search_term_string}\"},\"query-input\":{\"@type\":\"PropertyValueSpecification\",\"valueRequired\":true,\"valueName\":\"search_term_string\"}}],\"inLanguage\":\"es\"},{\"@type\":[\"Person\",\"Organization\"],\"@id\":\"https:\/\/outilstice.com\/#\/schema\/person\/ec4809142ef009f96b5af2c906a48cd0\",\"name\":\"Fidel Navamuel\",\"image\":{\"@type\":\"ImageObject\",\"inLanguage\":\"es\",\"@id\":\"https:\/\/outilstice.com\/#\/schema\/person\/image\/\",\"url\":\"https:\/\/outilstice.com\/wp-content\/uploads\/2014\/11\/fidel.jpg\",\"contentUrl\":\"https:\/\/outilstice.com\/wp-content\/uploads\/2014\/11\/fidel.jpg\",\"width\":570,\"height\":428,\"caption\":\"Fidel Navamuel\"},\"logo\":{\"@id\":\"https:\/\/outilstice.com\/#\/schema\/person\/image\/\"},\"description\":\"Journaliste et responsable des sites \\\"Les Outils du Web\\\". Le r\u00e9seau \\\"Les Outils du Web\\\"regroupe sept sites d'information en ligne autour des nouvelles technologies, de la veille, des outils collaboratifs, des tice, de l'ia et du Web2. Responsable du d\u00e9veloppement de l'\u00e9cole des m\u00e9tiers de l'information \u00e0 Paris. Coop\u00e9rative de formation, l'\u00e9mi est reconnue pour ses formations qui accompagnent la mutation num\u00e9rique au c\u0153ur des m\u00e9tiers et des organisations.\",\"sameAs\":[\"https:\/\/outilstice.com\",\"https:\/\/www.facebook.com\/lesoutilsweb\",\"https:\/\/www.instagram.com\/outilstice\/\",\"http:\/\/fr.linkedin.com\/in\/navamuel\/\",\"http:\/\/www.pinterest.com\/fideln\/\",\"https:\/\/x.com\/outilstice\"],\"gender\":\"homme\",\"jobTitle\":\"Journaliste\"},{\"@type\":\"Person\",\"@id\":\"https:\/\/outilstice.com\/#\/schema\/person\/df9e23e727bf7a4c9107ee1ce69c0a42\",\"name\":\"Fidel Navamuel\"}]}<\/script>\n<!-- \/ Yoast SEO Premium plugin. -->","yoast_head_json":{"title":"Les \u00e9co-d\u00e9l\u00e9gu\u00e9s mis \u00e0 l\u2019honneur.","description":"\ud83c\udf31 Avec le club Citeo, deux \u00e9v\u00e9nements, ces prochaines semaines, vont valoriser la d\u00e9marche et l\u2019engagement des \u00e9co-d\u00e9l\u00e9gu\u00e9s pour la transition \u00e9cologique...","robots":{"index":"index","follow":"follow","max-snippet":"max-snippet:-1","max-image-preview":"max-image-preview:large","max-video-preview":"max-video-preview:-1"},"canonical":"https:\/\/outilstice.com\/es\/2021\/03\/les-eco-delegues-mis-a-lhonneur\/","og_locale":"es_ES","og_type":"article","og_title":"Les \u00e9co-d\u00e9l\u00e9gu\u00e9s mis \u00e0 l\u2019honneur.","og_description":"\ud83c\udf31 Avec le club Citeo, deux \u00e9v\u00e9nements, ces prochaines semaines, vont valoriser la d\u00e9marche et l\u2019engagement des \u00e9co-d\u00e9l\u00e9gu\u00e9s pour la transition \u00e9cologique...","og_url":"https:\/\/outilstice.com\/es\/2021\/03\/les-eco-delegues-mis-a-lhonneur\/","og_site_name":"Les Outils Tice","article_publisher":"https:\/\/www.facebook.com\/lesoutilsweb","article_published_time":"2021-03-09T06:52:13+00:00","article_modified_time":"2023-03-02T11:40:35+00:00","og_image":[{"width":1280,"height":720,"url":"https:\/\/outilstice.com\/wp-content\/uploads\/2021\/03\/ecodelegue-1280x720_1a3c84c2e95cb03208cf06268efb9273_2000.jpg","type":"image\/jpeg"}],"author":"Fidel Navamuel","twitter_card":"summary_large_image","twitter_creator":"@outilstice","twitter_site":"@outilstice","twitter_misc":{"Escrito por":"Fidel Navamuel","Tiempo de lectura":"3 minutos"},"schema":{"@context":"https:\/\/schema.org","@graph":[{"@type":["Article","BlogPosting"],"@id":"https:\/\/outilstice.com\/2021\/03\/les-eco-delegues-mis-a-lhonneur\/#article","isPartOf":{"@id":"https:\/\/outilstice.com\/2021\/03\/les-eco-delegues-mis-a-lhonneur\/"},"author":{"name":"Fidel Navamuel","@id":"https:\/\/outilstice.com\/#\/schema\/person\/df9e23e727bf7a4c9107ee1ce69c0a42"},"headline":"Les \u00e9co-d\u00e9l\u00e9gu\u00e9s mis \u00e0 l\u2019honneur.","datePublished":"2021-03-09T06:52:13+00:00","dateModified":"2023-03-02T11:40:35+00:00","mainEntityOfPage":{"@id":"https:\/\/outilstice.com\/2021\/03\/les-eco-delegues-mis-a-lhonneur\/"},"wordCount":570,"commentCount":1,"publisher":{"@id":"https:\/\/outilstice.com\/#\/schema\/person\/ec4809142ef009f96b5af2c906a48cd0"},"image":{"@id":"https:\/\/outilstice.com\/2021\/03\/les-eco-delegues-mis-a-lhonneur\/#primaryimage"},"thumbnailUrl":"https:\/\/outilstice.com\/wp-content\/uploads\/2021\/03\/ecodelegue-1280x720_1a3c84c2e95cb03208cf06268efb9273_2000.jpg","articleSection":["Communiqu\u00e9s"],"inLanguage":"es","potentialAction":[{"@type":"CommentAction","name":"Comment","target":["https:\/\/outilstice.com\/2021\/03\/les-eco-delegues-mis-a-lhonneur\/#respond"]}]},{"@type":"WebPage","@id":"https:\/\/outilstice.com\/2021\/03\/les-eco-delegues-mis-a-lhonneur\/","url":"https:\/\/outilstice.com\/2021\/03\/les-eco-delegues-mis-a-lhonneur\/","name":"Les \u00e9co-d\u00e9l\u00e9gu\u00e9s mis \u00e0 l\u2019honneur.","isPartOf":{"@id":"https:\/\/outilstice.com\/#website"},"primaryImageOfPage":{"@id":"https:\/\/outilstice.com\/2021\/03\/les-eco-delegues-mis-a-lhonneur\/#primaryimage"},"image":{"@id":"https:\/\/outilstice.com\/2021\/03\/les-eco-delegues-mis-a-lhonneur\/#primaryimage"},"thumbnailUrl":"https:\/\/outilstice.com\/wp-content\/uploads\/2021\/03\/ecodelegue-1280x720_1a3c84c2e95cb03208cf06268efb9273_2000.jpg","datePublished":"2021-03-09T06:52:13+00:00","dateModified":"2023-03-02T11:40:35+00:00","description":"\ud83c\udf31 Avec le club Citeo, deux \u00e9v\u00e9nements, ces prochaines semaines, vont valoriser la d\u00e9marche et l\u2019engagement des \u00e9co-d\u00e9l\u00e9gu\u00e9s pour la transition \u00e9cologique...","breadcrumb":{"@id":"https:\/\/outilstice.com\/2021\/03\/les-eco-delegues-mis-a-lhonneur\/#breadcrumb"},"inLanguage":"es","potentialAction":[{"@type":"ReadAction","target":["https:\/\/outilstice.com\/2021\/03\/les-eco-delegues-mis-a-lhonneur\/"]}]},{"@type":"ImageObject","inLanguage":"es","@id":"https:\/\/outilstice.com\/2021\/03\/les-eco-delegues-mis-a-lhonneur\/#primaryimage","url":"https:\/\/outilstice.com\/wp-content\/uploads\/2021\/03\/ecodelegue-1280x720_1a3c84c2e95cb03208cf06268efb9273_2000.jpg","contentUrl":"https:\/\/outilstice.com\/wp-content\/uploads\/2021\/03\/ecodelegue-1280x720_1a3c84c2e95cb03208cf06268efb9273_2000.jpg","width":1280,"height":720,"caption":"Les \u00e9co-d\u00e9l\u00e9gu\u00e9s mis \u00e0 l\u2019honneur."},{"@type":"BreadcrumbList","@id":"https:\/\/outilstice.com\/2021\/03\/les-eco-delegues-mis-a-lhonneur\/#breadcrumb","itemListElement":[{"@type":"ListItem","position":1,"name":"Accueil","item":"https:\/\/outilstice.com\/"},{"@type":"ListItem","position":2,"name":"Communiqu\u00e9s","item":"https:\/\/outilstice.com\/communiques\/"},{"@type":"ListItem","position":3,"name":"Les \u00e9co-d\u00e9l\u00e9gu\u00e9s mis \u00e0 l\u2019honneur."}]},{"@type":"WebSite","@id":"https:\/\/outilstice.com\/#website","url":"https:\/\/outilstice.com\/","name":"Les Outils Tice","description":"L&#039;actualit\u00e9 des outils num\u00e9riques pour l&#039;\u00e9ducation","publisher":{"@id":"https:\/\/outilstice.com\/#\/schema\/person\/ec4809142ef009f96b5af2c906a48cd0"},"potentialAction":[{"@type":"SearchAction","target":{"@type":"EntryPoint","urlTemplate":"https:\/\/outilstice.com\/?s={search_term_string}"},"query-input":{"@type":"PropertyValueSpecification","valueRequired":true,"valueName":"search_term_string"}}],"inLanguage":"es"},{"@type":["Person","Organization"],"@id":"https:\/\/outilstice.com\/#\/schema\/person\/ec4809142ef009f96b5af2c906a48cd0","name":"Fidel Navamuel","image":{"@type":"ImageObject","inLanguage":"es","@id":"https:\/\/outilstice.com\/#\/schema\/person\/image\/","url":"https:\/\/outilstice.com\/wp-content\/uploads\/2014\/11\/fidel.jpg","contentUrl":"https:\/\/outilstice.com\/wp-content\/uploads\/2014\/11\/fidel.jpg","width":570,"height":428,"caption":"Fidel Navamuel"},"logo":{"@id":"https:\/\/outilstice.com\/#\/schema\/person\/image\/"},"description":"Journaliste et responsable des sites \"Les Outils du Web\". Le r\u00e9seau \"Les Outils du Web\"regroupe sept sites d'information en ligne autour des nouvelles technologies, de la veille, des outils collaboratifs, des tice, de l'ia et du Web2. Responsable du d\u00e9veloppement de l'\u00e9cole des m\u00e9tiers de l'information \u00e0 Paris. Coop\u00e9rative de formation, l'\u00e9mi est reconnue pour ses formations qui accompagnent la mutation num\u00e9rique au c\u0153ur des m\u00e9tiers et des organisations.","sameAs":["https:\/\/outilstice.com","https:\/\/www.facebook.com\/lesoutilsweb","https:\/\/www.instagram.com\/outilstice\/","http:\/\/fr.linkedin.com\/in\/navamuel\/","http:\/\/www.pinterest.com\/fideln\/","https:\/\/x.com\/outilstice"],"gender":"homme","jobTitle":"Journaliste"},{"@type":"Person","@id":"https:\/\/outilstice.com\/#\/schema\/person\/df9e23e727bf7a4c9107ee1ce69c0a42","name":"Fidel Navamuel"}]}},"modified_by":"Fidel Navamuel","_links":{"self":[{"href":"https:\/\/outilstice.com\/es\/wp-json\/wp\/v2\/posts\/8873"}],"collection":[{"href":"https:\/\/outilstice.com\/es\/wp-json\/wp\/v2\/posts"}],"about":[{"href":"https:\/\/outilstice.com\/es\/wp-json\/wp\/v2\/types\/post"}],"author":[{"embeddable":true,"href":"https:\/\/outilstice.com\/es\/wp-json\/wp\/v2\/users\/7"}],"replies":[{"embeddable":true,"href":"https:\/\/outilstice.com\/es\/wp-json\/wp\/v2\/comments?post=8873"}],"version-history":[{"count":0,"href":"https:\/\/outilstice.com\/es\/wp-json\/wp\/v2\/posts\/8873\/revisions"}],"wp:featuredmedia":[{"embeddable":true,"href":"https:\/\/outilstice.com\/es\/wp-json\/wp\/v2\/media\/8875"}],"wp:attachment":[{"href":"https:\/\/outilstice.com\/es\/wp-json\/wp\/v2\/media?parent=8873"}],"wp:term":[{"taxonomy":"category","embeddable":true,"href":"https:\/\/outilstice.com\/es\/wp-json\/wp\/v2\/categories?post=8873"},{"taxonomy":"post_tag","embeddable":true,"href":"https:\/\/outilstice.com\/es\/wp-json\/wp\/v2\/tags?post=8873"}],"curies":[{"name":"wp","href":"https:\/\/api.w.org\/{rel}","templated":true}]}}