{"id":9483,"date":"2021-09-17T07:54:55","date_gmt":"2021-09-17T05:54:55","guid":{"rendered":"https:\/\/outilstice.com\/?p=9483"},"modified":"2021-09-17T07:54:55","modified_gmt":"2021-09-17T05:54:55","slug":"classroomscreen-fond-decran-pour-la-classe","status":"publish","type":"post","link":"https:\/\/outilstice.com\/es\/2021\/09\/classroomscreen-fond-decran-pour-la-classe\/","title":{"rendered":"Pantalla del aula. Un fondo de pantalla para la clase"},"content":{"rendered":"<p><a href=\"https:\/\/classroomscreen.com\/\" target=\"_blank\"><strong>Pantalla del aula<\/strong><\/a> es un servicio imaginado y creado por un maestro para ser <strong>utilizado como fondo de pantalla en su proyector en el aula.<\/strong> Un fondo de pantalla enriquecido con varios m\u00f3dulos o widgets que pueden ser \u00fatiles, si no muy \u00fatiles, para las necesidades cotidianas simples.<\/p>\n<p>El servicio ha existido durante varios a\u00f1os. Se ha vuelto mucho m\u00e1s rico con el tiempo. La herramienta ahora se puede usar de forma remota, tambi\u00e9n han aparecido nuevos m\u00f3dulos. Nuevas funciones tambi\u00e9n para que sea m\u00e1s f\u00e1cil para usted administrar su clase. Volvemos a ello en detalle.<\/p>\n<p><img loading=\"lazy\" decoding=\"async\" class=\"aligncenter wp-image-9486 size-large\" src=\"https:\/\/outilstice.com\/wp-content\/uploads\/2021\/09\/classroomscreen_fondecran-1024x570.jpg\" alt=\"clase de fondo de pantalla\" width=\"720\" height=\"401\" srcset=\"https:\/\/outilstice.com\/wp-content\/uploads\/2021\/09\/classroomscreen_fondecran-1024x570.jpg 1024w, https:\/\/outilstice.com\/wp-content\/uploads\/2021\/09\/classroomscreen_fondecran-300x167.jpg 300w, https:\/\/outilstice.com\/wp-content\/uploads\/2021\/09\/classroomscreen_fondecran-768x427.jpg 768w, https:\/\/outilstice.com\/wp-content\/uploads\/2021\/09\/classroomscreen_fondecran.jpg 1177w\" sizes=\"(max-width: 720px) 100vw, 720px\" \/><\/p>\n<div id=\"ez-toc-container\" class=\"ez-toc-v2_0_77 counter-hierarchy ez-toc-counter ez-toc-light-blue ez-toc-container-direction\">\n<p class=\"ez-toc-title\" style=\"cursor:inherit\">Tabla de Contenidos<\/p>\n<label for=\"ez-toc-cssicon-toggle-item-69f5bc6513cd6\" class=\"ez-toc-cssicon-toggle-label\"><span class=\"\"><span class=\"eztoc-hide\" style=\"display:none;\">alternar<\/span><span class=\"ez-toc-icon-toggle-span\"><svg style=\"fill: #999;color:#999\" xmlns=\"http:\/\/www.w3.org\/2000\/svg\" class=\"list-377408\" width=\"20px\" height=\"20px\" viewbox=\"0 0 24 24\" fill=\"none\"><path d=\"M6 6H4v2h2V6zm14 0H8v2h12V6zM4 11h2v2H4v-2zm16 0H8v2h12v-2zM4 16h2v2H4v-2zm16 0H8v2h12v-2z\" fill=\"currentColor\"><\/path><\/svg><svg style=\"fill: #999;color:#999\" class=\"arrow-unsorted-368013\" xmlns=\"http:\/\/www.w3.org\/2000\/svg\" width=\"10px\" height=\"10px\" viewbox=\"0 0 24 24\" version=\"1.2\" baseprofile=\"tiny\"><path d=\"M18.2 9.3l-6.2-6.3-6.2 6.3c-.2.2-.3.4-.3.7s.1.5.3.7c.2.2.4.3.7.3h11c.3 0 .5-.1.7-.3.2-.2.3-.5.3-.7s-.1-.5-.3-.7zM5.8 14.7l6.2 6.3 6.2-6.3c.2-.2.3-.5.3-.7s-.1-.5-.3-.7c-.2-.2-.4-.3-.7-.3h-11c-.3 0-.5.1-.7.3-.2.2-.3.5-.3.7s.1.5.3.7z\"\/><\/svg><\/span><\/span><\/label><input type=\"checkbox\"  id=\"ez-toc-cssicon-toggle-item-69f5bc6513cd6\"  aria-label=\"Alternador\" \/><nav><ul class='ez-toc-list ez-toc-list-level-1' ><li class='ez-toc-page-1 ez-toc-heading-level-2'><a class=\"ez-toc-link ez-toc-heading-1\" href=\"https:\/\/outilstice.com\/es\/2021\/09\/classroomscreen-fond-decran-pour-la-classe\/#Un_fond_decran_interactif_pour_la_classe\" >Un fondo de pantalla interactivo para la clase<\/a><\/li><li class='ez-toc-page-1 ez-toc-heading-level-2'><a class=\"ez-toc-link ez-toc-heading-2\" href=\"https:\/\/outilstice.com\/es\/2021\/09\/classroomscreen-fond-decran-pour-la-classe\/#13_outils_a_votre_disposition_pour_animer_vos_cours\" >13 herramientas a tu disposici\u00f3n para animar tus cursos<\/a><\/li><li class='ez-toc-page-1 ez-toc-heading-level-2'><a class=\"ez-toc-link ez-toc-heading-3\" href=\"https:\/\/outilstice.com\/es\/2021\/09\/classroomscreen-fond-decran-pour-la-classe\/#Une_version_pro_enrichie_pour_des_cours_a_distance_ou_des_fonctions_avancees\" >Una versi\u00f3n pro enriquecida para aprendizaje a distancia o funciones avanzadas<\/a><\/li><\/ul><\/nav><\/div>\n<h2><span class=\"ez-toc-section\" id=\"Un_fond_decran_interactif_pour_la_classe\"><\/span>Un fondo de pantalla interactivo para la clase<span class=\"ez-toc-section-end\"><\/span><\/h2>\n<p><strong>ClassroomScreen no se molesta con pre\u00e1mbulos o explicaciones largas.<\/strong> No es necesario crear una cuenta o iniciar sesi\u00f3n para poder usar este fondo de pantalla para su clase. Solo tienes que ir a la p\u00e1gina de inicio, el servicio est\u00e1 en funcionamiento con un solo clic. Cada vez que te conectes, descubrir\u00e1s una imagen a pantalla completa de un hermoso paisaje natural. Docenas de im\u00e1genes est\u00e1n disponibles e incluso puedes agregar las tuyas si lo deseas.<\/p>\n<p>Podr\u00e1s acompa\u00f1ar las actividades de tu aula animando a tus alumnos a ponerse a trabajar y participar a trav\u00e9s de las herramientas intuitivas a las que podr\u00e1s recurrir en directo. No hay necesidad de mucha preparaci\u00f3n, puede comenzar de inmediato y puede usar los diversos m\u00f3dulos integrados en el curso del agua.<\/p>\n<p><img loading=\"lazy\" decoding=\"async\" class=\"aligncenter wp-image-9487 size-large\" src=\"https:\/\/outilstice.com\/wp-content\/uploads\/2021\/09\/widgets-1024x296.png\" alt=\"M\u00f3dulos de papel pintado\" width=\"720\" height=\"208\" srcset=\"https:\/\/outilstice.com\/wp-content\/uploads\/2021\/09\/widgets-1024x296.png 1024w, https:\/\/outilstice.com\/wp-content\/uploads\/2021\/09\/widgets-300x87.png 300w, https:\/\/outilstice.com\/wp-content\/uploads\/2021\/09\/widgets-768x222.png 768w, https:\/\/outilstice.com\/wp-content\/uploads\/2021\/09\/widgets-1536x444.png 1536w, https:\/\/outilstice.com\/wp-content\/uploads\/2021\/09\/widgets-2048x591.png 2048w, https:\/\/outilstice.com\/wp-content\/uploads\/2021\/09\/widgets.png 1920w\" sizes=\"(max-width: 720px) 100vw, 720px\" \/><\/p>\n<h2><span class=\"ez-toc-section\" id=\"13_outils_a_votre_disposition_pour_animer_vos_cours\"><\/span>13 herramientas a tu disposici\u00f3n para animar tus cursos<span class=\"ez-toc-section-end\"><\/span><\/h2>\n<p>El fondo de pantalla ClassroomScreen para su clase tiene una serie de widgets o funciones si lo prefiere, que se pueden encontrar en una barra de men\u00fa horizontal en la parte inferior de la pantalla. <strong>Trece widgets est\u00e1n a su disposici\u00f3n para animar sus cursos.<\/strong><\/p>\n<p>Muy f\u00e1cil de usar y entender. No olvide hacer clic primero en la rueda dentada a la izquierda de la pantalla para cambiar el idioma predeterminado al franc\u00e9s. Cada funci\u00f3n se ilustra con un picto expl\u00edcito. Usted puede:<\/p>\n<ul>\n<li>Elegir un nombre al azar en la clase<\/li>\n<li>Lanzamiento de dados virtuales<\/li>\n<li>Medir el nivel sonoro en la clase<\/li>\n<li>Crear c\u00f3digos QR<\/li>\n<li>Dibujo<\/li>\n<li>Escribir<\/li>\n<li>Mostrar s\u00edmbolos de trabajo<\/li>\n<li>Mostrar una luz roja \u2013 luz verde<\/li>\n<li>Iniciar un temporizador o cron\u00f3metro<\/li>\n<li>Mostrar un reloj<\/li>\n<li>Mostrar un calendario<\/li>\n<\/ul>\n<p>La mayor\u00eda de estas herramientas son configurables gracias a una peque\u00f1a rueda con muescas que aparece en el lateral. Puedes cambiar su tama\u00f1o en la pantalla y colocarlos donde quieras en tu fondo de pantalla. Tenga en cuenta tambi\u00e9n que puede ver m\u00e1s de uno a la vez.<\/p>\n<p><img loading=\"lazy\" decoding=\"async\" class=\"aligncenter wp-image-9488 size-full\" src=\"https:\/\/outilstice.com\/wp-content\/uploads\/2021\/09\/symbole.jpg\" alt=\" Fondo de pantalla para la clase\" width=\"928\" height=\"475\" srcset=\"https:\/\/outilstice.com\/wp-content\/uploads\/2021\/09\/symbole.jpg 928w, https:\/\/outilstice.com\/wp-content\/uploads\/2021\/09\/symbole-300x154.jpg 300w, https:\/\/outilstice.com\/wp-content\/uploads\/2021\/09\/symbole-768x393.jpg 768w\" sizes=\"(max-width: 928px) 100vw, 928px\" \/><\/p>\n<p>Dejar\u00e9 que los averig\u00fces. Hay muchos usos a diario. Desde la posibilidad de mostrar el tiempo o un temporizador para una actividad de tiempo limitado hasta la visualizaci\u00f3n de instrucciones para toda la clase bajo el afiorm de un texto o un picto expl\u00edcito.<\/p>\n<p>No est\u00e1 mal tambi\u00e9n el medidor de ruido. Un poco como <a title=\"Aula de ruido cero. Cron\u00f3metro y medidor de ruido para la clase\" href=\"https:\/\/outilstice.com\/2017\/04\/zero-noise-classroom-chronometre-et-mesureur-de-bruit-pour-la-classe\/\" target=\"_blank\" rel=\"noopener\">Aula Zero Noise que present\u00e9 aqu\u00ed hace alg\u00fan tiempo.<\/a> Ideal para hacer que la clase sea consciente del nivel de ruido ambiental y establecer l\u00edmites para todos.<\/p>\n<p>Adem\u00e1s de estas 13 utilidades todav\u00eda disponibles en su fondo de pantalla, Classroom Screen tambi\u00e9n ofrece una herramienta de votaci\u00f3n para intercambios en vivo en la interfaz de ense\u00f1anza. Los estudiantes ven su voto mostrado en un bonito gr\u00e1fico. Otra funci\u00f3n interesante es la posibilidad de <a href=\"https:\/\/outilstice.com\/2021\/09\/outils-pour-constituer-groupes-en-classe\/\" target=\"_blank\">crear grupos en clase<\/a>. Introduzca una lista de nombres, el n\u00famero de grupos que desea, el n\u00famero de estudiantes por grupo y, a continuaci\u00f3n, la pantalla Aula muestra el resultado.<\/p>\n<h2><span class=\"ez-toc-section\" id=\"Une_version_pro_enrichie_pour_des_cours_a_distance_ou_des_fonctions_avancees\"><\/span>Una versi\u00f3n pro enriquecida para aprendizaje a distancia o funciones avanzadas<span class=\"ez-toc-section-end\"><\/span><\/h2>\n<p><strong>ClassroomScreen es completamente gratuito, puedes usarlo sin tener que registrarte.<\/strong> El profesor que cre\u00f3 la herramienta, sin embargo, ofrece una versi\u00f3n pro que proporciona algunas opciones adicionales. Tambi\u00e9n es una oportunidad para apoyar concretamente su formidable trabajo y las inversiones necesarias en la gesti\u00f3n t\u00e9cnica diaria.<\/p>\n<p>Puede utilizar todas las funciones de ClassroomScreen para una clase remota gracias a una integraci\u00f3n con las principales herramientas de videoconferencia. Tambi\u00e9n podr\u00e1 emitir votos o encuestas de forma remota. La versi\u00f3n Pro tambi\u00e9n le permite guardar sus fondos de pantalla con sus im\u00e1genes personalizadas. Incluso puede crear colecciones de fondos de pantalla para diferentes usos. \u00datil, por ejemplo, para preparar una secuencia por adelantado. Este plan profesional cuesta alrededor de \u20ac 30 por a\u00f1o.<\/p>\n<blockquote><p><strong>ClassroomScreen es incre\u00edblemente f\u00e1cil de usar con un proyector desde el navegador de su computadora. \u00a1A tus estudiantes les encantar\u00e1!\u00a0<\/strong><\/p><\/blockquote>\n<p>Hay otras herramientas que ofrecen un fondo de pantalla para la clase, como el m\u00f3dulo <a href=\"https:\/\/outilstice.com\/2021\/04\/la-digitale-outils-numeriques-responsables-enseignants\/\" target=\"_blank\">Digiscreen propuesto por La Digitale<\/a>. Ninguno, sin embargo, puede igualar <a href=\"https:\/\/classroomscreen.com\/\" target=\"_blank\"><strong>Pantalla del aula<\/strong><\/a>.<\/p>","protected":false},"excerpt":{"rendered":"<p>ClassroomScreen es un servicio dise\u00f1ado y creado por un profesor para ser utilizado como fondo de pantalla en su proyector en el aula. Un fondo de pantalla enriquecido con varios m\u00f3dulos o widgets que pueden ser...<\/p>","protected":false},"author":1,"featured_media":9486,"comment_status":"open","ping_status":"open","sticky":false,"template":"","format":"standard","meta":{"content-type":"","_lmt_disableupdate":"no","_lmt_disable":"no","footnotes":""},"categories":[3],"tags":[29],"yoast_head":"<!-- This site is optimized with the Yoast SEO Premium plugin v20.4 (Yoast SEO v23.4) - https:\/\/yoast.com\/wordpress\/plugins\/seo\/ -->\n<title>ClassroomScreen. Un super fond d\u2019\u00e9cran pour la classe &#8211; Les Outils Tice<\/title>\n<meta name=\"description\" content=\"ClassroomScreen Un formidable fond d&#039;\u00e9cran pour la classe imagin\u00e9 par un enseignant. Un outil qui regorge d&#039;utilitaires pour animer votre enseignement.\" \/>\n<meta name=\"robots\" content=\"index, follow, max-snippet:-1, max-image-preview:large, max-video-preview:-1\" \/>\n<link rel=\"canonical\" href=\"https:\/\/outilstice.com\/es\/2021\/09\/classroomscreen-fond-decran-pour-la-classe\/\" \/>\n<meta property=\"og:locale\" content=\"es_ES\" \/>\n<meta property=\"og:type\" content=\"article\" \/>\n<meta property=\"og:title\" content=\"ClassroomScreen. Un fond d\u2019\u00e9cran pour la classe\" \/>\n<meta property=\"og:description\" content=\"ClassroomScreen est un service imagin\u00e9 et cr\u00e9e par un enseignant pour \u00eatre utilis\u00e9 comme fond d\u2019\u00e9cran sur votre vid\u00e9oprojecteur dans la classe. Un fond\" \/>\n<meta property=\"og:url\" content=\"https:\/\/outilstice.com\/es\/2021\/09\/classroomscreen-fond-decran-pour-la-classe\/\" \/>\n<meta property=\"og:site_name\" content=\"Les Outils Tice\" \/>\n<meta property=\"article:publisher\" content=\"https:\/\/www.facebook.com\/lesoutilsweb\" \/>\n<meta property=\"article:author\" content=\"https:\/\/www.facebook.com\/lesoutilsweb\" \/>\n<meta property=\"article:published_time\" content=\"2021-09-17T05:54:55+00:00\" \/>\n<meta property=\"og:image\" content=\"https:\/\/outilstice.com\/wp-content\/uploads\/2021\/09\/classroomscreen_fondecran.jpg\" \/>\n\t<meta property=\"og:image:width\" content=\"1177\" \/>\n\t<meta property=\"og:image:height\" content=\"655\" \/>\n\t<meta property=\"og:image:type\" content=\"image\/jpeg\" \/>\n<meta name=\"author\" content=\"Fidel Navamuel\" \/>\n<meta name=\"twitter:card\" content=\"summary_large_image\" \/>\n<meta name=\"twitter:creator\" content=\"@outilstice\" \/>\n<meta name=\"twitter:site\" content=\"@outilstice\" \/>\n<meta name=\"twitter:label1\" content=\"Escrito por\" \/>\n\t<meta name=\"twitter:data1\" content=\"Fidel Navamuel\" \/>\n\t<meta name=\"twitter:label2\" content=\"Tiempo de lectura\" \/>\n\t<meta name=\"twitter:data2\" content=\"4 minutos\" \/>\n<script type=\"application\/ld+json\" class=\"yoast-schema-graph\">{\"@context\":\"https:\/\/schema.org\",\"@graph\":[{\"@type\":[\"Article\",\"BlogPosting\"],\"@id\":\"https:\/\/outilstice.com\/2021\/09\/classroomscreen-fond-decran-pour-la-classe\/#article\",\"isPartOf\":{\"@id\":\"https:\/\/outilstice.com\/2021\/09\/classroomscreen-fond-decran-pour-la-classe\/\"},\"author\":{\"name\":\"Fidel Navamuel\",\"@id\":\"https:\/\/outilstice.com\/#\/schema\/person\/ec4809142ef009f96b5af2c906a48cd0\"},\"headline\":\"ClassroomScreen. Un fond d\u2019\u00e9cran pour la classe\",\"datePublished\":\"2021-09-17T05:54:55+00:00\",\"dateModified\":\"2021-09-17T05:54:55+00:00\",\"mainEntityOfPage\":{\"@id\":\"https:\/\/outilstice.com\/2021\/09\/classroomscreen-fond-decran-pour-la-classe\/\"},\"wordCount\":842,\"commentCount\":4,\"publisher\":{\"@id\":\"https:\/\/outilstice.com\/#\/schema\/person\/ec4809142ef009f96b5af2c906a48cd0\"},\"image\":{\"@id\":\"https:\/\/outilstice.com\/2021\/09\/classroomscreen-fond-decran-pour-la-classe\/#primaryimage\"},\"thumbnailUrl\":\"https:\/\/outilstice.com\/wp-content\/uploads\/2021\/09\/classroomscreen_fondecran.jpg\",\"keywords\":[\"Pratique\"],\"articleSection\":[\"Utilitaires\"],\"inLanguage\":\"es\",\"potentialAction\":[{\"@type\":\"CommentAction\",\"name\":\"Comment\",\"target\":[\"https:\/\/outilstice.com\/2021\/09\/classroomscreen-fond-decran-pour-la-classe\/#respond\"]}]},{\"@type\":\"WebPage\",\"@id\":\"https:\/\/outilstice.com\/2021\/09\/classroomscreen-fond-decran-pour-la-classe\/\",\"url\":\"https:\/\/outilstice.com\/2021\/09\/classroomscreen-fond-decran-pour-la-classe\/\",\"name\":\"ClassroomScreen. Un super fond d\u2019\u00e9cran pour la classe &#8211; Les Outils Tice\",\"isPartOf\":{\"@id\":\"https:\/\/outilstice.com\/#website\"},\"primaryImageOfPage\":{\"@id\":\"https:\/\/outilstice.com\/2021\/09\/classroomscreen-fond-decran-pour-la-classe\/#primaryimage\"},\"image\":{\"@id\":\"https:\/\/outilstice.com\/2021\/09\/classroomscreen-fond-decran-pour-la-classe\/#primaryimage\"},\"thumbnailUrl\":\"https:\/\/outilstice.com\/wp-content\/uploads\/2021\/09\/classroomscreen_fondecran.jpg\",\"datePublished\":\"2021-09-17T05:54:55+00:00\",\"dateModified\":\"2021-09-17T05:54:55+00:00\",\"description\":\"ClassroomScreen Un formidable fond d'\u00e9cran pour la classe imagin\u00e9 par un enseignant. Un outil qui regorge d'utilitaires pour animer votre enseignement.\",\"breadcrumb\":{\"@id\":\"https:\/\/outilstice.com\/2021\/09\/classroomscreen-fond-decran-pour-la-classe\/#breadcrumb\"},\"inLanguage\":\"es\",\"potentialAction\":[{\"@type\":\"ReadAction\",\"target\":[\"https:\/\/outilstice.com\/2021\/09\/classroomscreen-fond-decran-pour-la-classe\/\"]}]},{\"@type\":\"ImageObject\",\"inLanguage\":\"es\",\"@id\":\"https:\/\/outilstice.com\/2021\/09\/classroomscreen-fond-decran-pour-la-classe\/#primaryimage\",\"url\":\"https:\/\/outilstice.com\/wp-content\/uploads\/2021\/09\/classroomscreen_fondecran.jpg\",\"contentUrl\":\"https:\/\/outilstice.com\/wp-content\/uploads\/2021\/09\/classroomscreen_fondecran.jpg\",\"width\":1177,\"height\":655,\"caption\":\"fond d'\u00e9cran classe\"},{\"@type\":\"BreadcrumbList\",\"@id\":\"https:\/\/outilstice.com\/2021\/09\/classroomscreen-fond-decran-pour-la-classe\/#breadcrumb\",\"itemListElement\":[{\"@type\":\"ListItem\",\"position\":1,\"name\":\"Accueil\",\"item\":\"https:\/\/outilstice.com\/\"},{\"@type\":\"ListItem\",\"position\":2,\"name\":\"Utilitaires\",\"item\":\"https:\/\/outilstice.com\/utilitaires\/\"},{\"@type\":\"ListItem\",\"position\":3,\"name\":\"ClassroomScreen. Un fond d\u2019\u00e9cran pour la classe\"}]},{\"@type\":\"WebSite\",\"@id\":\"https:\/\/outilstice.com\/#website\",\"url\":\"https:\/\/outilstice.com\/\",\"name\":\"Les Outils Tice\",\"description\":\"L&#039;actualit\u00e9 des outils num\u00e9riques pour l&#039;\u00e9ducation\",\"publisher\":{\"@id\":\"https:\/\/outilstice.com\/#\/schema\/person\/ec4809142ef009f96b5af2c906a48cd0\"},\"potentialAction\":[{\"@type\":\"SearchAction\",\"target\":{\"@type\":\"EntryPoint\",\"urlTemplate\":\"https:\/\/outilstice.com\/?s={search_term_string}\"},\"query-input\":{\"@type\":\"PropertyValueSpecification\",\"valueRequired\":true,\"valueName\":\"search_term_string\"}}],\"inLanguage\":\"es\"},{\"@type\":[\"Person\",\"Organization\"],\"@id\":\"https:\/\/outilstice.com\/#\/schema\/person\/ec4809142ef009f96b5af2c906a48cd0\",\"name\":\"Fidel Navamuel\",\"image\":{\"@type\":\"ImageObject\",\"inLanguage\":\"es\",\"@id\":\"https:\/\/outilstice.com\/#\/schema\/person\/image\/\",\"url\":\"https:\/\/outilstice.com\/wp-content\/uploads\/2014\/11\/fidel.jpg\",\"contentUrl\":\"https:\/\/outilstice.com\/wp-content\/uploads\/2014\/11\/fidel.jpg\",\"width\":570,\"height\":428,\"caption\":\"Fidel Navamuel\"},\"logo\":{\"@id\":\"https:\/\/outilstice.com\/#\/schema\/person\/image\/\"},\"description\":\"Journaliste et responsable des sites \\\"Les Outils du Web\\\". Le r\u00e9seau \\\"Les Outils du Web\\\"regroupe sept sites d'information en ligne autour des nouvelles technologies, de la veille, des outils collaboratifs, des tice, de l'ia et du Web2. Responsable du d\u00e9veloppement de l'\u00e9cole des m\u00e9tiers de l'information \u00e0 Paris. Coop\u00e9rative de formation, l'\u00e9mi est reconnue pour ses formations qui accompagnent la mutation num\u00e9rique au c\u0153ur des m\u00e9tiers et des organisations.\",\"sameAs\":[\"https:\/\/outilstice.com\",\"https:\/\/www.facebook.com\/lesoutilsweb\",\"https:\/\/www.instagram.com\/outilstice\/\",\"http:\/\/fr.linkedin.com\/in\/navamuel\/\",\"http:\/\/www.pinterest.com\/fideln\/\",\"https:\/\/x.com\/outilstice\"],\"gender\":\"homme\",\"jobTitle\":\"Journaliste\"}]}<\/script>\n<!-- \/ Yoast SEO Premium plugin. -->","yoast_head_json":{"title":"ClassroomScreen. Un super fond d\u2019\u00e9cran pour la classe &#8211; Les Outils Tice","description":"ClassroomScreen Un formidable fond d'\u00e9cran pour la classe imagin\u00e9 par un enseignant. Un outil qui regorge d'utilitaires pour animer votre enseignement.","robots":{"index":"index","follow":"follow","max-snippet":"max-snippet:-1","max-image-preview":"max-image-preview:large","max-video-preview":"max-video-preview:-1"},"canonical":"https:\/\/outilstice.com\/es\/2021\/09\/classroomscreen-fond-decran-pour-la-classe\/","og_locale":"es_ES","og_type":"article","og_title":"ClassroomScreen. Un fond d\u2019\u00e9cran pour la classe","og_description":"ClassroomScreen est un service imagin\u00e9 et cr\u00e9e par un enseignant pour \u00eatre utilis\u00e9 comme fond d\u2019\u00e9cran sur votre vid\u00e9oprojecteur dans la classe. Un fond","og_url":"https:\/\/outilstice.com\/es\/2021\/09\/classroomscreen-fond-decran-pour-la-classe\/","og_site_name":"Les Outils Tice","article_publisher":"https:\/\/www.facebook.com\/lesoutilsweb","article_author":"https:\/\/www.facebook.com\/lesoutilsweb","article_published_time":"2021-09-17T05:54:55+00:00","og_image":[{"width":1177,"height":655,"url":"https:\/\/outilstice.com\/wp-content\/uploads\/2021\/09\/classroomscreen_fondecran.jpg","type":"image\/jpeg"}],"author":"Fidel Navamuel","twitter_card":"summary_large_image","twitter_creator":"@outilstice","twitter_site":"@outilstice","twitter_misc":{"Escrito por":"Fidel Navamuel","Tiempo de lectura":"4 minutos"},"schema":{"@context":"https:\/\/schema.org","@graph":[{"@type":["Article","BlogPosting"],"@id":"https:\/\/outilstice.com\/2021\/09\/classroomscreen-fond-decran-pour-la-classe\/#article","isPartOf":{"@id":"https:\/\/outilstice.com\/2021\/09\/classroomscreen-fond-decran-pour-la-classe\/"},"author":{"name":"Fidel Navamuel","@id":"https:\/\/outilstice.com\/#\/schema\/person\/ec4809142ef009f96b5af2c906a48cd0"},"headline":"ClassroomScreen. Un fond d\u2019\u00e9cran pour la classe","datePublished":"2021-09-17T05:54:55+00:00","dateModified":"2021-09-17T05:54:55+00:00","mainEntityOfPage":{"@id":"https:\/\/outilstice.com\/2021\/09\/classroomscreen-fond-decran-pour-la-classe\/"},"wordCount":842,"commentCount":4,"publisher":{"@id":"https:\/\/outilstice.com\/#\/schema\/person\/ec4809142ef009f96b5af2c906a48cd0"},"image":{"@id":"https:\/\/outilstice.com\/2021\/09\/classroomscreen-fond-decran-pour-la-classe\/#primaryimage"},"thumbnailUrl":"https:\/\/outilstice.com\/wp-content\/uploads\/2021\/09\/classroomscreen_fondecran.jpg","keywords":["Pratique"],"articleSection":["Utilitaires"],"inLanguage":"es","potentialAction":[{"@type":"CommentAction","name":"Comment","target":["https:\/\/outilstice.com\/2021\/09\/classroomscreen-fond-decran-pour-la-classe\/#respond"]}]},{"@type":"WebPage","@id":"https:\/\/outilstice.com\/2021\/09\/classroomscreen-fond-decran-pour-la-classe\/","url":"https:\/\/outilstice.com\/2021\/09\/classroomscreen-fond-decran-pour-la-classe\/","name":"ClassroomScreen. Un super fond d\u2019\u00e9cran pour la classe &#8211; Les Outils Tice","isPartOf":{"@id":"https:\/\/outilstice.com\/#website"},"primaryImageOfPage":{"@id":"https:\/\/outilstice.com\/2021\/09\/classroomscreen-fond-decran-pour-la-classe\/#primaryimage"},"image":{"@id":"https:\/\/outilstice.com\/2021\/09\/classroomscreen-fond-decran-pour-la-classe\/#primaryimage"},"thumbnailUrl":"https:\/\/outilstice.com\/wp-content\/uploads\/2021\/09\/classroomscreen_fondecran.jpg","datePublished":"2021-09-17T05:54:55+00:00","dateModified":"2021-09-17T05:54:55+00:00","description":"ClassroomScreen Un formidable fond d'\u00e9cran pour la classe imagin\u00e9 par un enseignant. Un outil qui regorge d'utilitaires pour animer votre enseignement.","breadcrumb":{"@id":"https:\/\/outilstice.com\/2021\/09\/classroomscreen-fond-decran-pour-la-classe\/#breadcrumb"},"inLanguage":"es","potentialAction":[{"@type":"ReadAction","target":["https:\/\/outilstice.com\/2021\/09\/classroomscreen-fond-decran-pour-la-classe\/"]}]},{"@type":"ImageObject","inLanguage":"es","@id":"https:\/\/outilstice.com\/2021\/09\/classroomscreen-fond-decran-pour-la-classe\/#primaryimage","url":"https:\/\/outilstice.com\/wp-content\/uploads\/2021\/09\/classroomscreen_fondecran.jpg","contentUrl":"https:\/\/outilstice.com\/wp-content\/uploads\/2021\/09\/classroomscreen_fondecran.jpg","width":1177,"height":655,"caption":"fond d'\u00e9cran classe"},{"@type":"BreadcrumbList","@id":"https:\/\/outilstice.com\/2021\/09\/classroomscreen-fond-decran-pour-la-classe\/#breadcrumb","itemListElement":[{"@type":"ListItem","position":1,"name":"Accueil","item":"https:\/\/outilstice.com\/"},{"@type":"ListItem","position":2,"name":"Utilitaires","item":"https:\/\/outilstice.com\/utilitaires\/"},{"@type":"ListItem","position":3,"name":"ClassroomScreen. Un fond d\u2019\u00e9cran pour la classe"}]},{"@type":"WebSite","@id":"https:\/\/outilstice.com\/#website","url":"https:\/\/outilstice.com\/","name":"Les Outils Tice","description":"L&#039;actualit\u00e9 des outils num\u00e9riques pour l&#039;\u00e9ducation","publisher":{"@id":"https:\/\/outilstice.com\/#\/schema\/person\/ec4809142ef009f96b5af2c906a48cd0"},"potentialAction":[{"@type":"SearchAction","target":{"@type":"EntryPoint","urlTemplate":"https:\/\/outilstice.com\/?s={search_term_string}"},"query-input":{"@type":"PropertyValueSpecification","valueRequired":true,"valueName":"search_term_string"}}],"inLanguage":"es"},{"@type":["Person","Organization"],"@id":"https:\/\/outilstice.com\/#\/schema\/person\/ec4809142ef009f96b5af2c906a48cd0","name":"Fidel Navamuel","image":{"@type":"ImageObject","inLanguage":"es","@id":"https:\/\/outilstice.com\/#\/schema\/person\/image\/","url":"https:\/\/outilstice.com\/wp-content\/uploads\/2014\/11\/fidel.jpg","contentUrl":"https:\/\/outilstice.com\/wp-content\/uploads\/2014\/11\/fidel.jpg","width":570,"height":428,"caption":"Fidel Navamuel"},"logo":{"@id":"https:\/\/outilstice.com\/#\/schema\/person\/image\/"},"description":"Journaliste et responsable des sites \"Les Outils du Web\". Le r\u00e9seau \"Les Outils du Web\"regroupe sept sites d'information en ligne autour des nouvelles technologies, de la veille, des outils collaboratifs, des tice, de l'ia et du Web2. Responsable du d\u00e9veloppement de l'\u00e9cole des m\u00e9tiers de l'information \u00e0 Paris. Coop\u00e9rative de formation, l'\u00e9mi est reconnue pour ses formations qui accompagnent la mutation num\u00e9rique au c\u0153ur des m\u00e9tiers et des organisations.","sameAs":["https:\/\/outilstice.com","https:\/\/www.facebook.com\/lesoutilsweb","https:\/\/www.instagram.com\/outilstice\/","http:\/\/fr.linkedin.com\/in\/navamuel\/","http:\/\/www.pinterest.com\/fideln\/","https:\/\/x.com\/outilstice"],"gender":"homme","jobTitle":"Journaliste"}]}},"modified_by":"Fidel Navamuel","_links":{"self":[{"href":"https:\/\/outilstice.com\/es\/wp-json\/wp\/v2\/posts\/9483"}],"collection":[{"href":"https:\/\/outilstice.com\/es\/wp-json\/wp\/v2\/posts"}],"about":[{"href":"https:\/\/outilstice.com\/es\/wp-json\/wp\/v2\/types\/post"}],"author":[{"embeddable":true,"href":"https:\/\/outilstice.com\/es\/wp-json\/wp\/v2\/users\/1"}],"replies":[{"embeddable":true,"href":"https:\/\/outilstice.com\/es\/wp-json\/wp\/v2\/comments?post=9483"}],"version-history":[{"count":0,"href":"https:\/\/outilstice.com\/es\/wp-json\/wp\/v2\/posts\/9483\/revisions"}],"wp:featuredmedia":[{"embeddable":true,"href":"https:\/\/outilstice.com\/es\/wp-json\/wp\/v2\/media\/9486"}],"wp:attachment":[{"href":"https:\/\/outilstice.com\/es\/wp-json\/wp\/v2\/media?parent=9483"}],"wp:term":[{"taxonomy":"category","embeddable":true,"href":"https:\/\/outilstice.com\/es\/wp-json\/wp\/v2\/categories?post=9483"},{"taxonomy":"post_tag","embeddable":true,"href":"https:\/\/outilstice.com\/es\/wp-json\/wp\/v2\/tags?post=9483"}],"curies":[{"name":"wp","href":"https:\/\/api.w.org\/{rel}","templated":true}]}}